{"id":14470,"date":"2021-02-10T21:13:05","date_gmt":"2021-02-10T20:13:05","guid":{"rendered":"https:\/\/activacostablanca.com\/non-classifiee\/y-ahora-el-turno-de-subir-al-alto-del-gobernador-desde-la-playa-de-albir\/"},"modified":"2021-02-21T00:06:14","modified_gmt":"2021-02-20T23:06:14","slug":"y-ahora-el-turno-de-subir-al-alto-del-gobernador-desde-la-playa-de-albir","status":"publish","type":"post","link":"https:\/\/activacostablanca.com\/fr\/non-classifiee\/y-ahora-el-turno-de-subir-al-alto-del-gobernador-desde-la-playa-de-albir\/","title":{"rendered":"ET IL \u00c9TAIT MAINTENANT TEMPS DE MONTER \u00c0 L&rsquo;ALTO DEL GOBERNADOR DEPUIS LA PLAGE D&rsquo;ALBIR."},"content":{"rendered":"<p>La journ\u00e9e \u00e9tait propice \u00e0 une bonne marche et comme j&rsquo;avais d\u00e9j\u00e0 fait le trajet jusqu&rsquo;au phare d&rsquo;Albir, j&rsquo;ai d\u00e9cid\u00e9 cette fois-ci de prendre un itin\u00e9raire plus actif et plus mouvement\u00e9&#8230; La route vers l&rsquo;Alto del Gobernador. PARC NATIONAL DE LA SIERRA HELADA<\/p>\n<p><img loading=\"lazy\" decoding=\"async\" class=\"aligncenter wp-image-14342 size-large\" src=\"https:\/\/activacostablanca.com\/wp-content\/uploads\/2021\/02\/IMG_20210207_162221-01-1024x1024.jpeg\" alt=\"\" width=\"1024\" height=\"1024\" srcset=\"https:\/\/activacostablanca.com\/wp-content\/uploads\/2021\/02\/IMG_20210207_162221-01-1024x1024.jpeg 1024w, https:\/\/activacostablanca.com\/wp-content\/uploads\/2021\/02\/IMG_20210207_162221-01-150x150.jpeg 150w, https:\/\/activacostablanca.com\/wp-content\/uploads\/2021\/02\/IMG_20210207_162221-01-300x300.jpeg 300w\" sizes=\"auto, (max-width: 1024px) 100vw, 1024px\" \/><\/p>\n<p><img loading=\"lazy\" decoding=\"async\" class=\"aligncenter wp-image-14334 size-large\" src=\"https:\/\/activacostablanca.com\/wp-content\/uploads\/2021\/02\/IMG_20210207_141939__02-1024x1024.jpg\" alt=\"\" width=\"1024\" height=\"1024\" srcset=\"https:\/\/activacostablanca.com\/wp-content\/uploads\/2021\/02\/IMG_20210207_141939__02-1024x1024.jpg 1024w, https:\/\/activacostablanca.com\/wp-content\/uploads\/2021\/02\/IMG_20210207_141939__02-150x150.jpg 150w, https:\/\/activacostablanca.com\/wp-content\/uploads\/2021\/02\/IMG_20210207_141939__02-300x300.jpg 300w\" sizes=\"auto, (max-width: 1024px) 100vw, 1024px\" \/><\/p>\n<p><img loading=\"lazy\" decoding=\"async\" class=\"aligncenter wp-image-14338 size-large\" src=\"https:\/\/activacostablanca.com\/wp-content\/uploads\/2021\/02\/IMG_20210207_142539-01-1024x1024.jpeg\" alt=\"\" width=\"1024\" height=\"1024\" srcset=\"https:\/\/activacostablanca.com\/wp-content\/uploads\/2021\/02\/IMG_20210207_142539-01-1024x1024.jpeg 1024w, https:\/\/activacostablanca.com\/wp-content\/uploads\/2021\/02\/IMG_20210207_142539-01-150x150.jpeg 150w, https:\/\/activacostablanca.com\/wp-content\/uploads\/2021\/02\/IMG_20210207_142539-01-300x300.jpeg 300w\" sizes=\"auto, (max-width: 1024px) 100vw, 1024px\" \/><\/p>\n<p>Un parcours un peu plus court par rapport au phare, mais avec beaucoup plus de pente et la hauteur que vous atteignez, vous pouvez clairement voir les villes de CALPE, ALTEA, ALFAS DEL PI, LA NUCIA, BENIDORM (comme je vous le montre dans la vid\u00e9o).<\/p>\n<div style=\"width: 1344px;\" class=\"wp-video\"><!--[if lt IE 9]><script>document.createElement('video');<\/script><![endif]-->\n<video class=\"wp-video-shortcode\" id=\"video-14470-1\" width=\"1344\" height=\"756\" preload=\"metadata\" controls=\"controls\"><source type=\"video\/mp4\" src=\"https:\/\/activacostablanca.com\/wp-content\/uploads\/2021\/02\/VID_20210207_144350-1.mp4?_=1\" \/><a href=\"https:\/\/activacostablanca.com\/wp-content\/uploads\/2021\/02\/VID_20210207_144350-1.mp4\">https:\/\/activacostablanca.com\/wp-content\/uploads\/2021\/02\/VID_20210207_144350-1.mp4<\/a><\/video><\/div>\n<p>C&rsquo;est un itin\u00e9raire mod\u00e9r\u00e9 mais sans risques, je l&rsquo;aime personnellement \u00e0 cause de la pente constante. Pr\u00e9parez-vous \u00e0 une ascension de 2,1 km sur un chemin caillouteux, qui prend environ 2 heures (aller-retour). En r\u00e9compense, vous serez r\u00e9compens\u00e9 par des vues spectaculaires qui valent bien tous les efforts. Mais ne vous inqui\u00e9tez pas, \u00e0 peu pr\u00e8s \u00e0 mi-chemin, vous aurez une courte pause (chemin plat entre les pins), qui vous aidera \u00e0 vous ressourcer et \u00e0 atteindre votre objectif.<\/p>\n<p><img loading=\"lazy\" decoding=\"async\" class=\"aligncenter wp-image-14330 size-large\" src=\"https:\/\/activacostablanca.com\/wp-content\/uploads\/2021\/02\/IMG_20210207_144145-1024x1024.jpg\" alt=\"\" width=\"1024\" height=\"1024\" srcset=\"https:\/\/activacostablanca.com\/wp-content\/uploads\/2021\/02\/IMG_20210207_144145-1024x1024.jpg 1024w, https:\/\/activacostablanca.com\/wp-content\/uploads\/2021\/02\/IMG_20210207_144145-150x150.jpg 150w, https:\/\/activacostablanca.com\/wp-content\/uploads\/2021\/02\/IMG_20210207_144145-300x300.jpg 300w\" sizes=\"auto, (max-width: 1024px) 100vw, 1024px\" \/><\/p>\n<p><img loading=\"lazy\" decoding=\"async\" class=\"alignright wp-image-14445 size-large\" src=\"https:\/\/activacostablanca.com\/wp-content\/uploads\/2021\/02\/IMG_20210207_145254__01-1024x1024.jpg\" alt=\"\" width=\"1024\" height=\"1024\" srcset=\"https:\/\/activacostablanca.com\/wp-content\/uploads\/2021\/02\/IMG_20210207_145254__01-1024x1024.jpg 1024w, https:\/\/activacostablanca.com\/wp-content\/uploads\/2021\/02\/IMG_20210207_145254__01-150x150.jpg 150w, https:\/\/activacostablanca.com\/wp-content\/uploads\/2021\/02\/IMG_20210207_145254__01-300x300.jpg 300w\" sizes=\"auto, (max-width: 1024px) 100vw, 1024px\" \/><\/p>\n<p>&nbsp;<\/p>\n<p>&nbsp;<\/p>\n<p>&nbsp;<\/p>\n<p>Vous atteindrez les antennes de t\u00e9l\u00e9communication qui sont le point culminant de la randonn\u00e9e (430 m) et l&rsquo;endroit parfait pour prendre de belles photos. Et s&rsquo;il vous reste encore de l&rsquo;\u00e9nergie et que vous en voulez encore, vous pouvez prendre la route de la Cruz de Benidorm, au bord de la Sierra Helada, avec ses falaises vertigineuses.<\/p>\n<p><img loading=\"lazy\" decoding=\"async\" class=\"aligncenter wp-image-14318 size-large\" src=\"https:\/\/activacostablanca.com\/wp-content\/uploads\/2021\/02\/IMG_20210207_151705-1024x1024.jpg\" alt=\"\" width=\"1024\" height=\"1024\" srcset=\"https:\/\/activacostablanca.com\/wp-content\/uploads\/2021\/02\/IMG_20210207_151705-1024x1024.jpg 1024w, https:\/\/activacostablanca.com\/wp-content\/uploads\/2021\/02\/IMG_20210207_151705-150x150.jpg 150w, https:\/\/activacostablanca.com\/wp-content\/uploads\/2021\/02\/IMG_20210207_151705-300x300.jpg 300w\" sizes=\"auto, (max-width: 1024px) 100vw, 1024px\" \/><\/p>\n<p><img loading=\"lazy\" decoding=\"async\" class=\"alignright wp-image-14449 size-large\" src=\"https:\/\/activacostablanca.com\/wp-content\/uploads\/2021\/02\/IMG_20210207_151844__01-1024x1024.jpg\" alt=\"\" width=\"1024\" height=\"1024\" srcset=\"https:\/\/activacostablanca.com\/wp-content\/uploads\/2021\/02\/IMG_20210207_151844__01-1024x1024.jpg 1024w, https:\/\/activacostablanca.com\/wp-content\/uploads\/2021\/02\/IMG_20210207_151844__01-150x150.jpg 150w, https:\/\/activacostablanca.com\/wp-content\/uploads\/2021\/02\/IMG_20210207_151844__01-300x300.jpg 300w\" sizes=\"auto, (max-width: 1024px) 100vw, 1024px\" \/><\/p>\n<p><img loading=\"lazy\" decoding=\"async\" class=\"aligncenter wp-image-14382 size-large\" src=\"https:\/\/activacostablanca.com\/wp-content\/uploads\/2021\/02\/albir-1024x1024.jpg\" alt=\"\" width=\"1024\" height=\"1024\" srcset=\"https:\/\/activacostablanca.com\/wp-content\/uploads\/2021\/02\/albir-1024x1024.jpg 1024w, https:\/\/activacostablanca.com\/wp-content\/uploads\/2021\/02\/albir-150x150.jpg 150w, https:\/\/activacostablanca.com\/wp-content\/uploads\/2021\/02\/albir-300x300.jpg 300w\" sizes=\"auto, (max-width: 1024px) 100vw, 1024px\" \/><\/p>\n","protected":false},"excerpt":{"rendered":"<p>La journ\u00e9e \u00e9tait propice \u00e0 une bonne marche et comme j&rsquo;avais d\u00e9j\u00e0 fait le trajet jusqu&rsquo;au phare d&rsquo;Albir, j&rsquo;ai d\u00e9cid\u00e9 cette fois-ci de prendre un itin\u00e9raire plus actif et plus mouvement\u00e9&#8230; La route vers l&rsquo;Alto del Gobernador. PARC NATIONAL DE LA SIERRA HELADA Un parcours un peu plus court par rapport au phare, mais avec [&hellip;]<\/p>\n","protected":false},"author":2,"featured_media":14304,"comment_status":"open","ping_status":"open","sticky":false,"template":"","format":"standard","meta":{"_exactmetrics_skip_tracking":false,"_exactmetrics_sitenote_active":false,"_exactmetrics_sitenote_note":"","_exactmetrics_sitenote_category":0,"footnotes":""},"categories":[3918,3217],"tags":[3919,3832,3920,3833,3834,3921,3922,3924,3923],"class_list":["post-14470","post","type-post","status-publish","format-standard","has-post-thumbnail","hentry","category-deporteshiking-mountain-walkingsenderismo-fr","category-non-classifiee","tag-alfas-del-pi-fr","tag-altea-2-fr","tag-alto-del-gobernador-fr","tag-benidorm-fr","tag-calpe-fr","tag-la-cruz-de-benidorm-fr","tag-la-nucia-fr","tag-parc-national-de-la-sierra-helada","tag-parque-nacional-de-la-sierra-helada-fr"],"yoast_head":"<!-- This site is optimized with the Yoast SEO plugin v25.0 - https:\/\/yoast.com\/wordpress\/plugins\/seo\/ -->\n<title>ET IL \u00c9TAIT MAINTENANT TEMPS DE MONTER \u00c0 L&#039;ALTO DEL GOBERNADOR DEPUIS LA PLAGE D&#039;ALBIR. - Activa Costa Blanca<\/title>\n<meta name=\"robots\" content=\"index, follow, max-snippet:-1, max-image-preview:large, max-video-preview:-1\" \/>\n<link rel=\"canonical\" href=\"https:\/\/activacostablanca.com\/fr\/non-classifiee\/y-ahora-el-turno-de-subir-al-alto-del-gobernador-desde-la-playa-de-albir\/\" \/>\n<meta property=\"og:locale\" content=\"fr_FR\" \/>\n<meta property=\"og:type\" content=\"article\" \/>\n<meta property=\"og:title\" content=\"ET IL \u00c9TAIT MAINTENANT TEMPS DE MONTER \u00c0 L&#039;ALTO DEL GOBERNADOR DEPUIS LA PLAGE D&#039;ALBIR. - Activa Costa Blanca\" \/>\n<meta property=\"og:description\" content=\"La journ\u00e9e \u00e9tait propice \u00e0 une bonne marche et comme j&rsquo;avais d\u00e9j\u00e0 fait le trajet jusqu&rsquo;au phare d&rsquo;Albir, j&rsquo;ai d\u00e9cid\u00e9 cette fois-ci de prendre un itin\u00e9raire plus actif et plus mouvement\u00e9&#8230; La route vers l&rsquo;Alto del Gobernador. PARC NATIONAL DE LA SIERRA HELADA Un parcours un peu plus court par rapport au phare, mais avec [&hellip;]\" \/>\n<meta property=\"og:url\" content=\"https:\/\/activacostablanca.com\/fr\/non-classifiee\/y-ahora-el-turno-de-subir-al-alto-del-gobernador-desde-la-playa-de-albir\/\" \/>\n<meta property=\"og:site_name\" content=\"Activa Costa Blanca\" \/>\n<meta property=\"article:published_time\" content=\"2021-02-10T20:13:05+00:00\" \/>\n<meta property=\"article:modified_time\" content=\"2021-02-20T23:06:14+00:00\" \/>\n<meta property=\"og:image\" content=\"https:\/\/activacostablanca.com\/wp-content\/uploads\/2021\/02\/IMG_20210207_153214-01.jpeg\" \/>\n\t<meta property=\"og:image:width\" content=\"4608\" \/>\n\t<meta property=\"og:image:height\" content=\"3456\" \/>\n\t<meta property=\"og:image:type\" content=\"image\/jpeg\" \/>\n<meta name=\"author\" content=\"Activa Costablanca\" \/>\n<meta name=\"twitter:card\" content=\"summary_large_image\" \/>\n<meta name=\"twitter:label1\" content=\"\u00c9crit par\" \/>\n\t<meta name=\"twitter:data1\" content=\"Activa Costablanca\" \/>\n\t<meta name=\"twitter:label2\" content=\"Dur\u00e9e de lecture estim\u00e9e\" \/>\n\t<meta name=\"twitter:data2\" content=\"1 minute\" \/>\n<script type=\"application\/ld+json\" class=\"yoast-schema-graph\">{\"@context\":\"https:\/\/schema.org\",\"@graph\":[{\"@type\":\"Article\",\"@id\":\"https:\/\/activacostablanca.com\/fr\/non-classifiee\/y-ahora-el-turno-de-subir-al-alto-del-gobernador-desde-la-playa-de-albir\/#article\",\"isPartOf\":{\"@id\":\"https:\/\/activacostablanca.com\/fr\/non-classifiee\/y-ahora-el-turno-de-subir-al-alto-del-gobernador-desde-la-playa-de-albir\/\"},\"author\":{\"name\":\"Activa Costablanca\",\"@id\":\"https:\/\/activacostablanca.com\/#\/schema\/person\/d48fc026c61c0eb79e3b0ade7ab35e79\"},\"headline\":\"ET IL \u00c9TAIT MAINTENANT TEMPS DE MONTER \u00c0 L&rsquo;ALTO DEL GOBERNADOR DEPUIS LA PLAGE D&rsquo;ALBIR.\",\"datePublished\":\"2021-02-10T20:13:05+00:00\",\"dateModified\":\"2021-02-20T23:06:14+00:00\",\"mainEntityOfPage\":{\"@id\":\"https:\/\/activacostablanca.com\/fr\/non-classifiee\/y-ahora-el-turno-de-subir-al-alto-del-gobernador-desde-la-playa-de-albir\/\"},\"wordCount\":260,\"commentCount\":0,\"publisher\":{\"@id\":\"https:\/\/activacostablanca.com\/#organization\"},\"image\":{\"@id\":\"https:\/\/activacostablanca.com\/fr\/non-classifiee\/y-ahora-el-turno-de-subir-al-alto-del-gobernador-desde-la-playa-de-albir\/#primaryimage\"},\"thumbnailUrl\":\"https:\/\/activacostablanca.com\/wp-content\/uploads\/2021\/02\/IMG_20210207_153214-01.jpeg\",\"keywords\":[\"ALFAS DEL PI\",\"Altea\",\"ALTO DEL GOBERNADOR\",\"Benidorm\",\"Calpe\",\"la Cruz de Benidorm\",\"LA NUCIA\",\"PARC NATIONAL DE LA SIERRA HELADA\",\"PARQUE NACIONAL DE LA SIERRA HELADA\"],\"articleSection\":[\"Deportes|Hiking \/ Mountain walking|Senderismo\",\"Non classifi\u00e9(e)\"],\"inLanguage\":\"fr-FR\",\"potentialAction\":[{\"@type\":\"CommentAction\",\"name\":\"Comment\",\"target\":[\"https:\/\/activacostablanca.com\/fr\/non-classifiee\/y-ahora-el-turno-de-subir-al-alto-del-gobernador-desde-la-playa-de-albir\/#respond\"]}]},{\"@type\":\"WebPage\",\"@id\":\"https:\/\/activacostablanca.com\/fr\/non-classifiee\/y-ahora-el-turno-de-subir-al-alto-del-gobernador-desde-la-playa-de-albir\/\",\"url\":\"https:\/\/activacostablanca.com\/fr\/non-classifiee\/y-ahora-el-turno-de-subir-al-alto-del-gobernador-desde-la-playa-de-albir\/\",\"name\":\"ET IL \u00c9TAIT MAINTENANT TEMPS DE MONTER \u00c0 L'ALTO DEL GOBERNADOR DEPUIS LA PLAGE D'ALBIR. - Activa Costa Blanca\",\"isPartOf\":{\"@id\":\"https:\/\/activacostablanca.com\/#website\"},\"primaryImageOfPage\":{\"@id\":\"https:\/\/activacostablanca.com\/fr\/non-classifiee\/y-ahora-el-turno-de-subir-al-alto-del-gobernador-desde-la-playa-de-albir\/#primaryimage\"},\"image\":{\"@id\":\"https:\/\/activacostablanca.com\/fr\/non-classifiee\/y-ahora-el-turno-de-subir-al-alto-del-gobernador-desde-la-playa-de-albir\/#primaryimage\"},\"thumbnailUrl\":\"https:\/\/activacostablanca.com\/wp-content\/uploads\/2021\/02\/IMG_20210207_153214-01.jpeg\",\"datePublished\":\"2021-02-10T20:13:05+00:00\",\"dateModified\":\"2021-02-20T23:06:14+00:00\",\"breadcrumb\":{\"@id\":\"https:\/\/activacostablanca.com\/fr\/non-classifiee\/y-ahora-el-turno-de-subir-al-alto-del-gobernador-desde-la-playa-de-albir\/#breadcrumb\"},\"inLanguage\":\"fr-FR\",\"potentialAction\":[{\"@type\":\"ReadAction\",\"target\":[\"https:\/\/activacostablanca.com\/fr\/non-classifiee\/y-ahora-el-turno-de-subir-al-alto-del-gobernador-desde-la-playa-de-albir\/\"]}]},{\"@type\":\"ImageObject\",\"inLanguage\":\"fr-FR\",\"@id\":\"https:\/\/activacostablanca.com\/fr\/non-classifiee\/y-ahora-el-turno-de-subir-al-alto-del-gobernador-desde-la-playa-de-albir\/#primaryimage\",\"url\":\"https:\/\/activacostablanca.com\/wp-content\/uploads\/2021\/02\/IMG_20210207_153214-01.jpeg\",\"contentUrl\":\"https:\/\/activacostablanca.com\/wp-content\/uploads\/2021\/02\/IMG_20210207_153214-01.jpeg\",\"width\":4608,\"height\":3456},{\"@type\":\"BreadcrumbList\",\"@id\":\"https:\/\/activacostablanca.com\/fr\/non-classifiee\/y-ahora-el-turno-de-subir-al-alto-del-gobernador-desde-la-playa-de-albir\/#breadcrumb\",\"itemListElement\":[{\"@type\":\"ListItem\",\"position\":1,\"name\":\"Portada\",\"item\":\"https:\/\/activacostablanca.com\/fr\/\"},{\"@type\":\"ListItem\",\"position\":2,\"name\":\"ET IL \u00c9TAIT MAINTENANT TEMPS DE MONTER \u00c0 L&rsquo;ALTO DEL GOBERNADOR DEPUIS LA PLAGE D&rsquo;ALBIR.\"}]},{\"@type\":\"WebSite\",\"@id\":\"https:\/\/activacostablanca.com\/#website\",\"url\":\"https:\/\/activacostablanca.com\/\",\"name\":\"Activa Costa Blanca\",\"description\":\"Activit\u00e9s et excursions sur la Costa Blanca\",\"publisher\":{\"@id\":\"https:\/\/activacostablanca.com\/#organization\"},\"potentialAction\":[{\"@type\":\"SearchAction\",\"target\":{\"@type\":\"EntryPoint\",\"urlTemplate\":\"https:\/\/activacostablanca.com\/?s={search_term_string}\"},\"query-input\":{\"@type\":\"PropertyValueSpecification\",\"valueRequired\":true,\"valueName\":\"search_term_string\"}}],\"inLanguage\":\"fr-FR\"},{\"@type\":\"Organization\",\"@id\":\"https:\/\/activacostablanca.com\/#organization\",\"name\":\"Activa Costa Blanca\",\"url\":\"https:\/\/activacostablanca.com\/\",\"logo\":{\"@type\":\"ImageObject\",\"inLanguage\":\"fr-FR\",\"@id\":\"https:\/\/activacostablanca.com\/#\/schema\/logo\/image\/\",\"url\":\"https:\/\/activacostablanca.com\/wp-content\/uploads\/2019\/04\/weblogo.png\",\"contentUrl\":\"https:\/\/activacostablanca.com\/wp-content\/uploads\/2019\/04\/weblogo.png\",\"width\":177,\"height\":46,\"caption\":\"Activa Costa Blanca\"},\"image\":{\"@id\":\"https:\/\/activacostablanca.com\/#\/schema\/logo\/image\/\"}},{\"@type\":\"Person\",\"@id\":\"https:\/\/activacostablanca.com\/#\/schema\/person\/d48fc026c61c0eb79e3b0ade7ab35e79\",\"name\":\"Activa Costablanca\",\"image\":{\"@type\":\"ImageObject\",\"inLanguage\":\"fr-FR\",\"@id\":\"https:\/\/activacostablanca.com\/#\/schema\/person\/image\/\",\"url\":\"https:\/\/secure.gravatar.com\/avatar\/657de7470d8657c20722b4ee0e1d8f7106ae39ef32e2297fb70099296a80867a?s=96&d=mm&r=g\",\"contentUrl\":\"https:\/\/secure.gravatar.com\/avatar\/657de7470d8657c20722b4ee0e1d8f7106ae39ef32e2297fb70099296a80867a?s=96&d=mm&r=g\",\"caption\":\"Activa Costablanca\"}}]}<\/script>\n<!-- \/ Yoast SEO plugin. -->","yoast_head_json":{"title":"ET IL \u00c9TAIT MAINTENANT TEMPS DE MONTER \u00c0 L'ALTO DEL GOBERNADOR DEPUIS LA PLAGE D'ALBIR. - Activa Costa Blanca","robots":{"index":"index","follow":"follow","max-snippet":"max-snippet:-1","max-image-preview":"max-image-preview:large","max-video-preview":"max-video-preview:-1"},"canonical":"https:\/\/activacostablanca.com\/fr\/non-classifiee\/y-ahora-el-turno-de-subir-al-alto-del-gobernador-desde-la-playa-de-albir\/","og_locale":"fr_FR","og_type":"article","og_title":"ET IL \u00c9TAIT MAINTENANT TEMPS DE MONTER \u00c0 L'ALTO DEL GOBERNADOR DEPUIS LA PLAGE D'ALBIR. - Activa Costa Blanca","og_description":"La journ\u00e9e \u00e9tait propice \u00e0 une bonne marche et comme j&rsquo;avais d\u00e9j\u00e0 fait le trajet jusqu&rsquo;au phare d&rsquo;Albir, j&rsquo;ai d\u00e9cid\u00e9 cette fois-ci de prendre un itin\u00e9raire plus actif et plus mouvement\u00e9&#8230; La route vers l&rsquo;Alto del Gobernador. PARC NATIONAL DE LA SIERRA HELADA Un parcours un peu plus court par rapport au phare, mais avec [&hellip;]","og_url":"https:\/\/activacostablanca.com\/fr\/non-classifiee\/y-ahora-el-turno-de-subir-al-alto-del-gobernador-desde-la-playa-de-albir\/","og_site_name":"Activa Costa Blanca","article_published_time":"2021-02-10T20:13:05+00:00","article_modified_time":"2021-02-20T23:06:14+00:00","og_image":[{"width":4608,"height":3456,"url":"https:\/\/activacostablanca.com\/wp-content\/uploads\/2021\/02\/IMG_20210207_153214-01.jpeg","type":"image\/jpeg"}],"author":"Activa Costablanca","twitter_card":"summary_large_image","twitter_misc":{"\u00c9crit par":"Activa Costablanca","Dur\u00e9e de lecture estim\u00e9e":"1 minute"},"schema":{"@context":"https:\/\/schema.org","@graph":[{"@type":"Article","@id":"https:\/\/activacostablanca.com\/fr\/non-classifiee\/y-ahora-el-turno-de-subir-al-alto-del-gobernador-desde-la-playa-de-albir\/#article","isPartOf":{"@id":"https:\/\/activacostablanca.com\/fr\/non-classifiee\/y-ahora-el-turno-de-subir-al-alto-del-gobernador-desde-la-playa-de-albir\/"},"author":{"name":"Activa Costablanca","@id":"https:\/\/activacostablanca.com\/#\/schema\/person\/d48fc026c61c0eb79e3b0ade7ab35e79"},"headline":"ET IL \u00c9TAIT MAINTENANT TEMPS DE MONTER \u00c0 L&rsquo;ALTO DEL GOBERNADOR DEPUIS LA PLAGE D&rsquo;ALBIR.","datePublished":"2021-02-10T20:13:05+00:00","dateModified":"2021-02-20T23:06:14+00:00","mainEntityOfPage":{"@id":"https:\/\/activacostablanca.com\/fr\/non-classifiee\/y-ahora-el-turno-de-subir-al-alto-del-gobernador-desde-la-playa-de-albir\/"},"wordCount":260,"commentCount":0,"publisher":{"@id":"https:\/\/activacostablanca.com\/#organization"},"image":{"@id":"https:\/\/activacostablanca.com\/fr\/non-classifiee\/y-ahora-el-turno-de-subir-al-alto-del-gobernador-desde-la-playa-de-albir\/#primaryimage"},"thumbnailUrl":"https:\/\/activacostablanca.com\/wp-content\/uploads\/2021\/02\/IMG_20210207_153214-01.jpeg","keywords":["ALFAS DEL PI","Altea","ALTO DEL GOBERNADOR","Benidorm","Calpe","la Cruz de Benidorm","LA NUCIA","PARC NATIONAL DE LA SIERRA HELADA","PARQUE NACIONAL DE LA SIERRA HELADA"],"articleSection":["Deportes|Hiking \/ Mountain walking|Senderismo","Non classifi\u00e9(e)"],"inLanguage":"fr-FR","potentialAction":[{"@type":"CommentAction","name":"Comment","target":["https:\/\/activacostablanca.com\/fr\/non-classifiee\/y-ahora-el-turno-de-subir-al-alto-del-gobernador-desde-la-playa-de-albir\/#respond"]}]},{"@type":"WebPage","@id":"https:\/\/activacostablanca.com\/fr\/non-classifiee\/y-ahora-el-turno-de-subir-al-alto-del-gobernador-desde-la-playa-de-albir\/","url":"https:\/\/activacostablanca.com\/fr\/non-classifiee\/y-ahora-el-turno-de-subir-al-alto-del-gobernador-desde-la-playa-de-albir\/","name":"ET IL \u00c9TAIT MAINTENANT TEMPS DE MONTER \u00c0 L'ALTO DEL GOBERNADOR DEPUIS LA PLAGE D'ALBIR. - Activa Costa Blanca","isPartOf":{"@id":"https:\/\/activacostablanca.com\/#website"},"primaryImageOfPage":{"@id":"https:\/\/activacostablanca.com\/fr\/non-classifiee\/y-ahora-el-turno-de-subir-al-alto-del-gobernador-desde-la-playa-de-albir\/#primaryimage"},"image":{"@id":"https:\/\/activacostablanca.com\/fr\/non-classifiee\/y-ahora-el-turno-de-subir-al-alto-del-gobernador-desde-la-playa-de-albir\/#primaryimage"},"thumbnailUrl":"https:\/\/activacostablanca.com\/wp-content\/uploads\/2021\/02\/IMG_20210207_153214-01.jpeg","datePublished":"2021-02-10T20:13:05+00:00","dateModified":"2021-02-20T23:06:14+00:00","breadcrumb":{"@id":"https:\/\/activacostablanca.com\/fr\/non-classifiee\/y-ahora-el-turno-de-subir-al-alto-del-gobernador-desde-la-playa-de-albir\/#breadcrumb"},"inLanguage":"fr-FR","potentialAction":[{"@type":"ReadAction","target":["https:\/\/activacostablanca.com\/fr\/non-classifiee\/y-ahora-el-turno-de-subir-al-alto-del-gobernador-desde-la-playa-de-albir\/"]}]},{"@type":"ImageObject","inLanguage":"fr-FR","@id":"https:\/\/activacostablanca.com\/fr\/non-classifiee\/y-ahora-el-turno-de-subir-al-alto-del-gobernador-desde-la-playa-de-albir\/#primaryimage","url":"https:\/\/activacostablanca.com\/wp-content\/uploads\/2021\/02\/IMG_20210207_153214-01.jpeg","contentUrl":"https:\/\/activacostablanca.com\/wp-content\/uploads\/2021\/02\/IMG_20210207_153214-01.jpeg","width":4608,"height":3456},{"@type":"BreadcrumbList","@id":"https:\/\/activacostablanca.com\/fr\/non-classifiee\/y-ahora-el-turno-de-subir-al-alto-del-gobernador-desde-la-playa-de-albir\/#breadcrumb","itemListElement":[{"@type":"ListItem","position":1,"name":"Portada","item":"https:\/\/activacostablanca.com\/fr\/"},{"@type":"ListItem","position":2,"name":"ET IL \u00c9TAIT MAINTENANT TEMPS DE MONTER \u00c0 L&rsquo;ALTO DEL GOBERNADOR DEPUIS LA PLAGE D&rsquo;ALBIR."}]},{"@type":"WebSite","@id":"https:\/\/activacostablanca.com\/#website","url":"https:\/\/activacostablanca.com\/","name":"Activa Costa Blanca","description":"Activit\u00e9s et excursions sur la Costa Blanca","publisher":{"@id":"https:\/\/activacostablanca.com\/#organization"},"potentialAction":[{"@type":"SearchAction","target":{"@type":"EntryPoint","urlTemplate":"https:\/\/activacostablanca.com\/?s={search_term_string}"},"query-input":{"@type":"PropertyValueSpecification","valueRequired":true,"valueName":"search_term_string"}}],"inLanguage":"fr-FR"},{"@type":"Organization","@id":"https:\/\/activacostablanca.com\/#organization","name":"Activa Costa Blanca","url":"https:\/\/activacostablanca.com\/","logo":{"@type":"ImageObject","inLanguage":"fr-FR","@id":"https:\/\/activacostablanca.com\/#\/schema\/logo\/image\/","url":"https:\/\/activacostablanca.com\/wp-content\/uploads\/2019\/04\/weblogo.png","contentUrl":"https:\/\/activacostablanca.com\/wp-content\/uploads\/2019\/04\/weblogo.png","width":177,"height":46,"caption":"Activa Costa Blanca"},"image":{"@id":"https:\/\/activacostablanca.com\/#\/schema\/logo\/image\/"}},{"@type":"Person","@id":"https:\/\/activacostablanca.com\/#\/schema\/person\/d48fc026c61c0eb79e3b0ade7ab35e79","name":"Activa Costablanca","image":{"@type":"ImageObject","inLanguage":"fr-FR","@id":"https:\/\/activacostablanca.com\/#\/schema\/person\/image\/","url":"https:\/\/secure.gravatar.com\/avatar\/657de7470d8657c20722b4ee0e1d8f7106ae39ef32e2297fb70099296a80867a?s=96&d=mm&r=g","contentUrl":"https:\/\/secure.gravatar.com\/avatar\/657de7470d8657c20722b4ee0e1d8f7106ae39ef32e2297fb70099296a80867a?s=96&d=mm&r=g","caption":"Activa Costablanca"}}]}},"_links":{"self":[{"href":"https:\/\/activacostablanca.com\/fr\/wp-json\/wp\/v2\/posts\/14470","targetHints":{"allow":["GET"]}}],"collection":[{"href":"https:\/\/activacostablanca.com\/fr\/wp-json\/wp\/v2\/posts"}],"about":[{"href":"https:\/\/activacostablanca.com\/fr\/wp-json\/wp\/v2\/types\/post"}],"author":[{"embeddable":true,"href":"https:\/\/activacostablanca.com\/fr\/wp-json\/wp\/v2\/users\/2"}],"replies":[{"embeddable":true,"href":"https:\/\/activacostablanca.com\/fr\/wp-json\/wp\/v2\/comments?post=14470"}],"version-history":[{"count":2,"href":"https:\/\/activacostablanca.com\/fr\/wp-json\/wp\/v2\/posts\/14470\/revisions"}],"predecessor-version":[{"id":14474,"href":"https:\/\/activacostablanca.com\/fr\/wp-json\/wp\/v2\/posts\/14470\/revisions\/14474"}],"wp:featuredmedia":[{"embeddable":true,"href":"https:\/\/activacostablanca.com\/fr\/wp-json\/wp\/v2\/media\/14304"}],"wp:attachment":[{"href":"https:\/\/activacostablanca.com\/fr\/wp-json\/wp\/v2\/media?parent=14470"}],"wp:term":[{"taxonomy":"category","embeddable":true,"href":"https:\/\/activacostablanca.com\/fr\/wp-json\/wp\/v2\/categories?post=14470"},{"taxonomy":"post_tag","embeddable":true,"href":"https:\/\/activacostablanca.com\/fr\/wp-json\/wp\/v2\/tags?post=14470"}],"curies":[{"name":"wp","href":"https:\/\/api.w.org\/{rel}","templated":true}]}}