{"id":14272,"date":"2021-01-31T20:48:55","date_gmt":"2021-01-31T19:48:55","guid":{"rendered":"https:\/\/activacostablanca.com\/non-classifiee\/la-circular-cumbre-del-sol-cala-y-castell-de-granadella\/"},"modified":"2021-02-02T00:26:23","modified_gmt":"2021-02-01T23:26:23","slug":"la-circular-cumbre-del-sol-cala-y-castell-de-granadella","status":"publish","type":"post","link":"https:\/\/activacostablanca.com\/fr\/non-classifiee\/la-circular-cumbre-del-sol-cala-y-castell-de-granadella\/","title":{"rendered":"L&rsquo;ITIN\u00c9RAIRE CIRCULAIRE : CUMBRE DEL SOL, COVE ET CASTELL DE GRANADELLA"},"content":{"rendered":"<p>Tout a commenc\u00e9 au centre \u00e9questre de Cumbre del Sol. Nous avons quitt\u00e9 la voiture et suivi un chemin assez facile sans trop d&rsquo;excitation, mais cela a chang\u00e9 en un kilom\u00e8tre environ lorsque ce beau paysage que je partage ci-dessous est apparu. Un moment passionnant et qui, au fur et \u00e0 mesure, vous ravira par la beaut\u00e9 des paysages et des photos dont vous vous souviendrez.<\/p>\n<p><img loading=\"lazy\" decoding=\"async\" class=\"size-medium wp-image-14239 aligncenter\" src=\"https:\/\/activacostablanca.com\/wp-content\/uploads\/2021\/01\/IMG_20210124_143206__01__01__01__01__01__01-1-300x300.jpg\" alt=\"\" width=\"300\" height=\"300\" srcset=\"https:\/\/activacostablanca.com\/wp-content\/uploads\/2021\/01\/IMG_20210124_143206__01__01__01__01__01__01-1-300x300.jpg 300w, https:\/\/activacostablanca.com\/wp-content\/uploads\/2021\/01\/IMG_20210124_143206__01__01__01__01__01__01-1-150x150.jpg 150w, https:\/\/activacostablanca.com\/wp-content\/uploads\/2021\/01\/IMG_20210124_143206__01__01__01__01__01__01-1-1024x1024.jpg 1024w\" sizes=\"auto, (max-width: 300px) 100vw, 300px\" \/><\/p>\n<p><img loading=\"lazy\" decoding=\"async\" class=\"size-medium wp-image-14144 aligncenter\" src=\"https:\/\/activacostablanca.com\/wp-content\/uploads\/2021\/01\/IMG_20210124_143206__01__03-300x300.jpg\" alt=\"\" width=\"300\" height=\"300\" srcset=\"https:\/\/activacostablanca.com\/wp-content\/uploads\/2021\/01\/IMG_20210124_143206__01__03-300x300.jpg 300w, https:\/\/activacostablanca.com\/wp-content\/uploads\/2021\/01\/IMG_20210124_143206__01__03-150x150.jpg 150w, https:\/\/activacostablanca.com\/wp-content\/uploads\/2021\/01\/IMG_20210124_143206__01__03-1024x1024.jpg 1024w\" sizes=\"auto, (max-width: 300px) 100vw, 300px\" \/><\/p>\n<p>Apr\u00e8s environ une heure de marche entre des sentiers avec ses hauts et ses bas mais de difficult\u00e9 minimale, nous avons trouv\u00e9 la Cala Granadella. Une crique qui est nomin\u00e9e comme l&rsquo;une des meilleures d&rsquo;Espagne avec le drapeau bleu. Ses eaux turquoises et son environnement paisible (depuis quelques ann\u00e9es, il est interdit de garer les voitures dans cette zone pour pr\u00e9server les valeurs environnementales) font de cette crique un endroit fascinant.<\/p>\n<p>&nbsp;<\/p>\n<p><img loading=\"lazy\" decoding=\"async\" class=\"size-medium wp-image-14168 aligncenter\" src=\"https:\/\/activacostablanca.com\/wp-content\/uploads\/2021\/01\/IMG_20210124_122239__01-300x300.jpg\" alt=\"\" width=\"300\" height=\"300\" srcset=\"https:\/\/activacostablanca.com\/wp-content\/uploads\/2021\/01\/IMG_20210124_122239__01-300x300.jpg 300w, https:\/\/activacostablanca.com\/wp-content\/uploads\/2021\/01\/IMG_20210124_122239__01-150x150.jpg 150w, https:\/\/activacostablanca.com\/wp-content\/uploads\/2021\/01\/IMG_20210124_122239__01-1024x1024.jpg 1024w, https:\/\/activacostablanca.com\/wp-content\/uploads\/2021\/01\/IMG_20210124_122239__01-266x266.jpg 266w\" sizes=\"auto, (max-width: 300px) 100vw, 300px\" \/><\/p>\n<p><img loading=\"lazy\" decoding=\"async\" class=\"size-medium wp-image-14235 aligncenter\" src=\"https:\/\/activacostablanca.com\/wp-content\/uploads\/2021\/01\/IMG_20210124_125632-300x300.jpg\" alt=\"\" width=\"300\" height=\"300\" srcset=\"https:\/\/activacostablanca.com\/wp-content\/uploads\/2021\/01\/IMG_20210124_125632-300x300.jpg 300w, https:\/\/activacostablanca.com\/wp-content\/uploads\/2021\/01\/IMG_20210124_125632-150x150.jpg 150w, https:\/\/activacostablanca.com\/wp-content\/uploads\/2021\/01\/IMG_20210124_125632-1024x1024.jpg 1024w, https:\/\/activacostablanca.com\/wp-content\/uploads\/2021\/01\/IMG_20210124_125632-266x266.jpg 266w, https:\/\/activacostablanca.com\/wp-content\/uploads\/2021\/01\/IMG_20210124_125632-100x100.jpg 100w\" sizes=\"auto, (max-width: 300px) 100vw, 300px\" \/><\/p>\n<p>Nous remontons une piste asphalt\u00e9Apr\u00e8s une courte pause pour reprendre des forces, nous commen\u00e7ons notre ascension vers le Castell de Granadella.<\/p>\n<p>e et suivons les panneaux blancs et jaunes qui nous guident au carrefour, qui nous m\u00e8neront au chemin.<\/p>\n<p><img loading=\"lazy\" decoding=\"async\" class=\"size-medium wp-image-14176 aligncenter\" src=\"https:\/\/activacostablanca.com\/wp-content\/uploads\/2021\/01\/IMG_20210124_123646-01-1-300x300.jpg\" alt=\"\" width=\"300\" height=\"300\" srcset=\"https:\/\/activacostablanca.com\/wp-content\/uploads\/2021\/01\/IMG_20210124_123646-01-1-300x300.jpg 300w, https:\/\/activacostablanca.com\/wp-content\/uploads\/2021\/01\/IMG_20210124_123646-01-1-150x150.jpg 150w, https:\/\/activacostablanca.com\/wp-content\/uploads\/2021\/01\/IMG_20210124_123646-01-1-1024x1024.jpg 1024w\" sizes=\"auto, (max-width: 300px) 100vw, 300px\" \/><\/p>\n<p>&nbsp;<\/p>\n<p>Une grande partie du parcours se d\u00e9roule pr\u00e8s de la mer (bords de falaises), avec de belles vues. Vous trouverez des marches, des rampes et des cha\u00eenes qui vous aideront dans les endroits les plus compliqu\u00e9s, mais tout cela en vaut la peine pour les vues \u00e0 couper le souffle que vous aurez.<\/p>\n<p><img loading=\"lazy\" decoding=\"async\" class=\"size-medium wp-image-14196 aligncenter\" src=\"https:\/\/activacostablanca.com\/wp-content\/uploads\/2021\/01\/IMG_20210124_123638__01-300x300.jpg\" alt=\"\" width=\"300\" height=\"300\" srcset=\"https:\/\/activacostablanca.com\/wp-content\/uploads\/2021\/01\/IMG_20210124_123638__01-300x300.jpg 300w, https:\/\/activacostablanca.com\/wp-content\/uploads\/2021\/01\/IMG_20210124_123638__01-150x150.jpg 150w, https:\/\/activacostablanca.com\/wp-content\/uploads\/2021\/01\/IMG_20210124_123638__01-1024x1024.jpg 1024w\" sizes=\"auto, (max-width: 300px) 100vw, 300px\" \/><img loading=\"lazy\" decoding=\"async\" class=\"size-medium wp-image-14184 aligncenter\" src=\"https:\/\/activacostablanca.com\/wp-content\/uploads\/2021\/01\/IMG-20210124-WA0052__01-300x300.jpg\" alt=\"\" width=\"300\" height=\"300\" srcset=\"https:\/\/activacostablanca.com\/wp-content\/uploads\/2021\/01\/IMG-20210124-WA0052__01-300x300.jpg 300w, https:\/\/activacostablanca.com\/wp-content\/uploads\/2021\/01\/IMG-20210124-WA0052__01-150x150.jpg 150w, https:\/\/activacostablanca.com\/wp-content\/uploads\/2021\/01\/IMG-20210124-WA0052__01-1024x1024.jpg 1024w\" sizes=\"auto, (max-width: 300px) 100vw, 300px\" \/><\/p>\n<p>&nbsp;<\/p>\n<p>Et apr\u00e8s ces vues qui vous font sentir si bien, appara\u00eet le Castell de Granadella, une ancienne fortification en forme de fer \u00e0 cheval construite au XVIIIe si\u00e8cle<\/p>\n<p><img loading=\"lazy\" decoding=\"async\" class=\"size-medium wp-image-14201 aligncenter\" src=\"https:\/\/activacostablanca.com\/wp-content\/uploads\/2021\/01\/IMG_20210124_125007__01__01__01-300x300.jpg\" alt=\"\" width=\"300\" height=\"300\" srcset=\"https:\/\/activacostablanca.com\/wp-content\/uploads\/2021\/01\/IMG_20210124_125007__01__01__01-300x300.jpg 300w, https:\/\/activacostablanca.com\/wp-content\/uploads\/2021\/01\/IMG_20210124_125007__01__01__01-150x150.jpg 150w, https:\/\/activacostablanca.com\/wp-content\/uploads\/2021\/01\/IMG_20210124_125007__01__01__01-1024x1024.jpg 1024w\" sizes=\"auto, (max-width: 300px) 100vw, 300px\" \/><\/p>\n<p>&nbsp;<\/p>\n<p><img loading=\"lazy\" decoding=\"async\" class=\"size-medium wp-image-14209 aligncenter\" src=\"https:\/\/activacostablanca.com\/wp-content\/uploads\/2021\/01\/IMG-20210124-WA0054__01-300x300.jpg\" alt=\"\" width=\"300\" height=\"300\" srcset=\"https:\/\/activacostablanca.com\/wp-content\/uploads\/2021\/01\/IMG-20210124-WA0054__01-300x300.jpg 300w, https:\/\/activacostablanca.com\/wp-content\/uploads\/2021\/01\/IMG-20210124-WA0054__01-150x150.jpg 150w, https:\/\/activacostablanca.com\/wp-content\/uploads\/2021\/01\/IMG-20210124-WA0054__01-1024x1024.jpg 1024w\" sizes=\"auto, (max-width: 300px) 100vw, 300px\" \/><\/p>\n<p>&nbsp;<\/p>\n<p>Apr\u00e8s avoir laiss\u00e9 le ch\u00e2teau derri\u00e8re nous, nous nous retrouverons avec la vue de quelques falaises impressionnantes qui valent bien la peine d&rsquo;\u00eatre suivies pendant ce voyage.<\/p>\n<p>&nbsp;<\/p>\n<p><img loading=\"lazy\" decoding=\"async\" class=\"size-medium wp-image-14213 aligncenter\" src=\"https:\/\/activacostablanca.com\/wp-content\/uploads\/2021\/01\/IMG_20210124_133530__01-300x300.jpg\" alt=\"\" width=\"300\" height=\"300\" srcset=\"https:\/\/activacostablanca.com\/wp-content\/uploads\/2021\/01\/IMG_20210124_133530__01-300x300.jpg 300w, https:\/\/activacostablanca.com\/wp-content\/uploads\/2021\/01\/IMG_20210124_133530__01-150x150.jpg 150w, https:\/\/activacostablanca.com\/wp-content\/uploads\/2021\/01\/IMG_20210124_133530__01-1024x1024.jpg 1024w\" sizes=\"auto, (max-width: 300px) 100vw, 300px\" \/><\/p>\n<p>&nbsp;<\/p>\n<p><img loading=\"lazy\" decoding=\"async\" class=\"size-medium wp-image-14260 aligncenter\" src=\"https:\/\/activacostablanca.com\/wp-content\/uploads\/2021\/01\/IMG_20210124_133351-2-e1612221612706-300x300.jpg\" alt=\"\" width=\"300\" height=\"300\" srcset=\"https:\/\/activacostablanca.com\/wp-content\/uploads\/2021\/01\/IMG_20210124_133351-2-e1612221612706-300x300.jpg 300w, https:\/\/activacostablanca.com\/wp-content\/uploads\/2021\/01\/IMG_20210124_133351-2-e1612221612706-150x150.jpg 150w, https:\/\/activacostablanca.com\/wp-content\/uploads\/2021\/01\/IMG_20210124_133351-2-e1612221612706-1024x1024.jpg 1024w\" sizes=\"auto, (max-width: 300px) 100vw, 300px\" \/><\/p>\n<p>&nbsp;<\/p>\n<p><img loading=\"lazy\" decoding=\"async\" class=\"size-medium wp-image-14221 aligncenter\" src=\"https:\/\/activacostablanca.com\/wp-content\/uploads\/2021\/01\/IMG-20210124-WA0061-01-1-300x300.jpg\" alt=\"\" width=\"300\" height=\"300\" srcset=\"https:\/\/activacostablanca.com\/wp-content\/uploads\/2021\/01\/IMG-20210124-WA0061-01-1-300x300.jpg 300w, https:\/\/activacostablanca.com\/wp-content\/uploads\/2021\/01\/IMG-20210124-WA0061-01-1-150x150.jpg 150w, https:\/\/activacostablanca.com\/wp-content\/uploads\/2021\/01\/IMG-20210124-WA0061-01-1-1024x1024.jpg 1024w\" sizes=\"auto, (max-width: 300px) 100vw, 300px\" \/><\/p>\n<p>&nbsp;<\/p>\n<p>Pr\u00e8s du Mirador de Levante, vous aurez une vue imprenable vers le sud. Vous pouvez voir la crique Cala Moraig de Benitachell jusqu&rsquo;au Cap Dor de Moraira.<\/p>\n","protected":false},"excerpt":{"rendered":"<p>Tout a commenc\u00e9 au centre \u00e9questre de Cumbre del Sol. Nous avons quitt\u00e9 la voiture et suivi un chemin assez facile sans trop d&rsquo;excitation, mais cela a chang\u00e9 en un kilom\u00e8tre environ lorsque ce beau paysage que je partage ci-dessous est apparu. Un moment passionnant et qui, au fur et \u00e0 mesure, vous ravira par [&hellip;]<\/p>\n","protected":false},"author":2,"featured_media":14237,"comment_status":"open","ping_status":"open","sticky":false,"template":"","format":"standard","meta":{"_exactmetrics_skip_tracking":false,"_exactmetrics_sitenote_active":false,"_exactmetrics_sitenote_note":"","_exactmetrics_sitenote_category":0,"footnotes":""},"categories":[3217,3638],"tags":[3874,3875,3876,3835],"class_list":["post-14272","post","type-post","status-publish","format-standard","has-post-thumbnail","hentry","category-non-classifiee","category-senderismo-fr","tag-cala-granadella-fr","tag-castell-de-granadella-fr","tag-cumbre-del-sol-fr","tag-javea-fr"],"yoast_head":"<!-- This site is optimized with the Yoast SEO plugin v25.0 - https:\/\/yoast.com\/wordpress\/plugins\/seo\/ -->\n<title>L&#039;ITIN\u00c9RAIRE CIRCULAIRE : CUMBRE DEL SOL, COVE ET CASTELL DE GRANADELLA - Activa Costa Blanca<\/title>\n<meta name=\"robots\" content=\"index, follow, max-snippet:-1, max-image-preview:large, max-video-preview:-1\" \/>\n<link rel=\"canonical\" href=\"https:\/\/activacostablanca.com\/fr\/non-classifiee\/la-circular-cumbre-del-sol-cala-y-castell-de-granadella\/\" \/>\n<meta property=\"og:locale\" content=\"fr_FR\" \/>\n<meta property=\"og:type\" content=\"article\" \/>\n<meta property=\"og:title\" content=\"L&#039;ITIN\u00c9RAIRE CIRCULAIRE : CUMBRE DEL SOL, COVE ET CASTELL DE GRANADELLA - Activa Costa Blanca\" \/>\n<meta property=\"og:description\" content=\"Tout a commenc\u00e9 au centre \u00e9questre de Cumbre del Sol. Nous avons quitt\u00e9 la voiture et suivi un chemin assez facile sans trop d&rsquo;excitation, mais cela a chang\u00e9 en un kilom\u00e8tre environ lorsque ce beau paysage que je partage ci-dessous est apparu. Un moment passionnant et qui, au fur et \u00e0 mesure, vous ravira par [&hellip;]\" \/>\n<meta property=\"og:url\" content=\"https:\/\/activacostablanca.com\/fr\/non-classifiee\/la-circular-cumbre-del-sol-cala-y-castell-de-granadella\/\" \/>\n<meta property=\"og:site_name\" content=\"Activa Costa Blanca\" \/>\n<meta property=\"article:published_time\" content=\"2021-01-31T19:48:55+00:00\" \/>\n<meta property=\"article:modified_time\" content=\"2021-02-01T23:26:23+00:00\" \/>\n<meta property=\"og:image\" content=\"https:\/\/activacostablanca.com\/wp-content\/uploads\/2021\/01\/IMG_20210124_125632.jpg\" \/>\n\t<meta property=\"og:image:width\" content=\"4608\" \/>\n\t<meta property=\"og:image:height\" content=\"2112\" \/>\n\t<meta property=\"og:image:type\" content=\"image\/jpeg\" \/>\n<meta name=\"author\" content=\"Activa Costablanca\" \/>\n<meta name=\"twitter:card\" content=\"summary_large_image\" \/>\n<meta name=\"twitter:label1\" content=\"\u00c9crit par\" \/>\n\t<meta name=\"twitter:data1\" content=\"Activa Costablanca\" \/>\n\t<meta name=\"twitter:label2\" content=\"Dur\u00e9e de lecture estim\u00e9e\" \/>\n\t<meta name=\"twitter:data2\" content=\"2 minutes\" \/>\n<script type=\"application\/ld+json\" class=\"yoast-schema-graph\">{\"@context\":\"https:\/\/schema.org\",\"@graph\":[{\"@type\":\"Article\",\"@id\":\"https:\/\/activacostablanca.com\/fr\/non-classifiee\/la-circular-cumbre-del-sol-cala-y-castell-de-granadella\/#article\",\"isPartOf\":{\"@id\":\"https:\/\/activacostablanca.com\/fr\/non-classifiee\/la-circular-cumbre-del-sol-cala-y-castell-de-granadella\/\"},\"author\":{\"name\":\"Activa Costablanca\",\"@id\":\"https:\/\/activacostablanca.com\/#\/schema\/person\/d48fc026c61c0eb79e3b0ade7ab35e79\"},\"headline\":\"L&rsquo;ITIN\u00c9RAIRE CIRCULAIRE : CUMBRE DEL SOL, COVE ET CASTELL DE GRANADELLA\",\"datePublished\":\"2021-01-31T19:48:55+00:00\",\"dateModified\":\"2021-02-01T23:26:23+00:00\",\"mainEntityOfPage\":{\"@id\":\"https:\/\/activacostablanca.com\/fr\/non-classifiee\/la-circular-cumbre-del-sol-cala-y-castell-de-granadella\/\"},\"wordCount\":349,\"commentCount\":0,\"publisher\":{\"@id\":\"https:\/\/activacostablanca.com\/#organization\"},\"image\":{\"@id\":\"https:\/\/activacostablanca.com\/fr\/non-classifiee\/la-circular-cumbre-del-sol-cala-y-castell-de-granadella\/#primaryimage\"},\"thumbnailUrl\":\"https:\/\/activacostablanca.com\/wp-content\/uploads\/2021\/01\/IMG_20210124_125632.jpg\",\"keywords\":[\"Cala Granadella\",\"Castell de Granadella\",\"Cumbre del sol\",\"J\u00e1vea\"],\"articleSection\":[\"Non classifi\u00e9(e)\",\"Senderismo\"],\"inLanguage\":\"fr-FR\",\"potentialAction\":[{\"@type\":\"CommentAction\",\"name\":\"Comment\",\"target\":[\"https:\/\/activacostablanca.com\/fr\/non-classifiee\/la-circular-cumbre-del-sol-cala-y-castell-de-granadella\/#respond\"]}]},{\"@type\":\"WebPage\",\"@id\":\"https:\/\/activacostablanca.com\/fr\/non-classifiee\/la-circular-cumbre-del-sol-cala-y-castell-de-granadella\/\",\"url\":\"https:\/\/activacostablanca.com\/fr\/non-classifiee\/la-circular-cumbre-del-sol-cala-y-castell-de-granadella\/\",\"name\":\"L'ITIN\u00c9RAIRE CIRCULAIRE : CUMBRE DEL SOL, COVE ET CASTELL DE GRANADELLA - Activa Costa Blanca\",\"isPartOf\":{\"@id\":\"https:\/\/activacostablanca.com\/#website\"},\"primaryImageOfPage\":{\"@id\":\"https:\/\/activacostablanca.com\/fr\/non-classifiee\/la-circular-cumbre-del-sol-cala-y-castell-de-granadella\/#primaryimage\"},\"image\":{\"@id\":\"https:\/\/activacostablanca.com\/fr\/non-classifiee\/la-circular-cumbre-del-sol-cala-y-castell-de-granadella\/#primaryimage\"},\"thumbnailUrl\":\"https:\/\/activacostablanca.com\/wp-content\/uploads\/2021\/01\/IMG_20210124_125632.jpg\",\"datePublished\":\"2021-01-31T19:48:55+00:00\",\"dateModified\":\"2021-02-01T23:26:23+00:00\",\"breadcrumb\":{\"@id\":\"https:\/\/activacostablanca.com\/fr\/non-classifiee\/la-circular-cumbre-del-sol-cala-y-castell-de-granadella\/#breadcrumb\"},\"inLanguage\":\"fr-FR\",\"potentialAction\":[{\"@type\":\"ReadAction\",\"target\":[\"https:\/\/activacostablanca.com\/fr\/non-classifiee\/la-circular-cumbre-del-sol-cala-y-castell-de-granadella\/\"]}]},{\"@type\":\"ImageObject\",\"inLanguage\":\"fr-FR\",\"@id\":\"https:\/\/activacostablanca.com\/fr\/non-classifiee\/la-circular-cumbre-del-sol-cala-y-castell-de-granadella\/#primaryimage\",\"url\":\"https:\/\/activacostablanca.com\/wp-content\/uploads\/2021\/01\/IMG_20210124_125632.jpg\",\"contentUrl\":\"https:\/\/activacostablanca.com\/wp-content\/uploads\/2021\/01\/IMG_20210124_125632.jpg\",\"width\":4608,\"height\":2112},{\"@type\":\"BreadcrumbList\",\"@id\":\"https:\/\/activacostablanca.com\/fr\/non-classifiee\/la-circular-cumbre-del-sol-cala-y-castell-de-granadella\/#breadcrumb\",\"itemListElement\":[{\"@type\":\"ListItem\",\"position\":1,\"name\":\"Portada\",\"item\":\"https:\/\/activacostablanca.com\/fr\/\"},{\"@type\":\"ListItem\",\"position\":2,\"name\":\"L&rsquo;ITIN\u00c9RAIRE CIRCULAIRE : CUMBRE DEL SOL, COVE ET CASTELL DE GRANADELLA\"}]},{\"@type\":\"WebSite\",\"@id\":\"https:\/\/activacostablanca.com\/#website\",\"url\":\"https:\/\/activacostablanca.com\/\",\"name\":\"Activa Costa Blanca\",\"description\":\"Activit\u00e9s et excursions sur la Costa Blanca\",\"publisher\":{\"@id\":\"https:\/\/activacostablanca.com\/#organization\"},\"potentialAction\":[{\"@type\":\"SearchAction\",\"target\":{\"@type\":\"EntryPoint\",\"urlTemplate\":\"https:\/\/activacostablanca.com\/?s={search_term_string}\"},\"query-input\":{\"@type\":\"PropertyValueSpecification\",\"valueRequired\":true,\"valueName\":\"search_term_string\"}}],\"inLanguage\":\"fr-FR\"},{\"@type\":\"Organization\",\"@id\":\"https:\/\/activacostablanca.com\/#organization\",\"name\":\"Activa Costa Blanca\",\"url\":\"https:\/\/activacostablanca.com\/\",\"logo\":{\"@type\":\"ImageObject\",\"inLanguage\":\"fr-FR\",\"@id\":\"https:\/\/activacostablanca.com\/#\/schema\/logo\/image\/\",\"url\":\"https:\/\/activacostablanca.com\/wp-content\/uploads\/2019\/04\/weblogo.png\",\"contentUrl\":\"https:\/\/activacostablanca.com\/wp-content\/uploads\/2019\/04\/weblogo.png\",\"width\":177,\"height\":46,\"caption\":\"Activa Costa Blanca\"},\"image\":{\"@id\":\"https:\/\/activacostablanca.com\/#\/schema\/logo\/image\/\"}},{\"@type\":\"Person\",\"@id\":\"https:\/\/activacostablanca.com\/#\/schema\/person\/d48fc026c61c0eb79e3b0ade7ab35e79\",\"name\":\"Activa Costablanca\",\"image\":{\"@type\":\"ImageObject\",\"inLanguage\":\"fr-FR\",\"@id\":\"https:\/\/activacostablanca.com\/#\/schema\/person\/image\/\",\"url\":\"https:\/\/secure.gravatar.com\/avatar\/657de7470d8657c20722b4ee0e1d8f7106ae39ef32e2297fb70099296a80867a?s=96&d=mm&r=g\",\"contentUrl\":\"https:\/\/secure.gravatar.com\/avatar\/657de7470d8657c20722b4ee0e1d8f7106ae39ef32e2297fb70099296a80867a?s=96&d=mm&r=g\",\"caption\":\"Activa Costablanca\"}}]}<\/script>\n<!-- \/ Yoast SEO plugin. -->","yoast_head_json":{"title":"L'ITIN\u00c9RAIRE CIRCULAIRE : CUMBRE DEL SOL, COVE ET CASTELL DE GRANADELLA - Activa Costa Blanca","robots":{"index":"index","follow":"follow","max-snippet":"max-snippet:-1","max-image-preview":"max-image-preview:large","max-video-preview":"max-video-preview:-1"},"canonical":"https:\/\/activacostablanca.com\/fr\/non-classifiee\/la-circular-cumbre-del-sol-cala-y-castell-de-granadella\/","og_locale":"fr_FR","og_type":"article","og_title":"L'ITIN\u00c9RAIRE CIRCULAIRE : CUMBRE DEL SOL, COVE ET CASTELL DE GRANADELLA - Activa Costa Blanca","og_description":"Tout a commenc\u00e9 au centre \u00e9questre de Cumbre del Sol. Nous avons quitt\u00e9 la voiture et suivi un chemin assez facile sans trop d&rsquo;excitation, mais cela a chang\u00e9 en un kilom\u00e8tre environ lorsque ce beau paysage que je partage ci-dessous est apparu. Un moment passionnant et qui, au fur et \u00e0 mesure, vous ravira par [&hellip;]","og_url":"https:\/\/activacostablanca.com\/fr\/non-classifiee\/la-circular-cumbre-del-sol-cala-y-castell-de-granadella\/","og_site_name":"Activa Costa Blanca","article_published_time":"2021-01-31T19:48:55+00:00","article_modified_time":"2021-02-01T23:26:23+00:00","og_image":[{"width":4608,"height":2112,"url":"https:\/\/activacostablanca.com\/wp-content\/uploads\/2021\/01\/IMG_20210124_125632.jpg","type":"image\/jpeg"}],"author":"Activa Costablanca","twitter_card":"summary_large_image","twitter_misc":{"\u00c9crit par":"Activa Costablanca","Dur\u00e9e de lecture estim\u00e9e":"2 minutes"},"schema":{"@context":"https:\/\/schema.org","@graph":[{"@type":"Article","@id":"https:\/\/activacostablanca.com\/fr\/non-classifiee\/la-circular-cumbre-del-sol-cala-y-castell-de-granadella\/#article","isPartOf":{"@id":"https:\/\/activacostablanca.com\/fr\/non-classifiee\/la-circular-cumbre-del-sol-cala-y-castell-de-granadella\/"},"author":{"name":"Activa Costablanca","@id":"https:\/\/activacostablanca.com\/#\/schema\/person\/d48fc026c61c0eb79e3b0ade7ab35e79"},"headline":"L&rsquo;ITIN\u00c9RAIRE CIRCULAIRE : CUMBRE DEL SOL, COVE ET CASTELL DE GRANADELLA","datePublished":"2021-01-31T19:48:55+00:00","dateModified":"2021-02-01T23:26:23+00:00","mainEntityOfPage":{"@id":"https:\/\/activacostablanca.com\/fr\/non-classifiee\/la-circular-cumbre-del-sol-cala-y-castell-de-granadella\/"},"wordCount":349,"commentCount":0,"publisher":{"@id":"https:\/\/activacostablanca.com\/#organization"},"image":{"@id":"https:\/\/activacostablanca.com\/fr\/non-classifiee\/la-circular-cumbre-del-sol-cala-y-castell-de-granadella\/#primaryimage"},"thumbnailUrl":"https:\/\/activacostablanca.com\/wp-content\/uploads\/2021\/01\/IMG_20210124_125632.jpg","keywords":["Cala Granadella","Castell de Granadella","Cumbre del sol","J\u00e1vea"],"articleSection":["Non classifi\u00e9(e)","Senderismo"],"inLanguage":"fr-FR","potentialAction":[{"@type":"CommentAction","name":"Comment","target":["https:\/\/activacostablanca.com\/fr\/non-classifiee\/la-circular-cumbre-del-sol-cala-y-castell-de-granadella\/#respond"]}]},{"@type":"WebPage","@id":"https:\/\/activacostablanca.com\/fr\/non-classifiee\/la-circular-cumbre-del-sol-cala-y-castell-de-granadella\/","url":"https:\/\/activacostablanca.com\/fr\/non-classifiee\/la-circular-cumbre-del-sol-cala-y-castell-de-granadella\/","name":"L'ITIN\u00c9RAIRE CIRCULAIRE : CUMBRE DEL SOL, COVE ET CASTELL DE GRANADELLA - Activa Costa Blanca","isPartOf":{"@id":"https:\/\/activacostablanca.com\/#website"},"primaryImageOfPage":{"@id":"https:\/\/activacostablanca.com\/fr\/non-classifiee\/la-circular-cumbre-del-sol-cala-y-castell-de-granadella\/#primaryimage"},"image":{"@id":"https:\/\/activacostablanca.com\/fr\/non-classifiee\/la-circular-cumbre-del-sol-cala-y-castell-de-granadella\/#primaryimage"},"thumbnailUrl":"https:\/\/activacostablanca.com\/wp-content\/uploads\/2021\/01\/IMG_20210124_125632.jpg","datePublished":"2021-01-31T19:48:55+00:00","dateModified":"2021-02-01T23:26:23+00:00","breadcrumb":{"@id":"https:\/\/activacostablanca.com\/fr\/non-classifiee\/la-circular-cumbre-del-sol-cala-y-castell-de-granadella\/#breadcrumb"},"inLanguage":"fr-FR","potentialAction":[{"@type":"ReadAction","target":["https:\/\/activacostablanca.com\/fr\/non-classifiee\/la-circular-cumbre-del-sol-cala-y-castell-de-granadella\/"]}]},{"@type":"ImageObject","inLanguage":"fr-FR","@id":"https:\/\/activacostablanca.com\/fr\/non-classifiee\/la-circular-cumbre-del-sol-cala-y-castell-de-granadella\/#primaryimage","url":"https:\/\/activacostablanca.com\/wp-content\/uploads\/2021\/01\/IMG_20210124_125632.jpg","contentUrl":"https:\/\/activacostablanca.com\/wp-content\/uploads\/2021\/01\/IMG_20210124_125632.jpg","width":4608,"height":2112},{"@type":"BreadcrumbList","@id":"https:\/\/activacostablanca.com\/fr\/non-classifiee\/la-circular-cumbre-del-sol-cala-y-castell-de-granadella\/#breadcrumb","itemListElement":[{"@type":"ListItem","position":1,"name":"Portada","item":"https:\/\/activacostablanca.com\/fr\/"},{"@type":"ListItem","position":2,"name":"L&rsquo;ITIN\u00c9RAIRE CIRCULAIRE : CUMBRE DEL SOL, COVE ET CASTELL DE GRANADELLA"}]},{"@type":"WebSite","@id":"https:\/\/activacostablanca.com\/#website","url":"https:\/\/activacostablanca.com\/","name":"Activa Costa Blanca","description":"Activit\u00e9s et excursions sur la Costa Blanca","publisher":{"@id":"https:\/\/activacostablanca.com\/#organization"},"potentialAction":[{"@type":"SearchAction","target":{"@type":"EntryPoint","urlTemplate":"https:\/\/activacostablanca.com\/?s={search_term_string}"},"query-input":{"@type":"PropertyValueSpecification","valueRequired":true,"valueName":"search_term_string"}}],"inLanguage":"fr-FR"},{"@type":"Organization","@id":"https:\/\/activacostablanca.com\/#organization","name":"Activa Costa Blanca","url":"https:\/\/activacostablanca.com\/","logo":{"@type":"ImageObject","inLanguage":"fr-FR","@id":"https:\/\/activacostablanca.com\/#\/schema\/logo\/image\/","url":"https:\/\/activacostablanca.com\/wp-content\/uploads\/2019\/04\/weblogo.png","contentUrl":"https:\/\/activacostablanca.com\/wp-content\/uploads\/2019\/04\/weblogo.png","width":177,"height":46,"caption":"Activa Costa Blanca"},"image":{"@id":"https:\/\/activacostablanca.com\/#\/schema\/logo\/image\/"}},{"@type":"Person","@id":"https:\/\/activacostablanca.com\/#\/schema\/person\/d48fc026c61c0eb79e3b0ade7ab35e79","name":"Activa Costablanca","image":{"@type":"ImageObject","inLanguage":"fr-FR","@id":"https:\/\/activacostablanca.com\/#\/schema\/person\/image\/","url":"https:\/\/secure.gravatar.com\/avatar\/657de7470d8657c20722b4ee0e1d8f7106ae39ef32e2297fb70099296a80867a?s=96&d=mm&r=g","contentUrl":"https:\/\/secure.gravatar.com\/avatar\/657de7470d8657c20722b4ee0e1d8f7106ae39ef32e2297fb70099296a80867a?s=96&d=mm&r=g","caption":"Activa Costablanca"}}]}},"_links":{"self":[{"href":"https:\/\/activacostablanca.com\/fr\/wp-json\/wp\/v2\/posts\/14272","targetHints":{"allow":["GET"]}}],"collection":[{"href":"https:\/\/activacostablanca.com\/fr\/wp-json\/wp\/v2\/posts"}],"about":[{"href":"https:\/\/activacostablanca.com\/fr\/wp-json\/wp\/v2\/types\/post"}],"author":[{"embeddable":true,"href":"https:\/\/activacostablanca.com\/fr\/wp-json\/wp\/v2\/users\/2"}],"replies":[{"embeddable":true,"href":"https:\/\/activacostablanca.com\/fr\/wp-json\/wp\/v2\/comments?post=14272"}],"version-history":[{"count":3,"href":"https:\/\/activacostablanca.com\/fr\/wp-json\/wp\/v2\/posts\/14272\/revisions"}],"predecessor-version":[{"id":14277,"href":"https:\/\/activacostablanca.com\/fr\/wp-json\/wp\/v2\/posts\/14272\/revisions\/14277"}],"wp:featuredmedia":[{"embeddable":true,"href":"https:\/\/activacostablanca.com\/fr\/wp-json\/wp\/v2\/media\/14237"}],"wp:attachment":[{"href":"https:\/\/activacostablanca.com\/fr\/wp-json\/wp\/v2\/media?parent=14272"}],"wp:term":[{"taxonomy":"category","embeddable":true,"href":"https:\/\/activacostablanca.com\/fr\/wp-json\/wp\/v2\/categories?post=14272"},{"taxonomy":"post_tag","embeddable":true,"href":"https:\/\/activacostablanca.com\/fr\/wp-json\/wp\/v2\/tags?post=14272"}],"curies":[{"name":"wp","href":"https:\/\/api.w.org\/{rel}","templated":true}]}}