{"id":13342,"date":"2020-03-08T18:18:16","date_gmt":"2020-03-08T17:18:16","guid":{"rendered":"https:\/\/activacostablanca.com\/non-classifiee\/xabia-al-plat-primavera-2020\/"},"modified":"2020-03-08T18:32:58","modified_gmt":"2020-03-08T17:32:58","slug":"xabia-al-plat-primavera-2020","status":"publish","type":"post","link":"https:\/\/activacostablanca.com\/fr\/non-classifiee\/xabia-al-plat-primavera-2020\/","title":{"rendered":"X\u00e0bia sur un plateau Printemps 2020"},"content":{"rendered":"<div class=\"derecha\"><\/div>\n<div class=\"contenido_editor\">\n<p>X\u00e0bia au Plat Printemps 2020<\/p>\n<p>Du 5 au 15 mars, les restaurants locaux nous offrent la meilleure cuisine de la marina, rassemblant toute l&rsquo;essence de la M\u00e9diterran\u00e9e.<\/p>\n<p>Les restaurants de Javea participant \u00e0 cet \u00e9v\u00e9nement d\u00e9j\u00e0 consolid\u00e9 proposeront une \u00ab\u00a0promenade gastronomique\u00a0\u00bb avec des menus inspir\u00e9s des fruits de la baie de X\u00e0bia, que nous pourrons d\u00e9guster du 5 au 15 mars dans chacun des restaurants.<\/p>\n<p>Traduit avec www.DeepL.com\/Translator (version gratuite)<\/p>\n<p><a class=\"archivo_editor\" href=\"http:\/\/www.xabia.org\/bd\/archivos\/archivo1172.pdf\">MEN\u00daS X\u00c0BIA AL PLAT PRIMAVERA 2020<\/a><\/p>\n<\/div>\n","protected":false},"excerpt":{"rendered":"<p>X\u00e0bia au Plat Printemps 2020 Du 5 au 15 mars, les restaurants locaux nous offrent la meilleure cuisine de la marina, rassemblant toute l&rsquo;essence de la M\u00e9diterran\u00e9e. Les restaurants de Javea participant \u00e0 cet \u00e9v\u00e9nement d\u00e9j\u00e0 consolid\u00e9 proposeront une \u00ab\u00a0promenade gastronomique\u00a0\u00bb avec des menus inspir\u00e9s des fruits de la baie de X\u00e0bia, que nous pourrons [&hellip;]<\/p>\n","protected":false},"author":2,"featured_media":13329,"comment_status":"open","ping_status":"open","sticky":false,"template":"","format":"standard","meta":{"_exactmetrics_skip_tracking":false,"_exactmetrics_sitenote_active":false,"_exactmetrics_sitenote_note":"","_exactmetrics_sitenote_category":0,"footnotes":""},"categories":[],"tags":[3615,3614],"class_list":["post-13342","post","type-post","status-publish","format-standard","has-post-thumbnail","hentry","tag-les-restaurants-de-javea","tag-xabia-sur-un-plateau-printemps-2020"],"yoast_head":"<!-- This site is optimized with the Yoast SEO plugin v25.0 - https:\/\/yoast.com\/wordpress\/plugins\/seo\/ -->\n<title>X\u00e0bia sur un plateau Printemps 2020 - Activa Costa Blanca<\/title>\n<meta name=\"description\" content=\"X\u00e0bia au Plat Printemps 2020 Du 5 au 15 mars, les restaurants locaux nous offrent la meilleure cuisine de la marina, rassemblant toute l&#039;essence de la M\u00e9diterran\u00e9e.Les restaurants de X\u00e0bia participant \u00e0 cet \u00e9v\u00e9nement d\u00e9j\u00e0 consolid\u00e9 proposeront une &quot;promenade gastronomique&quot; avec des menus inspir\u00e9s des fruits de la baie de X\u00e0bia, que nous pourrons d\u00e9guster du 5 au 15 mars dans chacun des restaurants.\" \/>\n<meta name=\"robots\" content=\"index, follow, max-snippet:-1, max-image-preview:large, max-video-preview:-1\" \/>\n<link rel=\"canonical\" href=\"https:\/\/activacostablanca.com\/fr\/eventos-fr\/xabia-al-plat-primavera-2020\/\" \/>\n<meta property=\"og:locale\" content=\"fr_FR\" \/>\n<meta property=\"og:type\" content=\"article\" \/>\n<meta property=\"og:title\" content=\"X\u00e0bia sur un plateau Printemps 2020 - Activa Costa Blanca\" \/>\n<meta property=\"og:description\" content=\"X\u00e0bia au Plat Printemps 2020 Du 5 au 15 mars, les restaurants locaux nous offrent la meilleure cuisine de la marina, rassemblant toute l&#039;essence de la M\u00e9diterran\u00e9e.Les restaurants de X\u00e0bia participant \u00e0 cet \u00e9v\u00e9nement d\u00e9j\u00e0 consolid\u00e9 proposeront une &quot;promenade gastronomique&quot; avec des menus inspir\u00e9s des fruits de la baie de X\u00e0bia, que nous pourrons d\u00e9guster du 5 au 15 mars dans chacun des restaurants.\" \/>\n<meta property=\"og:url\" content=\"https:\/\/activacostablanca.com\/fr\/eventos-fr\/xabia-al-plat-primavera-2020\/\" \/>\n<meta property=\"og:site_name\" content=\"Activa Costa Blanca\" \/>\n<meta property=\"article:published_time\" content=\"2020-03-08T17:18:16+00:00\" \/>\n<meta property=\"article:modified_time\" content=\"2020-03-08T17:32:58+00:00\" \/>\n<meta property=\"og:image\" content=\"https:\/\/activacostablanca.com\/wp-content\/uploads\/2020\/03\/imagen5697g.jpg\" \/>\n\t<meta property=\"og:image:width\" content=\"917\" \/>\n\t<meta property=\"og:image:height\" content=\"909\" \/>\n\t<meta property=\"og:image:type\" content=\"image\/jpeg\" \/>\n<meta name=\"author\" content=\"Activa Costablanca\" \/>\n<meta name=\"twitter:card\" content=\"summary_large_image\" \/>\n<meta name=\"twitter:label1\" content=\"\u00c9crit par\" \/>\n\t<meta name=\"twitter:data1\" content=\"Activa Costablanca\" \/>\n<script type=\"application\/ld+json\" class=\"yoast-schema-graph\">{\"@context\":\"https:\/\/schema.org\",\"@graph\":[{\"@type\":\"Article\",\"@id\":\"https:\/\/activacostablanca.com\/fr\/eventos-fr\/xabia-al-plat-primavera-2020\/#article\",\"isPartOf\":{\"@id\":\"https:\/\/activacostablanca.com\/fr\/eventos-fr\/xabia-al-plat-primavera-2020\/\"},\"author\":{\"name\":\"Activa Costablanca\",\"@id\":\"https:\/\/activacostablanca.com\/#\/schema\/person\/d48fc026c61c0eb79e3b0ade7ab35e79\"},\"headline\":\"X\u00e0bia sur un plateau Printemps 2020\",\"datePublished\":\"2020-03-08T17:18:16+00:00\",\"dateModified\":\"2020-03-08T17:32:58+00:00\",\"mainEntityOfPage\":{\"@id\":\"https:\/\/activacostablanca.com\/fr\/eventos-fr\/xabia-al-plat-primavera-2020\/\"},\"wordCount\":88,\"commentCount\":0,\"publisher\":{\"@id\":\"https:\/\/activacostablanca.com\/#organization\"},\"image\":{\"@id\":\"https:\/\/activacostablanca.com\/fr\/eventos-fr\/xabia-al-plat-primavera-2020\/#primaryimage\"},\"thumbnailUrl\":\"https:\/\/activacostablanca.com\/wp-content\/uploads\/2020\/03\/imagen5697g.jpg\",\"keywords\":[\"Les restaurants de Javea\",\"X\u00e0bia sur un plateau Printemps 2020\"],\"inLanguage\":\"fr-FR\",\"potentialAction\":[{\"@type\":\"CommentAction\",\"name\":\"Comment\",\"target\":[\"https:\/\/activacostablanca.com\/fr\/eventos-fr\/xabia-al-plat-primavera-2020\/#respond\"]}]},{\"@type\":\"WebPage\",\"@id\":\"https:\/\/activacostablanca.com\/fr\/eventos-fr\/xabia-al-plat-primavera-2020\/\",\"url\":\"https:\/\/activacostablanca.com\/fr\/eventos-fr\/xabia-al-plat-primavera-2020\/\",\"name\":\"X\u00e0bia sur un plateau Printemps 2020 - Activa Costa Blanca\",\"isPartOf\":{\"@id\":\"https:\/\/activacostablanca.com\/#website\"},\"primaryImageOfPage\":{\"@id\":\"https:\/\/activacostablanca.com\/fr\/eventos-fr\/xabia-al-plat-primavera-2020\/#primaryimage\"},\"image\":{\"@id\":\"https:\/\/activacostablanca.com\/fr\/eventos-fr\/xabia-al-plat-primavera-2020\/#primaryimage\"},\"thumbnailUrl\":\"https:\/\/activacostablanca.com\/wp-content\/uploads\/2020\/03\/imagen5697g.jpg\",\"datePublished\":\"2020-03-08T17:18:16+00:00\",\"dateModified\":\"2020-03-08T17:32:58+00:00\",\"description\":\"X\u00e0bia au Plat Printemps 2020 Du 5 au 15 mars, les restaurants locaux nous offrent la meilleure cuisine de la marina, rassemblant toute l'essence de la M\u00e9diterran\u00e9e.Les restaurants de X\u00e0bia participant \u00e0 cet \u00e9v\u00e9nement d\u00e9j\u00e0 consolid\u00e9 proposeront une \\\"promenade gastronomique\\\" avec des menus inspir\u00e9s des fruits de la baie de X\u00e0bia, que nous pourrons d\u00e9guster du 5 au 15 mars dans chacun des restaurants.\",\"breadcrumb\":{\"@id\":\"https:\/\/activacostablanca.com\/fr\/eventos-fr\/xabia-al-plat-primavera-2020\/#breadcrumb\"},\"inLanguage\":\"fr-FR\",\"potentialAction\":[{\"@type\":\"ReadAction\",\"target\":[\"https:\/\/activacostablanca.com\/fr\/eventos-fr\/xabia-al-plat-primavera-2020\/\"]}]},{\"@type\":\"ImageObject\",\"inLanguage\":\"fr-FR\",\"@id\":\"https:\/\/activacostablanca.com\/fr\/eventos-fr\/xabia-al-plat-primavera-2020\/#primaryimage\",\"url\":\"https:\/\/activacostablanca.com\/wp-content\/uploads\/2020\/03\/imagen5697g.jpg\",\"contentUrl\":\"https:\/\/activacostablanca.com\/wp-content\/uploads\/2020\/03\/imagen5697g.jpg\",\"width\":917,\"height\":909},{\"@type\":\"BreadcrumbList\",\"@id\":\"https:\/\/activacostablanca.com\/fr\/eventos-fr\/xabia-al-plat-primavera-2020\/#breadcrumb\",\"itemListElement\":[{\"@type\":\"ListItem\",\"position\":1,\"name\":\"Portada\",\"item\":\"https:\/\/activacostablanca.com\/fr\/\"},{\"@type\":\"ListItem\",\"position\":2,\"name\":\"X\u00e0bia sur un plateau Printemps 2020\"}]},{\"@type\":\"WebSite\",\"@id\":\"https:\/\/activacostablanca.com\/#website\",\"url\":\"https:\/\/activacostablanca.com\/\",\"name\":\"Activa Costa Blanca\",\"description\":\"Activit\u00e9s et excursions sur la Costa Blanca\",\"publisher\":{\"@id\":\"https:\/\/activacostablanca.com\/#organization\"},\"potentialAction\":[{\"@type\":\"SearchAction\",\"target\":{\"@type\":\"EntryPoint\",\"urlTemplate\":\"https:\/\/activacostablanca.com\/?s={search_term_string}\"},\"query-input\":{\"@type\":\"PropertyValueSpecification\",\"valueRequired\":true,\"valueName\":\"search_term_string\"}}],\"inLanguage\":\"fr-FR\"},{\"@type\":\"Organization\",\"@id\":\"https:\/\/activacostablanca.com\/#organization\",\"name\":\"Activa Costa Blanca\",\"url\":\"https:\/\/activacostablanca.com\/\",\"logo\":{\"@type\":\"ImageObject\",\"inLanguage\":\"fr-FR\",\"@id\":\"https:\/\/activacostablanca.com\/#\/schema\/logo\/image\/\",\"url\":\"https:\/\/activacostablanca.com\/wp-content\/uploads\/2019\/04\/weblogo.png\",\"contentUrl\":\"https:\/\/activacostablanca.com\/wp-content\/uploads\/2019\/04\/weblogo.png\",\"width\":177,\"height\":46,\"caption\":\"Activa Costa Blanca\"},\"image\":{\"@id\":\"https:\/\/activacostablanca.com\/#\/schema\/logo\/image\/\"}},{\"@type\":\"Person\",\"@id\":\"https:\/\/activacostablanca.com\/#\/schema\/person\/d48fc026c61c0eb79e3b0ade7ab35e79\",\"name\":\"Activa Costablanca\",\"image\":{\"@type\":\"ImageObject\",\"inLanguage\":\"fr-FR\",\"@id\":\"https:\/\/activacostablanca.com\/#\/schema\/person\/image\/\",\"url\":\"https:\/\/secure.gravatar.com\/avatar\/657de7470d8657c20722b4ee0e1d8f7106ae39ef32e2297fb70099296a80867a?s=96&d=mm&r=g\",\"contentUrl\":\"https:\/\/secure.gravatar.com\/avatar\/657de7470d8657c20722b4ee0e1d8f7106ae39ef32e2297fb70099296a80867a?s=96&d=mm&r=g\",\"caption\":\"Activa Costablanca\"}}]}<\/script>\n<!-- \/ Yoast SEO plugin. -->","yoast_head_json":{"title":"X\u00e0bia sur un plateau Printemps 2020 - Activa Costa Blanca","description":"X\u00e0bia au Plat Printemps 2020 Du 5 au 15 mars, les restaurants locaux nous offrent la meilleure cuisine de la marina, rassemblant toute l'essence de la M\u00e9diterran\u00e9e.Les restaurants de X\u00e0bia participant \u00e0 cet \u00e9v\u00e9nement d\u00e9j\u00e0 consolid\u00e9 proposeront une \"promenade gastronomique\" avec des menus inspir\u00e9s des fruits de la baie de X\u00e0bia, que nous pourrons d\u00e9guster du 5 au 15 mars dans chacun des restaurants.","robots":{"index":"index","follow":"follow","max-snippet":"max-snippet:-1","max-image-preview":"max-image-preview:large","max-video-preview":"max-video-preview:-1"},"canonical":"https:\/\/activacostablanca.com\/fr\/eventos-fr\/xabia-al-plat-primavera-2020\/","og_locale":"fr_FR","og_type":"article","og_title":"X\u00e0bia sur un plateau Printemps 2020 - Activa Costa Blanca","og_description":"X\u00e0bia au Plat Printemps 2020 Du 5 au 15 mars, les restaurants locaux nous offrent la meilleure cuisine de la marina, rassemblant toute l'essence de la M\u00e9diterran\u00e9e.Les restaurants de X\u00e0bia participant \u00e0 cet \u00e9v\u00e9nement d\u00e9j\u00e0 consolid\u00e9 proposeront une \"promenade gastronomique\" avec des menus inspir\u00e9s des fruits de la baie de X\u00e0bia, que nous pourrons d\u00e9guster du 5 au 15 mars dans chacun des restaurants.","og_url":"https:\/\/activacostablanca.com\/fr\/eventos-fr\/xabia-al-plat-primavera-2020\/","og_site_name":"Activa Costa Blanca","article_published_time":"2020-03-08T17:18:16+00:00","article_modified_time":"2020-03-08T17:32:58+00:00","og_image":[{"width":917,"height":909,"url":"https:\/\/activacostablanca.com\/wp-content\/uploads\/2020\/03\/imagen5697g.jpg","type":"image\/jpeg"}],"author":"Activa Costablanca","twitter_card":"summary_large_image","twitter_misc":{"\u00c9crit par":"Activa Costablanca"},"schema":{"@context":"https:\/\/schema.org","@graph":[{"@type":"Article","@id":"https:\/\/activacostablanca.com\/fr\/eventos-fr\/xabia-al-plat-primavera-2020\/#article","isPartOf":{"@id":"https:\/\/activacostablanca.com\/fr\/eventos-fr\/xabia-al-plat-primavera-2020\/"},"author":{"name":"Activa Costablanca","@id":"https:\/\/activacostablanca.com\/#\/schema\/person\/d48fc026c61c0eb79e3b0ade7ab35e79"},"headline":"X\u00e0bia sur un plateau Printemps 2020","datePublished":"2020-03-08T17:18:16+00:00","dateModified":"2020-03-08T17:32:58+00:00","mainEntityOfPage":{"@id":"https:\/\/activacostablanca.com\/fr\/eventos-fr\/xabia-al-plat-primavera-2020\/"},"wordCount":88,"commentCount":0,"publisher":{"@id":"https:\/\/activacostablanca.com\/#organization"},"image":{"@id":"https:\/\/activacostablanca.com\/fr\/eventos-fr\/xabia-al-plat-primavera-2020\/#primaryimage"},"thumbnailUrl":"https:\/\/activacostablanca.com\/wp-content\/uploads\/2020\/03\/imagen5697g.jpg","keywords":["Les restaurants de Javea","X\u00e0bia sur un plateau Printemps 2020"],"inLanguage":"fr-FR","potentialAction":[{"@type":"CommentAction","name":"Comment","target":["https:\/\/activacostablanca.com\/fr\/eventos-fr\/xabia-al-plat-primavera-2020\/#respond"]}]},{"@type":"WebPage","@id":"https:\/\/activacostablanca.com\/fr\/eventos-fr\/xabia-al-plat-primavera-2020\/","url":"https:\/\/activacostablanca.com\/fr\/eventos-fr\/xabia-al-plat-primavera-2020\/","name":"X\u00e0bia sur un plateau Printemps 2020 - Activa Costa Blanca","isPartOf":{"@id":"https:\/\/activacostablanca.com\/#website"},"primaryImageOfPage":{"@id":"https:\/\/activacostablanca.com\/fr\/eventos-fr\/xabia-al-plat-primavera-2020\/#primaryimage"},"image":{"@id":"https:\/\/activacostablanca.com\/fr\/eventos-fr\/xabia-al-plat-primavera-2020\/#primaryimage"},"thumbnailUrl":"https:\/\/activacostablanca.com\/wp-content\/uploads\/2020\/03\/imagen5697g.jpg","datePublished":"2020-03-08T17:18:16+00:00","dateModified":"2020-03-08T17:32:58+00:00","description":"X\u00e0bia au Plat Printemps 2020 Du 5 au 15 mars, les restaurants locaux nous offrent la meilleure cuisine de la marina, rassemblant toute l'essence de la M\u00e9diterran\u00e9e.Les restaurants de X\u00e0bia participant \u00e0 cet \u00e9v\u00e9nement d\u00e9j\u00e0 consolid\u00e9 proposeront une \"promenade gastronomique\" avec des menus inspir\u00e9s des fruits de la baie de X\u00e0bia, que nous pourrons d\u00e9guster du 5 au 15 mars dans chacun des restaurants.","breadcrumb":{"@id":"https:\/\/activacostablanca.com\/fr\/eventos-fr\/xabia-al-plat-primavera-2020\/#breadcrumb"},"inLanguage":"fr-FR","potentialAction":[{"@type":"ReadAction","target":["https:\/\/activacostablanca.com\/fr\/eventos-fr\/xabia-al-plat-primavera-2020\/"]}]},{"@type":"ImageObject","inLanguage":"fr-FR","@id":"https:\/\/activacostablanca.com\/fr\/eventos-fr\/xabia-al-plat-primavera-2020\/#primaryimage","url":"https:\/\/activacostablanca.com\/wp-content\/uploads\/2020\/03\/imagen5697g.jpg","contentUrl":"https:\/\/activacostablanca.com\/wp-content\/uploads\/2020\/03\/imagen5697g.jpg","width":917,"height":909},{"@type":"BreadcrumbList","@id":"https:\/\/activacostablanca.com\/fr\/eventos-fr\/xabia-al-plat-primavera-2020\/#breadcrumb","itemListElement":[{"@type":"ListItem","position":1,"name":"Portada","item":"https:\/\/activacostablanca.com\/fr\/"},{"@type":"ListItem","position":2,"name":"X\u00e0bia sur un plateau Printemps 2020"}]},{"@type":"WebSite","@id":"https:\/\/activacostablanca.com\/#website","url":"https:\/\/activacostablanca.com\/","name":"Activa Costa Blanca","description":"Activit\u00e9s et excursions sur la Costa Blanca","publisher":{"@id":"https:\/\/activacostablanca.com\/#organization"},"potentialAction":[{"@type":"SearchAction","target":{"@type":"EntryPoint","urlTemplate":"https:\/\/activacostablanca.com\/?s={search_term_string}"},"query-input":{"@type":"PropertyValueSpecification","valueRequired":true,"valueName":"search_term_string"}}],"inLanguage":"fr-FR"},{"@type":"Organization","@id":"https:\/\/activacostablanca.com\/#organization","name":"Activa Costa Blanca","url":"https:\/\/activacostablanca.com\/","logo":{"@type":"ImageObject","inLanguage":"fr-FR","@id":"https:\/\/activacostablanca.com\/#\/schema\/logo\/image\/","url":"https:\/\/activacostablanca.com\/wp-content\/uploads\/2019\/04\/weblogo.png","contentUrl":"https:\/\/activacostablanca.com\/wp-content\/uploads\/2019\/04\/weblogo.png","width":177,"height":46,"caption":"Activa Costa Blanca"},"image":{"@id":"https:\/\/activacostablanca.com\/#\/schema\/logo\/image\/"}},{"@type":"Person","@id":"https:\/\/activacostablanca.com\/#\/schema\/person\/d48fc026c61c0eb79e3b0ade7ab35e79","name":"Activa Costablanca","image":{"@type":"ImageObject","inLanguage":"fr-FR","@id":"https:\/\/activacostablanca.com\/#\/schema\/person\/image\/","url":"https:\/\/secure.gravatar.com\/avatar\/657de7470d8657c20722b4ee0e1d8f7106ae39ef32e2297fb70099296a80867a?s=96&d=mm&r=g","contentUrl":"https:\/\/secure.gravatar.com\/avatar\/657de7470d8657c20722b4ee0e1d8f7106ae39ef32e2297fb70099296a80867a?s=96&d=mm&r=g","caption":"Activa Costablanca"}}]}},"_links":{"self":[{"href":"https:\/\/activacostablanca.com\/fr\/wp-json\/wp\/v2\/posts\/13342","targetHints":{"allow":["GET"]}}],"collection":[{"href":"https:\/\/activacostablanca.com\/fr\/wp-json\/wp\/v2\/posts"}],"about":[{"href":"https:\/\/activacostablanca.com\/fr\/wp-json\/wp\/v2\/types\/post"}],"author":[{"embeddable":true,"href":"https:\/\/activacostablanca.com\/fr\/wp-json\/wp\/v2\/users\/2"}],"replies":[{"embeddable":true,"href":"https:\/\/activacostablanca.com\/fr\/wp-json\/wp\/v2\/comments?post=13342"}],"version-history":[{"count":2,"href":"https:\/\/activacostablanca.com\/fr\/wp-json\/wp\/v2\/posts\/13342\/revisions"}],"predecessor-version":[{"id":13346,"href":"https:\/\/activacostablanca.com\/fr\/wp-json\/wp\/v2\/posts\/13342\/revisions\/13346"}],"wp:featuredmedia":[{"embeddable":true,"href":"https:\/\/activacostablanca.com\/fr\/wp-json\/wp\/v2\/media\/13329"}],"wp:attachment":[{"href":"https:\/\/activacostablanca.com\/fr\/wp-json\/wp\/v2\/media?parent=13342"}],"wp:term":[{"taxonomy":"category","embeddable":true,"href":"https:\/\/activacostablanca.com\/fr\/wp-json\/wp\/v2\/categories?post=13342"},{"taxonomy":"post_tag","embeddable":true,"href":"https:\/\/activacostablanca.com\/fr\/wp-json\/wp\/v2\/tags?post=13342"}],"curies":[{"name":"wp","href":"https:\/\/api.w.org\/{rel}","templated":true}]}}