{"id":12775,"date":"2019-08-13T21:21:47","date_gmt":"2019-08-13T19:21:47","guid":{"rendered":"http:\/\/activacostablanca.com\/non-classifiee\/visita-denia\/"},"modified":"2020-04-04T22:58:23","modified_gmt":"2020-04-04T20:58:23","slug":"visita-denia","status":"publish","type":"post","link":"https:\/\/activacostablanca.com\/fr\/non-classifiee\/visita-denia\/","title":{"rendered":"Visite Denia!"},"content":{"rendered":"<h4 style=\"text-align: center;\">Aujourd&rsquo;hui, nous vous invitons \u00e0 revenir visiter la c\u00f4te blanche d&rsquo;Alicante, pourquoi ?<\/h4>\n<h4 style=\"text-align: center;\"><span style=\"color: #000080;\">Ses plus de 20 km de c\u00f4tes, ses plages de sable fin et ses eaux cristallines, sa d\u00e9mographie particuli\u00e8re \u00e0 proximit\u00e9 du Cap San Antonio, sa proximit\u00e9 avec les Bal\u00e9ares et la richesse environnementale du Parc Naturel du Montg\u00f3, ont fait de Denia une r\u00e9f\u00e9rence touristique du Levant espagnol.<\/span><\/h4>\n<p><!--more--><\/p>\n<p>&nbsp;<\/p>\n<h2 style=\"text-align: center;\"><span style=\"color: #000080;\"><img loading=\"lazy\" decoding=\"async\" class=\"size-medium wp-image-12728 alignnone\" src=\"https:\/\/activacostablanca.com\/wp-content\/uploads\/2019\/08\/PORTADA-300x300.jpg\" alt=\"\" width=\"300\" height=\"300\" srcset=\"https:\/\/activacostablanca.com\/wp-content\/uploads\/2019\/08\/PORTADA-300x300.jpg 300w, https:\/\/activacostablanca.com\/wp-content\/uploads\/2019\/08\/PORTADA-150x150.jpg 150w, https:\/\/activacostablanca.com\/wp-content\/uploads\/2019\/08\/PORTADA-1024x1024.jpg 1024w\" sizes=\"auto, (max-width: 300px) 100vw, 300px\" \/><img loading=\"lazy\" decoding=\"async\" class=\"size-medium wp-image-12716 alignnone\" style=\"color: #333333; font-size: 16px;\" src=\"https:\/\/activacostablanca.com\/wp-content\/uploads\/2019\/08\/punta-negra-playa-denia-300x187-300x300.jpg\" alt=\"\" width=\"300\" height=\"300\" srcset=\"https:\/\/activacostablanca.com\/wp-content\/uploads\/2019\/08\/punta-negra-playa-denia-300x187-300x300.jpg 300w, https:\/\/activacostablanca.com\/wp-content\/uploads\/2019\/08\/punta-negra-playa-denia-300x187-150x150.jpg 150w, https:\/\/activacostablanca.com\/wp-content\/uploads\/2019\/08\/punta-negra-playa-denia-300x187-1024x1024.jpg 1024w\" sizes=\"auto, (max-width: 300px) 100vw, 300px\" \/> <\/span><\/h2>\n<h4 style=\"text-align: center;\">\u00a0 Que voir \u00e0 Denia ?<span style=\"color: #000080;\"> la ville c\u00f4ti\u00e8re de Denia est une belle ville dans la province d&rsquo;Alicante appartenant \u00e0 la r\u00e9gion de Marina Alta, compte environ 45.000 habitants. Elle se trouve \u00e0 110 km de l&rsquo;a\u00e9roport d&rsquo;Alicante et \u00e0 95 km de la ville de Valence, capitale de la Communaut\u00e9 Valencienne, qui poss\u00e8de un a\u00e9roport. 15 km de plages de sable fin et limpide et de petites criques d&rsquo;une grande beaut\u00e9, un climat doux et des eaux qui forment une r\u00e9serve marine unique le long du littoral m\u00e9diterran\u00e9en.<\/span><\/h4>\n<h4 style=\"text-align: center;\">Denia Vacances : culture et tradition<span style=\"color: #000080;\"> Denia respire l&rsquo;histoire dans tous les coins de la ville. Que ce soit dans le charmant village de p\u00eacheurs de \u00ab\u00a0Baix la Mar\u00a0\u00bb, avec ses petites places, ses ruelles \u00e9troites et ses maisons color\u00e9es, ou dans les environs des Roques, o\u00f9 il fait bon se perdre dans son r\u00e9seau de rues et de maisons basses, le Ch\u00e2teau de Denia, d&rsquo;origine islamique, qui a servi de forteresse contre la piraterie, est un autre point obligatoire dans notre visite et traverse le tunnel qui est devenu un abri antia\u00e9rien pendant la guerre civile.<\/span><\/h4>\n<h2 style=\"text-align: center;\"><img loading=\"lazy\" decoding=\"async\" class=\"size-medium wp-image-12724 alignnone\" src=\"https:\/\/activacostablanca.com\/wp-content\/uploads\/2019\/08\/2n-Oeste-300x300.jpg\" alt=\"\" width=\"300\" height=\"300\" srcset=\"https:\/\/activacostablanca.com\/wp-content\/uploads\/2019\/08\/2n-Oeste-300x300.jpg 300w, https:\/\/activacostablanca.com\/wp-content\/uploads\/2019\/08\/2n-Oeste-150x150.jpg 150w, https:\/\/activacostablanca.com\/wp-content\/uploads\/2019\/08\/2n-Oeste-1024x1024.jpg 1024w\" sizes=\"auto, (max-width: 300px) 100vw, 300px\" \/><\/h2>\n<p>&nbsp;<\/p>\n<h4 style=\"text-align: center;\">est consid\u00e9r\u00e9e comme la ville avec plus de festivals en Espagne<span style=\"color: #000080;\">, \u00e9tant l&rsquo;\u00e9t\u00e9 o\u00f9 vous pouvez profiter du plus grand nombre de festivals et de traditions. Les Fallas, les Maures et les Chr\u00e9tiens, la nuit de la San Juan ou le traditionnel \u00ab\u00a0Bous a la Mar\u00a0\u00bb sont quelques unes des festivit\u00e9s que vous ne pouvez pas manquer si elles co\u00efncident avec les dates de votre voyage.<\/span><\/h4>\n<h4 style=\"text-align: center;\">On ne peut pas parler de Denia sans mentionner le fantastique massif du Montg\u00f3<span style=\"color: #000080;\"> qui, \u00e0 750 m d&rsquo;altitude, domine toute la c\u00f4te, abritant les villes de Denia et Javea dans ses contreforts. C&rsquo;est un bel endroit o\u00f9 l&rsquo;on peut faire des randonn\u00e9es et des randonn\u00e9es de diff\u00e9rents niveaux de difficult\u00e9 le long de ses diff\u00e9rents parcours jusqu&rsquo;au sommet. Du sommet du Mont, vous pouvez profiter de vues spectaculaires qui ne laissent personne indiff\u00e9rent.<\/span><\/h4>\n<h4 style=\"text-align: center;\"><span style=\"color: #000080;\"><img loading=\"lazy\" decoding=\"async\" class=\"size-medium wp-image-12756 alignnone\" src=\"https:\/\/activacostablanca.com\/wp-content\/uploads\/2019\/08\/delfines-en-la-costa-de-denia-590x402-300x300.jpg\" alt=\"\" width=\"300\" height=\"300\" srcset=\"https:\/\/activacostablanca.com\/wp-content\/uploads\/2019\/08\/delfines-en-la-costa-de-denia-590x402-300x300.jpg 300w, https:\/\/activacostablanca.com\/wp-content\/uploads\/2019\/08\/delfines-en-la-costa-de-denia-590x402-150x150.jpg 150w, https:\/\/activacostablanca.com\/wp-content\/uploads\/2019\/08\/delfines-en-la-costa-de-denia-590x402-1024x1024.jpg 1024w\" sizes=\"auto, (max-width: 300px) 100vw, 300px\" \/><\/span><\/h4>\n<h4 style=\"text-align: center;\">Les plages de Denia sont un v\u00e9ritable paradis de soleil et de plage qui attirent des milliers de touristes chaque ann\u00e9e pour profiter de l&rsquo;\u00e9t\u00e9. <span style=\"color: #000080;\">La municipalit\u00e9 est compos\u00e9e de 12 plages de sable fin, mais d&rsquo;autres plus vierges de pierres et de roches. au sud se trouve la zone de Las Rotas, avec les belles plages de sable de Marineta Cassiana, El Trampol\u00ed, Punt a Negra, la Cala ou Arenetes. si nous allons au nord dans le domaine des Marines, nous trouverons les grands sables des Marines, Les Bovetes, L&rsquo;Almadrava ou les Deveses.<\/span><\/h4>\n<h2 style=\"text-align: center;\"><img loading=\"lazy\" decoding=\"async\" class=\"size-medium wp-image-12748 alignnone\" style=\"font-size: 16px;\" src=\"https:\/\/activacostablanca.com\/wp-content\/uploads\/2019\/08\/cima_Mediano-1-300x300.jpg\" alt=\"\" width=\"300\" height=\"300\" srcset=\"https:\/\/activacostablanca.com\/wp-content\/uploads\/2019\/08\/cima_Mediano-1-300x300.jpg 300w, https:\/\/activacostablanca.com\/wp-content\/uploads\/2019\/08\/cima_Mediano-1-150x150.jpg 150w, https:\/\/activacostablanca.com\/wp-content\/uploads\/2019\/08\/cima_Mediano-1-768x768.jpg 768w, https:\/\/activacostablanca.com\/wp-content\/uploads\/2019\/08\/cima_Mediano-1-1024x1024.jpg 1024w, https:\/\/activacostablanca.com\/wp-content\/uploads\/2019\/08\/cima_Mediano-1.jpg 336w\" sizes=\"auto, (max-width: 300px) 100vw, 300px\" \/><\/h2>\n<h4 style=\"text-align: center;\">Les amateurs de plong\u00e9e sous-marine trouveront dans cette zone son petit paradis puisque, \u00e0 quelques kilom\u00e8tres de la ville de Denia, nous avons trouv\u00e9 la fantastique R\u00e9serve Marine du Cap de San Antonio. <span style=\"color: #000080;\">La r\u00e9serve a une grande valeur biologique et environnementale, poss\u00e8de un grand nombre d&rsquo;esp\u00e8ces marines, ainsi que de grandes prairies de posidonies consid\u00e9r\u00e9es comme le poumon de la mer. Les visiteurs pourront faire des excursions et des promenades en bateau \u00e0 partir des diff\u00e9rents ports voisins pour profiter de ses c\u00f4tes, et auront \u00e9galement la possibilit\u00e9 de louer des excursions de plong\u00e9e avec les nombreuses entreprises consacr\u00e9es \u00e0 ce sport \u00e0 Denia ou Javea.<\/span><\/h4>\n<h4 style=\"text-align: center;\"><span style=\"color: #000080;\"><span style=\"color: #000000;\">Denia en 2017 a \u00e9t\u00e9 baptis\u00e9 comme l&rsquo;endroit le plus proche que les c\u00e9tac\u00e9s dans la communaut\u00e9 valencienne, parce que ?<\/span> les scientifiques n&rsquo;ont pas su comment l&rsquo;expliquer, si vous \u00eates chanceux naviguant le long de la c\u00f4te de denia vous pourriez trouver des dauphins, ou qui sait, vous avez de la chance quand m\u00eame et vous trouvez une baleine.Denia est le lieu id\u00e9al pour un soleil et des vacances de plage o\u00f9 vous trouverez beaucoup d&rsquo;activit\u00e9s pour tout \u00e2ge et de go\u00fbt, culture, nature, sport&amp;. mille possibilit\u00e9s vous attend dans cette ville fantastique. Venez le d\u00e9couvrir.<\/span><\/h4>\n<h4><\/h4>\n<h2 style=\"text-align: center;\"><\/h2>\n<h2 style=\"text-align: center;\"><\/h2>\n","protected":false},"excerpt":{"rendered":"<p>Aujourd&rsquo;hui, nous vous invitons \u00e0 revenir visiter la c\u00f4te blanche d&rsquo;Alicante, pourquoi ? Ses plus de 20 km de c\u00f4tes, ses plages de sable fin et ses eaux cristallines, sa d\u00e9mographie particuli\u00e8re \u00e0 proximit\u00e9 du Cap San Antonio, sa proximit\u00e9 avec les Bal\u00e9ares et la richesse environnementale du Parc Naturel du Montg\u00f3, ont fait de [&hellip;]<\/p>\n","protected":false},"author":2,"featured_media":13622,"comment_status":"open","ping_status":"open","sticky":false,"template":"","format":"standard","meta":{"_exactmetrics_skip_tracking":false,"_exactmetrics_sitenote_active":false,"_exactmetrics_sitenote_note":"","_exactmetrics_sitenote_category":0,"footnotes":""},"categories":[],"tags":[],"class_list":["post-12775","post","type-post","status-publish","format-standard","has-post-thumbnail","hentry"],"yoast_head":"<!-- This site is optimized with the Yoast SEO plugin v25.0 - https:\/\/yoast.com\/wordpress\/plugins\/seo\/ -->\n<title>Visite Denia! - Activa Costa Blanca<\/title>\n<meta name=\"robots\" content=\"index, follow, max-snippet:-1, max-image-preview:large, max-video-preview:-1\" \/>\n<link rel=\"canonical\" href=\"https:\/\/activacostablanca.com\/fr\/pueblos-fr\/visita-denia\/\" \/>\n<meta property=\"og:locale\" content=\"fr_FR\" \/>\n<meta property=\"og:type\" content=\"article\" \/>\n<meta property=\"og:title\" content=\"Visite Denia! - Activa Costa Blanca\" \/>\n<meta property=\"og:description\" content=\"Aujourd&rsquo;hui, nous vous invitons \u00e0 revenir visiter la c\u00f4te blanche d&rsquo;Alicante, pourquoi ? Ses plus de 20 km de c\u00f4tes, ses plages de sable fin et ses eaux cristallines, sa d\u00e9mographie particuli\u00e8re \u00e0 proximit\u00e9 du Cap San Antonio, sa proximit\u00e9 avec les Bal\u00e9ares et la richesse environnementale du Parc Naturel du Montg\u00f3, ont fait de [&hellip;]\" \/>\n<meta property=\"og:url\" content=\"https:\/\/activacostablanca.com\/fr\/pueblos-fr\/visita-denia\/\" \/>\n<meta property=\"og:site_name\" content=\"Activa Costa Blanca\" \/>\n<meta property=\"article:published_time\" content=\"2019-08-13T19:21:47+00:00\" \/>\n<meta property=\"article:modified_time\" content=\"2020-04-04T20:58:23+00:00\" \/>\n<meta property=\"og:image\" content=\"https:\/\/activacostablanca.com\/wp-content\/uploads\/2019\/08\/21364_1454322093.jpg\" \/>\n\t<meta property=\"og:image:width\" content=\"1024\" \/>\n\t<meta property=\"og:image:height\" content=\"614\" \/>\n\t<meta property=\"og:image:type\" content=\"image\/jpeg\" \/>\n<meta name=\"author\" content=\"Activa Costablanca\" \/>\n<meta name=\"twitter:card\" content=\"summary_large_image\" \/>\n<meta name=\"twitter:label1\" content=\"\u00c9crit par\" \/>\n\t<meta name=\"twitter:data1\" content=\"Activa Costablanca\" \/>\n\t<meta name=\"twitter:label2\" content=\"Dur\u00e9e de lecture estim\u00e9e\" \/>\n\t<meta name=\"twitter:data2\" content=\"4 minutes\" \/>\n<script type=\"application\/ld+json\" class=\"yoast-schema-graph\">{\"@context\":\"https:\/\/schema.org\",\"@graph\":[{\"@type\":\"Article\",\"@id\":\"https:\/\/activacostablanca.com\/fr\/pueblos-fr\/visita-denia\/#article\",\"isPartOf\":{\"@id\":\"https:\/\/activacostablanca.com\/fr\/pueblos-fr\/visita-denia\/\"},\"author\":{\"name\":\"Activa Costablanca\",\"@id\":\"https:\/\/activacostablanca.com\/#\/schema\/person\/d48fc026c61c0eb79e3b0ade7ab35e79\"},\"headline\":\"Visite Denia!\",\"datePublished\":\"2019-08-13T19:21:47+00:00\",\"dateModified\":\"2020-04-04T20:58:23+00:00\",\"mainEntityOfPage\":{\"@id\":\"https:\/\/activacostablanca.com\/fr\/pueblos-fr\/visita-denia\/\"},\"wordCount\":727,\"commentCount\":0,\"publisher\":{\"@id\":\"https:\/\/activacostablanca.com\/#organization\"},\"image\":{\"@id\":\"https:\/\/activacostablanca.com\/fr\/pueblos-fr\/visita-denia\/#primaryimage\"},\"thumbnailUrl\":\"https:\/\/activacostablanca.com\/wp-content\/uploads\/2019\/08\/21364_1454322093.jpg\",\"inLanguage\":\"fr-FR\",\"potentialAction\":[{\"@type\":\"CommentAction\",\"name\":\"Comment\",\"target\":[\"https:\/\/activacostablanca.com\/fr\/pueblos-fr\/visita-denia\/#respond\"]}]},{\"@type\":\"WebPage\",\"@id\":\"https:\/\/activacostablanca.com\/fr\/pueblos-fr\/visita-denia\/\",\"url\":\"https:\/\/activacostablanca.com\/fr\/pueblos-fr\/visita-denia\/\",\"name\":\"Visite Denia! - Activa Costa Blanca\",\"isPartOf\":{\"@id\":\"https:\/\/activacostablanca.com\/#website\"},\"primaryImageOfPage\":{\"@id\":\"https:\/\/activacostablanca.com\/fr\/pueblos-fr\/visita-denia\/#primaryimage\"},\"image\":{\"@id\":\"https:\/\/activacostablanca.com\/fr\/pueblos-fr\/visita-denia\/#primaryimage\"},\"thumbnailUrl\":\"https:\/\/activacostablanca.com\/wp-content\/uploads\/2019\/08\/21364_1454322093.jpg\",\"datePublished\":\"2019-08-13T19:21:47+00:00\",\"dateModified\":\"2020-04-04T20:58:23+00:00\",\"breadcrumb\":{\"@id\":\"https:\/\/activacostablanca.com\/fr\/pueblos-fr\/visita-denia\/#breadcrumb\"},\"inLanguage\":\"fr-FR\",\"potentialAction\":[{\"@type\":\"ReadAction\",\"target\":[\"https:\/\/activacostablanca.com\/fr\/pueblos-fr\/visita-denia\/\"]}]},{\"@type\":\"ImageObject\",\"inLanguage\":\"fr-FR\",\"@id\":\"https:\/\/activacostablanca.com\/fr\/pueblos-fr\/visita-denia\/#primaryimage\",\"url\":\"https:\/\/activacostablanca.com\/wp-content\/uploads\/2019\/08\/21364_1454322093.jpg\",\"contentUrl\":\"https:\/\/activacostablanca.com\/wp-content\/uploads\/2019\/08\/21364_1454322093.jpg\",\"width\":1024,\"height\":614},{\"@type\":\"BreadcrumbList\",\"@id\":\"https:\/\/activacostablanca.com\/fr\/pueblos-fr\/visita-denia\/#breadcrumb\",\"itemListElement\":[{\"@type\":\"ListItem\",\"position\":1,\"name\":\"Portada\",\"item\":\"https:\/\/activacostablanca.com\/fr\/\"},{\"@type\":\"ListItem\",\"position\":2,\"name\":\"Visite Denia!\"}]},{\"@type\":\"WebSite\",\"@id\":\"https:\/\/activacostablanca.com\/#website\",\"url\":\"https:\/\/activacostablanca.com\/\",\"name\":\"Activa Costa Blanca\",\"description\":\"Activit\u00e9s et excursions sur la Costa Blanca\",\"publisher\":{\"@id\":\"https:\/\/activacostablanca.com\/#organization\"},\"potentialAction\":[{\"@type\":\"SearchAction\",\"target\":{\"@type\":\"EntryPoint\",\"urlTemplate\":\"https:\/\/activacostablanca.com\/?s={search_term_string}\"},\"query-input\":{\"@type\":\"PropertyValueSpecification\",\"valueRequired\":true,\"valueName\":\"search_term_string\"}}],\"inLanguage\":\"fr-FR\"},{\"@type\":\"Organization\",\"@id\":\"https:\/\/activacostablanca.com\/#organization\",\"name\":\"Activa Costa Blanca\",\"url\":\"https:\/\/activacostablanca.com\/\",\"logo\":{\"@type\":\"ImageObject\",\"inLanguage\":\"fr-FR\",\"@id\":\"https:\/\/activacostablanca.com\/#\/schema\/logo\/image\/\",\"url\":\"https:\/\/activacostablanca.com\/wp-content\/uploads\/2019\/04\/weblogo.png\",\"contentUrl\":\"https:\/\/activacostablanca.com\/wp-content\/uploads\/2019\/04\/weblogo.png\",\"width\":177,\"height\":46,\"caption\":\"Activa Costa Blanca\"},\"image\":{\"@id\":\"https:\/\/activacostablanca.com\/#\/schema\/logo\/image\/\"}},{\"@type\":\"Person\",\"@id\":\"https:\/\/activacostablanca.com\/#\/schema\/person\/d48fc026c61c0eb79e3b0ade7ab35e79\",\"name\":\"Activa Costablanca\",\"image\":{\"@type\":\"ImageObject\",\"inLanguage\":\"fr-FR\",\"@id\":\"https:\/\/activacostablanca.com\/#\/schema\/person\/image\/\",\"url\":\"https:\/\/secure.gravatar.com\/avatar\/657de7470d8657c20722b4ee0e1d8f7106ae39ef32e2297fb70099296a80867a?s=96&d=mm&r=g\",\"contentUrl\":\"https:\/\/secure.gravatar.com\/avatar\/657de7470d8657c20722b4ee0e1d8f7106ae39ef32e2297fb70099296a80867a?s=96&d=mm&r=g\",\"caption\":\"Activa Costablanca\"}}]}<\/script>\n<!-- \/ Yoast SEO plugin. -->","yoast_head_json":{"title":"Visite Denia! - Activa Costa Blanca","robots":{"index":"index","follow":"follow","max-snippet":"max-snippet:-1","max-image-preview":"max-image-preview:large","max-video-preview":"max-video-preview:-1"},"canonical":"https:\/\/activacostablanca.com\/fr\/pueblos-fr\/visita-denia\/","og_locale":"fr_FR","og_type":"article","og_title":"Visite Denia! - Activa Costa Blanca","og_description":"Aujourd&rsquo;hui, nous vous invitons \u00e0 revenir visiter la c\u00f4te blanche d&rsquo;Alicante, pourquoi ? Ses plus de 20 km de c\u00f4tes, ses plages de sable fin et ses eaux cristallines, sa d\u00e9mographie particuli\u00e8re \u00e0 proximit\u00e9 du Cap San Antonio, sa proximit\u00e9 avec les Bal\u00e9ares et la richesse environnementale du Parc Naturel du Montg\u00f3, ont fait de [&hellip;]","og_url":"https:\/\/activacostablanca.com\/fr\/pueblos-fr\/visita-denia\/","og_site_name":"Activa Costa Blanca","article_published_time":"2019-08-13T19:21:47+00:00","article_modified_time":"2020-04-04T20:58:23+00:00","og_image":[{"width":1024,"height":614,"url":"https:\/\/activacostablanca.com\/wp-content\/uploads\/2019\/08\/21364_1454322093.jpg","type":"image\/jpeg"}],"author":"Activa Costablanca","twitter_card":"summary_large_image","twitter_misc":{"\u00c9crit par":"Activa Costablanca","Dur\u00e9e de lecture estim\u00e9e":"4 minutes"},"schema":{"@context":"https:\/\/schema.org","@graph":[{"@type":"Article","@id":"https:\/\/activacostablanca.com\/fr\/pueblos-fr\/visita-denia\/#article","isPartOf":{"@id":"https:\/\/activacostablanca.com\/fr\/pueblos-fr\/visita-denia\/"},"author":{"name":"Activa Costablanca","@id":"https:\/\/activacostablanca.com\/#\/schema\/person\/d48fc026c61c0eb79e3b0ade7ab35e79"},"headline":"Visite Denia!","datePublished":"2019-08-13T19:21:47+00:00","dateModified":"2020-04-04T20:58:23+00:00","mainEntityOfPage":{"@id":"https:\/\/activacostablanca.com\/fr\/pueblos-fr\/visita-denia\/"},"wordCount":727,"commentCount":0,"publisher":{"@id":"https:\/\/activacostablanca.com\/#organization"},"image":{"@id":"https:\/\/activacostablanca.com\/fr\/pueblos-fr\/visita-denia\/#primaryimage"},"thumbnailUrl":"https:\/\/activacostablanca.com\/wp-content\/uploads\/2019\/08\/21364_1454322093.jpg","inLanguage":"fr-FR","potentialAction":[{"@type":"CommentAction","name":"Comment","target":["https:\/\/activacostablanca.com\/fr\/pueblos-fr\/visita-denia\/#respond"]}]},{"@type":"WebPage","@id":"https:\/\/activacostablanca.com\/fr\/pueblos-fr\/visita-denia\/","url":"https:\/\/activacostablanca.com\/fr\/pueblos-fr\/visita-denia\/","name":"Visite Denia! - Activa Costa Blanca","isPartOf":{"@id":"https:\/\/activacostablanca.com\/#website"},"primaryImageOfPage":{"@id":"https:\/\/activacostablanca.com\/fr\/pueblos-fr\/visita-denia\/#primaryimage"},"image":{"@id":"https:\/\/activacostablanca.com\/fr\/pueblos-fr\/visita-denia\/#primaryimage"},"thumbnailUrl":"https:\/\/activacostablanca.com\/wp-content\/uploads\/2019\/08\/21364_1454322093.jpg","datePublished":"2019-08-13T19:21:47+00:00","dateModified":"2020-04-04T20:58:23+00:00","breadcrumb":{"@id":"https:\/\/activacostablanca.com\/fr\/pueblos-fr\/visita-denia\/#breadcrumb"},"inLanguage":"fr-FR","potentialAction":[{"@type":"ReadAction","target":["https:\/\/activacostablanca.com\/fr\/pueblos-fr\/visita-denia\/"]}]},{"@type":"ImageObject","inLanguage":"fr-FR","@id":"https:\/\/activacostablanca.com\/fr\/pueblos-fr\/visita-denia\/#primaryimage","url":"https:\/\/activacostablanca.com\/wp-content\/uploads\/2019\/08\/21364_1454322093.jpg","contentUrl":"https:\/\/activacostablanca.com\/wp-content\/uploads\/2019\/08\/21364_1454322093.jpg","width":1024,"height":614},{"@type":"BreadcrumbList","@id":"https:\/\/activacostablanca.com\/fr\/pueblos-fr\/visita-denia\/#breadcrumb","itemListElement":[{"@type":"ListItem","position":1,"name":"Portada","item":"https:\/\/activacostablanca.com\/fr\/"},{"@type":"ListItem","position":2,"name":"Visite Denia!"}]},{"@type":"WebSite","@id":"https:\/\/activacostablanca.com\/#website","url":"https:\/\/activacostablanca.com\/","name":"Activa Costa Blanca","description":"Activit\u00e9s et excursions sur la Costa Blanca","publisher":{"@id":"https:\/\/activacostablanca.com\/#organization"},"potentialAction":[{"@type":"SearchAction","target":{"@type":"EntryPoint","urlTemplate":"https:\/\/activacostablanca.com\/?s={search_term_string}"},"query-input":{"@type":"PropertyValueSpecification","valueRequired":true,"valueName":"search_term_string"}}],"inLanguage":"fr-FR"},{"@type":"Organization","@id":"https:\/\/activacostablanca.com\/#organization","name":"Activa Costa Blanca","url":"https:\/\/activacostablanca.com\/","logo":{"@type":"ImageObject","inLanguage":"fr-FR","@id":"https:\/\/activacostablanca.com\/#\/schema\/logo\/image\/","url":"https:\/\/activacostablanca.com\/wp-content\/uploads\/2019\/04\/weblogo.png","contentUrl":"https:\/\/activacostablanca.com\/wp-content\/uploads\/2019\/04\/weblogo.png","width":177,"height":46,"caption":"Activa Costa Blanca"},"image":{"@id":"https:\/\/activacostablanca.com\/#\/schema\/logo\/image\/"}},{"@type":"Person","@id":"https:\/\/activacostablanca.com\/#\/schema\/person\/d48fc026c61c0eb79e3b0ade7ab35e79","name":"Activa Costablanca","image":{"@type":"ImageObject","inLanguage":"fr-FR","@id":"https:\/\/activacostablanca.com\/#\/schema\/person\/image\/","url":"https:\/\/secure.gravatar.com\/avatar\/657de7470d8657c20722b4ee0e1d8f7106ae39ef32e2297fb70099296a80867a?s=96&d=mm&r=g","contentUrl":"https:\/\/secure.gravatar.com\/avatar\/657de7470d8657c20722b4ee0e1d8f7106ae39ef32e2297fb70099296a80867a?s=96&d=mm&r=g","caption":"Activa Costablanca"}}]}},"_links":{"self":[{"href":"https:\/\/activacostablanca.com\/fr\/wp-json\/wp\/v2\/posts\/12775","targetHints":{"allow":["GET"]}}],"collection":[{"href":"https:\/\/activacostablanca.com\/fr\/wp-json\/wp\/v2\/posts"}],"about":[{"href":"https:\/\/activacostablanca.com\/fr\/wp-json\/wp\/v2\/types\/post"}],"author":[{"embeddable":true,"href":"https:\/\/activacostablanca.com\/fr\/wp-json\/wp\/v2\/users\/2"}],"replies":[{"embeddable":true,"href":"https:\/\/activacostablanca.com\/fr\/wp-json\/wp\/v2\/comments?post=12775"}],"version-history":[{"count":3,"href":"https:\/\/activacostablanca.com\/fr\/wp-json\/wp\/v2\/posts\/12775\/revisions"}],"predecessor-version":[{"id":13628,"href":"https:\/\/activacostablanca.com\/fr\/wp-json\/wp\/v2\/posts\/12775\/revisions\/13628"}],"wp:featuredmedia":[{"embeddable":true,"href":"https:\/\/activacostablanca.com\/fr\/wp-json\/wp\/v2\/media\/13622"}],"wp:attachment":[{"href":"https:\/\/activacostablanca.com\/fr\/wp-json\/wp\/v2\/media?parent=12775"}],"wp:term":[{"taxonomy":"category","embeddable":true,"href":"https:\/\/activacostablanca.com\/fr\/wp-json\/wp\/v2\/categories?post=12775"},{"taxonomy":"post_tag","embeddable":true,"href":"https:\/\/activacostablanca.com\/fr\/wp-json\/wp\/v2\/tags?post=12775"}],"curies":[{"name":"wp","href":"https:\/\/api.w.org\/{rel}","templated":true}]}}