{"id":12653,"date":"2019-06-15T07:08:04","date_gmt":"2019-06-15T07:08:04","guid":{"rendered":"http:\/\/activacostablanca.com\/non-classifiee\/ix-concurso-de-tapas-y-pinchos-de-benidorm\/"},"modified":"2019-06-15T08:09:05","modified_gmt":"2019-06-15T08:09:05","slug":"ix-concurso-de-tapas-y-pinchos-de-benidorm","status":"publish","type":"post","link":"https:\/\/activacostablanca.com\/fr\/non-classifiee\/ix-concurso-de-tapas-y-pinchos-de-benidorm\/","title":{"rendered":"VIII Concours Tapas &#038; Pinchos Benidorm 2019"},"content":{"rendered":"<div class=\"caja-titulos\"><\/div>\n<div class=\"contenido-editor\">\n<h3>VIII Concours Tapas &amp; Pinchos Benidorm 2019<\/h3>\n<h4>Nos meilleures tapas du 15 au 23 juin<\/h4>\n<p>L&rsquo;un des \u00e9v\u00e9nements les plus attendus de Benidorm Gastron\u00f3mico est le IX Concurso de Tapas y Pinchos \u00e0 Benidorm. Cette ann\u00e9e est c\u00e9l\u00e9br\u00e9e dans sa IX\u00e8me \u00e9dition entre le 15 et le 23 juin, les \u00e9tablissements pr\u00e9sentent leurs excellentes cr\u00e9ations de premier niveau.<\/p>\n<p>Benidorm Gastron\u00f3mico&rsquo; est une vitrine fondamentale de notre offre touristique et arrive \u00e0 une date importante avec le IX Concurso de Tapas y Pinchos qui a lieu du 15 au 23 juin. Un \u00e9v\u00e9nement qui c\u00e9l\u00e8bre une partie substantielle de la culture culinaire espagnole dans laquelle nous pouvons trouver les tapas les plus traditionnelles aux plus avant-gardistes.<\/p>\n<p>Abreca et Cobreca, avec leurs associ\u00e9s et professionnels, avec le soutien du D\u00e9partement du Tourisme, ont de nouveau fait un pas en avant pour nous offrir tout un parcours urbain o\u00f9 tapas et pinchos seront les protagonistes.<\/p>\n<p>Traduit avec www.DeepL.com\/Translator<\/p>\n<p><a href=\"https:\/\/www.visitbenidorm.es\/bd\/archivos\/archivo1020.pdf\">Descarga aqu\u00ed toda la informaci\u00f3n<\/a><\/p>\n<\/div>\n","protected":false},"excerpt":{"rendered":"<p>VIII Concours Tapas &amp; Pinchos Benidorm 2019 Nos meilleures tapas du 15 au 23 juin L&rsquo;un des \u00e9v\u00e9nements les plus attendus de Benidorm Gastron\u00f3mico est le IX Concurso de Tapas y Pinchos \u00e0 Benidorm. Cette ann\u00e9e est c\u00e9l\u00e9br\u00e9e dans sa IX\u00e8me \u00e9dition entre le 15 et le 23 juin, les \u00e9tablissements pr\u00e9sentent leurs excellentes cr\u00e9ations [&hellip;]<\/p>\n","protected":false},"author":2,"featured_media":12639,"comment_status":"open","ping_status":"open","sticky":false,"template":"","format":"standard","meta":{"_exactmetrics_skip_tracking":false,"_exactmetrics_sitenote_active":false,"_exactmetrics_sitenote_note":"","_exactmetrics_sitenote_category":0,"footnotes":""},"categories":[],"tags":[3432,3431],"class_list":["post-12653","post","type-post","status-publish","format-standard","has-post-thumbnail","hentry","tag-lun-des-evenements-les-plus-attendus-de-benidorm","tag-viii-concours-tapas-pinchos-benidorm-2019"],"yoast_head":"<!-- This site is optimized with the Yoast SEO plugin v25.0 - https:\/\/yoast.com\/wordpress\/plugins\/seo\/ -->\n<title>VIII Concours Tapas &amp; Pinchos Benidorm 2019 - Activa Costa Blanca<\/title>\n<meta name=\"robots\" content=\"index, follow, max-snippet:-1, max-image-preview:large, max-video-preview:-1\" \/>\n<link rel=\"canonical\" href=\"https:\/\/activacostablanca.com\/fr\/eventos-gastronomicos-fr\/ix-concurso-de-tapas-y-pinchos-de-benidorm\/\" \/>\n<meta property=\"og:locale\" content=\"fr_FR\" \/>\n<meta property=\"og:type\" content=\"article\" \/>\n<meta property=\"og:title\" content=\"VIII Concours Tapas &amp; Pinchos Benidorm 2019 - Activa Costa Blanca\" \/>\n<meta property=\"og:description\" content=\"VIII Concours Tapas &amp; Pinchos Benidorm 2019 Nos meilleures tapas du 15 au 23 juin L&rsquo;un des \u00e9v\u00e9nements les plus attendus de Benidorm Gastron\u00f3mico est le IX Concurso de Tapas y Pinchos \u00e0 Benidorm. Cette ann\u00e9e est c\u00e9l\u00e9br\u00e9e dans sa IX\u00e8me \u00e9dition entre le 15 et le 23 juin, les \u00e9tablissements pr\u00e9sentent leurs excellentes cr\u00e9ations [&hellip;]\" \/>\n<meta property=\"og:url\" content=\"https:\/\/activacostablanca.com\/fr\/eventos-gastronomicos-fr\/ix-concurso-de-tapas-y-pinchos-de-benidorm\/\" \/>\n<meta property=\"og:site_name\" content=\"Activa Costa Blanca\" \/>\n<meta property=\"article:published_time\" content=\"2019-06-15T07:08:04+00:00\" \/>\n<meta property=\"article:modified_time\" content=\"2019-06-15T08:09:05+00:00\" \/>\n<meta property=\"og:image\" content=\"https:\/\/activacostablanca.com\/wp-content\/uploads\/2019\/06\/imagen7123d.jpg\" \/>\n\t<meta property=\"og:image:width\" content=\"825\" \/>\n\t<meta property=\"og:image:height\" content=\"425\" \/>\n\t<meta property=\"og:image:type\" content=\"image\/jpeg\" \/>\n<meta name=\"author\" content=\"Activa Costablanca\" \/>\n<meta name=\"twitter:card\" content=\"summary_large_image\" \/>\n<meta name=\"twitter:label1\" content=\"\u00c9crit par\" \/>\n\t<meta name=\"twitter:data1\" content=\"Activa Costablanca\" \/>\n\t<meta name=\"twitter:label2\" content=\"Dur\u00e9e de lecture estim\u00e9e\" \/>\n\t<meta name=\"twitter:data2\" content=\"1 minute\" \/>\n<script type=\"application\/ld+json\" class=\"yoast-schema-graph\">{\"@context\":\"https:\/\/schema.org\",\"@graph\":[{\"@type\":\"Article\",\"@id\":\"https:\/\/activacostablanca.com\/fr\/eventos-gastronomicos-fr\/ix-concurso-de-tapas-y-pinchos-de-benidorm\/#article\",\"isPartOf\":{\"@id\":\"https:\/\/activacostablanca.com\/fr\/eventos-gastronomicos-fr\/ix-concurso-de-tapas-y-pinchos-de-benidorm\/\"},\"author\":{\"name\":\"Activa Costablanca\",\"@id\":\"https:\/\/activacostablanca.com\/#\/schema\/person\/d48fc026c61c0eb79e3b0ade7ab35e79\"},\"headline\":\"VIII Concours Tapas &#038; Pinchos Benidorm 2019\",\"datePublished\":\"2019-06-15T07:08:04+00:00\",\"dateModified\":\"2019-06-15T08:09:05+00:00\",\"mainEntityOfPage\":{\"@id\":\"https:\/\/activacostablanca.com\/fr\/eventos-gastronomicos-fr\/ix-concurso-de-tapas-y-pinchos-de-benidorm\/\"},\"wordCount\":175,\"commentCount\":0,\"publisher\":{\"@id\":\"https:\/\/activacostablanca.com\/#organization\"},\"image\":{\"@id\":\"https:\/\/activacostablanca.com\/fr\/eventos-gastronomicos-fr\/ix-concurso-de-tapas-y-pinchos-de-benidorm\/#primaryimage\"},\"thumbnailUrl\":\"https:\/\/activacostablanca.com\/wp-content\/uploads\/2019\/06\/imagen7123d.jpg\",\"keywords\":[\"L'un des \u00e9v\u00e9nements les plus attendus de Benidorm\",\"VIII Concours Tapas &amp; Pinchos Benidorm 2019\"],\"inLanguage\":\"fr-FR\",\"potentialAction\":[{\"@type\":\"CommentAction\",\"name\":\"Comment\",\"target\":[\"https:\/\/activacostablanca.com\/fr\/eventos-gastronomicos-fr\/ix-concurso-de-tapas-y-pinchos-de-benidorm\/#respond\"]}]},{\"@type\":\"WebPage\",\"@id\":\"https:\/\/activacostablanca.com\/fr\/eventos-gastronomicos-fr\/ix-concurso-de-tapas-y-pinchos-de-benidorm\/\",\"url\":\"https:\/\/activacostablanca.com\/fr\/eventos-gastronomicos-fr\/ix-concurso-de-tapas-y-pinchos-de-benidorm\/\",\"name\":\"VIII Concours Tapas & Pinchos Benidorm 2019 - Activa Costa Blanca\",\"isPartOf\":{\"@id\":\"https:\/\/activacostablanca.com\/#website\"},\"primaryImageOfPage\":{\"@id\":\"https:\/\/activacostablanca.com\/fr\/eventos-gastronomicos-fr\/ix-concurso-de-tapas-y-pinchos-de-benidorm\/#primaryimage\"},\"image\":{\"@id\":\"https:\/\/activacostablanca.com\/fr\/eventos-gastronomicos-fr\/ix-concurso-de-tapas-y-pinchos-de-benidorm\/#primaryimage\"},\"thumbnailUrl\":\"https:\/\/activacostablanca.com\/wp-content\/uploads\/2019\/06\/imagen7123d.jpg\",\"datePublished\":\"2019-06-15T07:08:04+00:00\",\"dateModified\":\"2019-06-15T08:09:05+00:00\",\"breadcrumb\":{\"@id\":\"https:\/\/activacostablanca.com\/fr\/eventos-gastronomicos-fr\/ix-concurso-de-tapas-y-pinchos-de-benidorm\/#breadcrumb\"},\"inLanguage\":\"fr-FR\",\"potentialAction\":[{\"@type\":\"ReadAction\",\"target\":[\"https:\/\/activacostablanca.com\/fr\/eventos-gastronomicos-fr\/ix-concurso-de-tapas-y-pinchos-de-benidorm\/\"]}]},{\"@type\":\"ImageObject\",\"inLanguage\":\"fr-FR\",\"@id\":\"https:\/\/activacostablanca.com\/fr\/eventos-gastronomicos-fr\/ix-concurso-de-tapas-y-pinchos-de-benidorm\/#primaryimage\",\"url\":\"https:\/\/activacostablanca.com\/wp-content\/uploads\/2019\/06\/imagen7123d.jpg\",\"contentUrl\":\"https:\/\/activacostablanca.com\/wp-content\/uploads\/2019\/06\/imagen7123d.jpg\",\"width\":825,\"height\":425},{\"@type\":\"BreadcrumbList\",\"@id\":\"https:\/\/activacostablanca.com\/fr\/eventos-gastronomicos-fr\/ix-concurso-de-tapas-y-pinchos-de-benidorm\/#breadcrumb\",\"itemListElement\":[{\"@type\":\"ListItem\",\"position\":1,\"name\":\"Portada\",\"item\":\"https:\/\/activacostablanca.com\/fr\/\"},{\"@type\":\"ListItem\",\"position\":2,\"name\":\"VIII Concours Tapas &#038; Pinchos Benidorm 2019\"}]},{\"@type\":\"WebSite\",\"@id\":\"https:\/\/activacostablanca.com\/#website\",\"url\":\"https:\/\/activacostablanca.com\/\",\"name\":\"Activa Costa Blanca\",\"description\":\"Activit\u00e9s et excursions sur la Costa Blanca\",\"publisher\":{\"@id\":\"https:\/\/activacostablanca.com\/#organization\"},\"potentialAction\":[{\"@type\":\"SearchAction\",\"target\":{\"@type\":\"EntryPoint\",\"urlTemplate\":\"https:\/\/activacostablanca.com\/?s={search_term_string}\"},\"query-input\":{\"@type\":\"PropertyValueSpecification\",\"valueRequired\":true,\"valueName\":\"search_term_string\"}}],\"inLanguage\":\"fr-FR\"},{\"@type\":\"Organization\",\"@id\":\"https:\/\/activacostablanca.com\/#organization\",\"name\":\"Activa Costa Blanca\",\"url\":\"https:\/\/activacostablanca.com\/\",\"logo\":{\"@type\":\"ImageObject\",\"inLanguage\":\"fr-FR\",\"@id\":\"https:\/\/activacostablanca.com\/#\/schema\/logo\/image\/\",\"url\":\"https:\/\/activacostablanca.com\/wp-content\/uploads\/2019\/04\/weblogo.png\",\"contentUrl\":\"https:\/\/activacostablanca.com\/wp-content\/uploads\/2019\/04\/weblogo.png\",\"width\":177,\"height\":46,\"caption\":\"Activa Costa Blanca\"},\"image\":{\"@id\":\"https:\/\/activacostablanca.com\/#\/schema\/logo\/image\/\"}},{\"@type\":\"Person\",\"@id\":\"https:\/\/activacostablanca.com\/#\/schema\/person\/d48fc026c61c0eb79e3b0ade7ab35e79\",\"name\":\"Activa Costablanca\",\"image\":{\"@type\":\"ImageObject\",\"inLanguage\":\"fr-FR\",\"@id\":\"https:\/\/activacostablanca.com\/#\/schema\/person\/image\/\",\"url\":\"https:\/\/secure.gravatar.com\/avatar\/657de7470d8657c20722b4ee0e1d8f7106ae39ef32e2297fb70099296a80867a?s=96&d=mm&r=g\",\"contentUrl\":\"https:\/\/secure.gravatar.com\/avatar\/657de7470d8657c20722b4ee0e1d8f7106ae39ef32e2297fb70099296a80867a?s=96&d=mm&r=g\",\"caption\":\"Activa Costablanca\"}}]}<\/script>\n<!-- \/ Yoast SEO plugin. -->","yoast_head_json":{"title":"VIII Concours Tapas & Pinchos Benidorm 2019 - Activa Costa Blanca","robots":{"index":"index","follow":"follow","max-snippet":"max-snippet:-1","max-image-preview":"max-image-preview:large","max-video-preview":"max-video-preview:-1"},"canonical":"https:\/\/activacostablanca.com\/fr\/eventos-gastronomicos-fr\/ix-concurso-de-tapas-y-pinchos-de-benidorm\/","og_locale":"fr_FR","og_type":"article","og_title":"VIII Concours Tapas & Pinchos Benidorm 2019 - Activa Costa Blanca","og_description":"VIII Concours Tapas &amp; Pinchos Benidorm 2019 Nos meilleures tapas du 15 au 23 juin L&rsquo;un des \u00e9v\u00e9nements les plus attendus de Benidorm Gastron\u00f3mico est le IX Concurso de Tapas y Pinchos \u00e0 Benidorm. Cette ann\u00e9e est c\u00e9l\u00e9br\u00e9e dans sa IX\u00e8me \u00e9dition entre le 15 et le 23 juin, les \u00e9tablissements pr\u00e9sentent leurs excellentes cr\u00e9ations [&hellip;]","og_url":"https:\/\/activacostablanca.com\/fr\/eventos-gastronomicos-fr\/ix-concurso-de-tapas-y-pinchos-de-benidorm\/","og_site_name":"Activa Costa Blanca","article_published_time":"2019-06-15T07:08:04+00:00","article_modified_time":"2019-06-15T08:09:05+00:00","og_image":[{"width":825,"height":425,"url":"https:\/\/activacostablanca.com\/wp-content\/uploads\/2019\/06\/imagen7123d.jpg","type":"image\/jpeg"}],"author":"Activa Costablanca","twitter_card":"summary_large_image","twitter_misc":{"\u00c9crit par":"Activa Costablanca","Dur\u00e9e de lecture estim\u00e9e":"1 minute"},"schema":{"@context":"https:\/\/schema.org","@graph":[{"@type":"Article","@id":"https:\/\/activacostablanca.com\/fr\/eventos-gastronomicos-fr\/ix-concurso-de-tapas-y-pinchos-de-benidorm\/#article","isPartOf":{"@id":"https:\/\/activacostablanca.com\/fr\/eventos-gastronomicos-fr\/ix-concurso-de-tapas-y-pinchos-de-benidorm\/"},"author":{"name":"Activa Costablanca","@id":"https:\/\/activacostablanca.com\/#\/schema\/person\/d48fc026c61c0eb79e3b0ade7ab35e79"},"headline":"VIII Concours Tapas &#038; Pinchos Benidorm 2019","datePublished":"2019-06-15T07:08:04+00:00","dateModified":"2019-06-15T08:09:05+00:00","mainEntityOfPage":{"@id":"https:\/\/activacostablanca.com\/fr\/eventos-gastronomicos-fr\/ix-concurso-de-tapas-y-pinchos-de-benidorm\/"},"wordCount":175,"commentCount":0,"publisher":{"@id":"https:\/\/activacostablanca.com\/#organization"},"image":{"@id":"https:\/\/activacostablanca.com\/fr\/eventos-gastronomicos-fr\/ix-concurso-de-tapas-y-pinchos-de-benidorm\/#primaryimage"},"thumbnailUrl":"https:\/\/activacostablanca.com\/wp-content\/uploads\/2019\/06\/imagen7123d.jpg","keywords":["L'un des \u00e9v\u00e9nements les plus attendus de Benidorm","VIII Concours Tapas &amp; Pinchos Benidorm 2019"],"inLanguage":"fr-FR","potentialAction":[{"@type":"CommentAction","name":"Comment","target":["https:\/\/activacostablanca.com\/fr\/eventos-gastronomicos-fr\/ix-concurso-de-tapas-y-pinchos-de-benidorm\/#respond"]}]},{"@type":"WebPage","@id":"https:\/\/activacostablanca.com\/fr\/eventos-gastronomicos-fr\/ix-concurso-de-tapas-y-pinchos-de-benidorm\/","url":"https:\/\/activacostablanca.com\/fr\/eventos-gastronomicos-fr\/ix-concurso-de-tapas-y-pinchos-de-benidorm\/","name":"VIII Concours Tapas & Pinchos Benidorm 2019 - Activa Costa Blanca","isPartOf":{"@id":"https:\/\/activacostablanca.com\/#website"},"primaryImageOfPage":{"@id":"https:\/\/activacostablanca.com\/fr\/eventos-gastronomicos-fr\/ix-concurso-de-tapas-y-pinchos-de-benidorm\/#primaryimage"},"image":{"@id":"https:\/\/activacostablanca.com\/fr\/eventos-gastronomicos-fr\/ix-concurso-de-tapas-y-pinchos-de-benidorm\/#primaryimage"},"thumbnailUrl":"https:\/\/activacostablanca.com\/wp-content\/uploads\/2019\/06\/imagen7123d.jpg","datePublished":"2019-06-15T07:08:04+00:00","dateModified":"2019-06-15T08:09:05+00:00","breadcrumb":{"@id":"https:\/\/activacostablanca.com\/fr\/eventos-gastronomicos-fr\/ix-concurso-de-tapas-y-pinchos-de-benidorm\/#breadcrumb"},"inLanguage":"fr-FR","potentialAction":[{"@type":"ReadAction","target":["https:\/\/activacostablanca.com\/fr\/eventos-gastronomicos-fr\/ix-concurso-de-tapas-y-pinchos-de-benidorm\/"]}]},{"@type":"ImageObject","inLanguage":"fr-FR","@id":"https:\/\/activacostablanca.com\/fr\/eventos-gastronomicos-fr\/ix-concurso-de-tapas-y-pinchos-de-benidorm\/#primaryimage","url":"https:\/\/activacostablanca.com\/wp-content\/uploads\/2019\/06\/imagen7123d.jpg","contentUrl":"https:\/\/activacostablanca.com\/wp-content\/uploads\/2019\/06\/imagen7123d.jpg","width":825,"height":425},{"@type":"BreadcrumbList","@id":"https:\/\/activacostablanca.com\/fr\/eventos-gastronomicos-fr\/ix-concurso-de-tapas-y-pinchos-de-benidorm\/#breadcrumb","itemListElement":[{"@type":"ListItem","position":1,"name":"Portada","item":"https:\/\/activacostablanca.com\/fr\/"},{"@type":"ListItem","position":2,"name":"VIII Concours Tapas &#038; Pinchos Benidorm 2019"}]},{"@type":"WebSite","@id":"https:\/\/activacostablanca.com\/#website","url":"https:\/\/activacostablanca.com\/","name":"Activa Costa Blanca","description":"Activit\u00e9s et excursions sur la Costa Blanca","publisher":{"@id":"https:\/\/activacostablanca.com\/#organization"},"potentialAction":[{"@type":"SearchAction","target":{"@type":"EntryPoint","urlTemplate":"https:\/\/activacostablanca.com\/?s={search_term_string}"},"query-input":{"@type":"PropertyValueSpecification","valueRequired":true,"valueName":"search_term_string"}}],"inLanguage":"fr-FR"},{"@type":"Organization","@id":"https:\/\/activacostablanca.com\/#organization","name":"Activa Costa Blanca","url":"https:\/\/activacostablanca.com\/","logo":{"@type":"ImageObject","inLanguage":"fr-FR","@id":"https:\/\/activacostablanca.com\/#\/schema\/logo\/image\/","url":"https:\/\/activacostablanca.com\/wp-content\/uploads\/2019\/04\/weblogo.png","contentUrl":"https:\/\/activacostablanca.com\/wp-content\/uploads\/2019\/04\/weblogo.png","width":177,"height":46,"caption":"Activa Costa Blanca"},"image":{"@id":"https:\/\/activacostablanca.com\/#\/schema\/logo\/image\/"}},{"@type":"Person","@id":"https:\/\/activacostablanca.com\/#\/schema\/person\/d48fc026c61c0eb79e3b0ade7ab35e79","name":"Activa Costablanca","image":{"@type":"ImageObject","inLanguage":"fr-FR","@id":"https:\/\/activacostablanca.com\/#\/schema\/person\/image\/","url":"https:\/\/secure.gravatar.com\/avatar\/657de7470d8657c20722b4ee0e1d8f7106ae39ef32e2297fb70099296a80867a?s=96&d=mm&r=g","contentUrl":"https:\/\/secure.gravatar.com\/avatar\/657de7470d8657c20722b4ee0e1d8f7106ae39ef32e2297fb70099296a80867a?s=96&d=mm&r=g","caption":"Activa Costablanca"}}]}},"_links":{"self":[{"href":"https:\/\/activacostablanca.com\/fr\/wp-json\/wp\/v2\/posts\/12653","targetHints":{"allow":["GET"]}}],"collection":[{"href":"https:\/\/activacostablanca.com\/fr\/wp-json\/wp\/v2\/posts"}],"about":[{"href":"https:\/\/activacostablanca.com\/fr\/wp-json\/wp\/v2\/types\/post"}],"author":[{"embeddable":true,"href":"https:\/\/activacostablanca.com\/fr\/wp-json\/wp\/v2\/users\/2"}],"replies":[{"embeddable":true,"href":"https:\/\/activacostablanca.com\/fr\/wp-json\/wp\/v2\/comments?post=12653"}],"version-history":[{"count":2,"href":"https:\/\/activacostablanca.com\/fr\/wp-json\/wp\/v2\/posts\/12653\/revisions"}],"predecessor-version":[{"id":12657,"href":"https:\/\/activacostablanca.com\/fr\/wp-json\/wp\/v2\/posts\/12653\/revisions\/12657"}],"wp:featuredmedia":[{"embeddable":true,"href":"https:\/\/activacostablanca.com\/fr\/wp-json\/wp\/v2\/media\/12639"}],"wp:attachment":[{"href":"https:\/\/activacostablanca.com\/fr\/wp-json\/wp\/v2\/media?parent=12653"}],"wp:term":[{"taxonomy":"category","embeddable":true,"href":"https:\/\/activacostablanca.com\/fr\/wp-json\/wp\/v2\/categories?post=12653"},{"taxonomy":"post_tag","embeddable":true,"href":"https:\/\/activacostablanca.com\/fr\/wp-json\/wp\/v2\/tags?post=12653"}],"curies":[{"name":"wp","href":"https:\/\/api.w.org\/{rel}","templated":true}]}}