{"id":12608,"date":"2019-04-26T20:52:08","date_gmt":"2019-04-26T20:52:08","guid":{"rendered":"http:\/\/activacostablanca.com\/non-classifiee\/salon-nautico-denia\/"},"modified":"2019-06-04T21:51:39","modified_gmt":"2019-06-04T21:51:39","slug":"salon-nautico-denia","status":"publish","type":"post","link":"https:\/\/activacostablanca.com\/fr\/non-classifiee\/salon-nautico-denia\/","title":{"rendered":"Sal\u00f3n N\u00e1utico D\u00e9nia"},"content":{"rendered":"<p>LES DONN\u00c9ES DU SALON<\/p>\n<p>Municipalit\u00e9:D\u00e9niaSi\u00e8ge social:Puerto Deportivo y Tur\u00edstico Marina de D\u00e9nia<\/p>\n<p>Type d&rsquo;exposants : Location nautique, sports nautiques singuliers, achat et vente de bateaux, gastronomie, formation nautique, loisirs pour enfants.<\/p>\n<p>Destin\u00e9 au grand public, aux amoureux de la mer, aux sportifs nautiques et aux professionnels du secteur nautique Objectifs:Diffuser les sports nautiques, dynamiser l&rsquo;achat et la vente de bateaux et proposer des alternatives de loisirs par le biais du tourisme nautique.\u00a0T\u00e9l\u00e9charger le programme d&rsquo;activit\u00e9s MERCREDI 1er MAI 11:00 &#8211; 14:00 VISITE GRATUITE AU BALL DE SAAVEDRA CERVANTES. 10:00-14:00\/16:00-20:00 H. TRAIN TOURISTIQUE GRATUIT*.10:00\/11:30\/13.00 H. SORTIES EN CATAMARAN DANS LA R\u00c9SERVE MARINE*. COLLECTE POUR APAD ET ALDEA FELINA D\u00c9NIA.10:00-14:00-14:00\/16:00-20:00 H. ATELIERS POUR ENFANTS.10:00 H &#8211; 19:00 H VISITES AU BATEAU NAO VICTORIA*.10:00-14:00-16:00\/16:00-20:00 H. EXPOSITION D&rsquo;ART \u00c0 LA GALERIE DE LA MARINA \u00c0 D\u00c9NIA.10:00 H. \u00c0 14:00 H. BAPT\u00caMES PADDLE SURF, CANO\u00cb HAWA\u00cfEN, SUP ET GRAND SUP.10:00 H. \u00c0 14:00 H. ESSAIS EN MER EN CHARGE DES CLUBS D&rsquo;AVIRON, DE CANO\u00cb ET DE SURF DE LA MARINA DE D\u00c9NIA.11:00 H. INAUGURATION DE L&rsquo;EXPOSITION NAUTIQUE DE D\u00c9NIA.11:00 H. GYMKANA MARINE POUR LES ENFANTS.12:30 H. EXPOSITION JET SURF (PLANCHES DE SURF MOTORIS\u00c9ES) PAR JETSURF D\u00c9NIA.17:00 H. GYMKHANA MARINE POUR ENFANTS. 18:00 &#8211; 23:00 H. MUSIQUE LIVE DANS LA TENTE CENTRALETHURSDAY MAI 210:00-14:00\/16:00-20:00 H TRAIN TOURISTIQUE GRATUIT*.10:00-14:00\/16:00-16:00-20:00 H. ATELIERS POUR ENFANTS.10.00 H &#8211; 19.00 H. VISITE EN BATEAU NAO VICTORIA*.10:00-14:00-14:00\/16:00-20:00 H. EXPOSITION D&rsquo;ART \u00c0 LA GALERIE DE LA MARINA DE DENIA.\u00a010:00-14:00 H. BAPT\u00caMES PADDLE SURFING, CANO\u00cbS HAWA\u00cfENS, SUP ET GRAND SUP.12:30 H. D\u00c9PARTS EN CATAMARAN VERS LA R\u00c9SERVE MARINE, PRISE EN CHARGE POUR LA CROIX ROUGE*.18:00 &#8211; 23:00 H. MUSIQUE EN DIRECT LE VENDREDI 3 MAI 10:30-14:30-14:00\/16:00-20:00 H. TRAIN TOURISTIQUE GRATUIT*.10:00-14:00-16:00\/16:00-20:00 H. ATELIERS POUR ENFANTS.10.00 H &#8211; 19.00 H VISITES AU BATEAU NAO VICTORIA*.10:00-14:00-16:00\/16:00-20:00 H. EXPOSITION D&rsquo;ART \u00c0 LA GALERIE DE LA MARINA DE D\u00c9NIA.10.00H \u00c0 12.00H. BAPT\u00caMES PADDLE SURFING, CANO\u00cbS HAWA\u00cfENS, SUP ET BIG SUP.13.00 H. D\u00c9PARTS EN CATAMARAN VERS LA R\u00c9SERVE MARINE, PRISE EN CHARGE POUR LA CROIX ROUGE*.18:00 &#8211; 23:00 H. MUSIQUE LIVE DANS LA TENTE CENTRALE SAMEDI 4 MAI 10:00-14:00\/16:00-20:00 TRAIN TOURISTIQUE GRATUIT*.10:00\/11:30\/13.00 H. D\u00c9PARTS EN CATAMARAN VERS LA R\u00c9SERVE MARINE, LEV\u00c9E DE FONDS POUR LA LUTTE CONTRE LE CANCER*.10:00-14:00-14:00\/16:00-20:00 H. ATELIERS POUR ENFANTS. 10:00 H &#8211; 19:00 H. VISITES AU BATEAU NAO VICTORIA*.10:00-14:00-14:00\/16:00-20:00 H. EXPOSITION D&rsquo;ART \u00c0 LA GALERIE DE LA MARINA \u00c0 D\u00c9NIA.10.00 H. A 14.00 H. BAPT\u00caMES PADDLE SURFING, CANO\u00cbS HAWA\u00cfENS, SUP ET GRAND SUP.10:00 H. \u00c0 14:00 H. ESSAIS EN MER EN CHARGE DES CLUBS D&rsquo;AVIRON, DE CANO\u00cb ET DE SURF EN MER DE D\u00c9NIA.11:00 H. REL\u00c2CHER LA R\u00c9SERVE DE TORTUES MARINES &#8211; ENVIRONNEMENT CONSELLERIA.11:00 H. ATELIER DE PEINTURE POUR ENFANTS SUR LE TH\u00c8ME \u00ab\u00a0LA MER\u00a0\u00bb. INSCRIPTION PR\u00c9ALABLE SUR LE FACEBOOK DU SALON NAUTIQUE D\u00c9NIA. PLACES LIMIT\u00c9ES POUR 15 ENFANTS. *\u00c2GE MINIMUM 6 ANS.11:00 H. GYMKANA MARINE POUR LES ENFANTS. 12:00 H. H\u00c9LICOPT\u00c8RE SIMUL\u00c9 RESCASTE HELIMER-SASEMAR.12:30 H. EXPOSITION DE FLYBOARD PAR RAZ-DE-MAR\u00c9E. FLYBOARD17:00 H. ATELIER DE PEINTURE POUR ENFANTS SUR LE TH\u00c8ME \u00ab\u00a0LA MER\u00a0\u00bb. INSCRIPTION PR\u00c9ALABLE SUR LE FACEBOOK DU SALON NAUTIQUE D\u00c9NIA. PLACES LIMIT\u00c9ES POUR 15 ENFANTS.17:00 H. GYMKANA MARINE POUR LES ENFANTS. 18:00 &#8211; 23:00 H. MUSIQUE LIVE DANS LA TENTE CENTRALE DIMANCHE 5 MAI 10:00-14:00\/16:00-20:00 H TRAIN TOURISTIQUE GRATUIT*.10:00\/11:30\/13.00 H. EXCURSIONS EN CATAMARAN VERS LA R\u00c9SERVE MARINE, TURKANA*.10:00-14:00-14:00\/16:00-20:00 H. ATELIERS POUR ENFANTS. 10.00 H &#8211; 19.00 H VISITES AU BATEAU NAO VICTORIA*.10:00-14:00 H. EXPOSITION D&rsquo;ART \u00c0 LA GALERIE DE LA MARINA \u00c0 D\u00c9NIA.10:00-14:00-14:00\/16:00-20:00 H BAPT\u00caMES PADDLE SURFING, HAWAIIAN CANOES, SUP ET BIG SUP.10.00H \u00c0 14.00 H. ESSAIS EN MER EN CHARGE DES CLUBS D&rsquo;AVIRON, DE CANO\u00cb ET DE SURF DE LA MARINA DE D\u00c9NIA.11.00 H.\u00a0GYMKANA MARINE POUR LES ENFANTS.11:30 H.\u00a0EXPOSITION DE SAUVETAGE CANIN DE TERRE-NEUVE PAR MARENOSTRUM.12:30 H.\u00a0BATUCADA ONDARATTACK ESCOLA DE SAMBA I PERCUSI\u00d3.18:00 &#8211; 23:00 H. MUSIQUE EN DIRECT DANS LA TENTE CENTRALE*ARRET DE TRAIN DES TOURISTES : Destination Marina de D\u00e9nia.1\u00aa Final de Marques de Campo, \u00e0 c\u00f4t\u00e9 de Cruz Roja.2\u00aa Arr\u00eat de bus pr\u00e8s de la Lonja.3\u00aa En face du parking de la Plaza Benidorm.\u00a0*SORTIES CATAMARANES : prix 2\u20ac adulte, 1\u20ac enfant jusqu&rsquo;\u00e0 12 ans. Collection pour Apad, Aldea Felina D\u00e9nia, Asociaci\u00f3n Turkana, Asociaci\u00f3n Amunt Contra el C\u00e1ncer et Croix-Rouge. Vente des billets une heure avant chaque d\u00e9part *VISITAS NAO VICTORIA BOAT : Prix 5\u20ac adulte. 3\u20ac enfant. 12\u20ac familles. Enfants de 5 \u00e0 10 ans. Gratuit pour les enfants de moins de 5 ans qui doivent \u00eatre accompagn\u00e9s d&rsquo;un adulte. Forfait familial pour deux adultes et jusqu&rsquo;\u00e0 trois enfants de 5 \u00e0 10 ans. Le quatri\u00e8me enfant paie normalement. Visites guid\u00e9es pour groupes ou \u00e9coles contact<\/p>\n","protected":false},"excerpt":{"rendered":"<p>Tipo de expositores: Ch\u00e1rter n\u00e1utico, deportes n\u00e1uticos singulares, compra venta de embarcaciones, gastronom\u00eda, formaci\u00f3n n\u00e1utica, ocio infantil<\/p>\n","protected":false},"author":2,"featured_media":12609,"comment_status":"open","ping_status":"open","sticky":false,"template":"","format":"standard","meta":{"_exactmetrics_skip_tracking":false,"_exactmetrics_sitenote_active":false,"_exactmetrics_sitenote_note":"","_exactmetrics_sitenote_category":0,"footnotes":""},"categories":[],"tags":[],"class_list":["post-12608","post","type-post","status-publish","format-standard","has-post-thumbnail","hentry"],"yoast_head":"<!-- This site is optimized with the Yoast SEO plugin v25.0 - https:\/\/yoast.com\/wordpress\/plugins\/seo\/ -->\n<title>Sal\u00f3n N\u00e1utico D\u00e9nia - Activa Costa Blanca<\/title>\n<meta name=\"robots\" content=\"index, follow, max-snippet:-1, max-image-preview:large, max-video-preview:-1\" \/>\n<link rel=\"canonical\" href=\"https:\/\/activacostablanca.com\/fr\/eventos-fr\/salon-nautico-denia\/\" \/>\n<meta property=\"og:locale\" content=\"fr_FR\" \/>\n<meta property=\"og:type\" content=\"article\" \/>\n<meta property=\"og:title\" content=\"Sal\u00f3n N\u00e1utico D\u00e9nia - Activa Costa Blanca\" \/>\n<meta property=\"og:description\" content=\"Tipo de expositores: Ch\u00e1rter n\u00e1utico, deportes n\u00e1uticos singulares, compra venta de embarcaciones, gastronom\u00eda, formaci\u00f3n n\u00e1utica, ocio infantil\" \/>\n<meta property=\"og:url\" content=\"https:\/\/activacostablanca.com\/fr\/eventos-fr\/salon-nautico-denia\/\" \/>\n<meta property=\"og:site_name\" content=\"Activa Costa Blanca\" \/>\n<meta property=\"article:published_time\" content=\"2019-04-26T20:52:08+00:00\" \/>\n<meta property=\"article:modified_time\" content=\"2019-06-04T21:51:39+00:00\" \/>\n<meta property=\"og:image\" content=\"https:\/\/activacostablanca.com\/wp-content\/uploads\/2019\/04\/ProgramaXIISND.jpg\" \/>\n\t<meta property=\"og:image:width\" content=\"583\" \/>\n\t<meta property=\"og:image:height\" content=\"827\" \/>\n\t<meta property=\"og:image:type\" content=\"image\/jpeg\" \/>\n<meta name=\"author\" content=\"Activa Costablanca\" \/>\n<meta name=\"twitter:card\" content=\"summary_large_image\" \/>\n<meta name=\"twitter:label1\" content=\"\u00c9crit par\" \/>\n\t<meta name=\"twitter:data1\" content=\"Activa Costablanca\" \/>\n\t<meta name=\"twitter:label2\" content=\"Dur\u00e9e de lecture estim\u00e9e\" \/>\n\t<meta name=\"twitter:data2\" content=\"4 minutes\" \/>\n<script type=\"application\/ld+json\" class=\"yoast-schema-graph\">{\"@context\":\"https:\/\/schema.org\",\"@graph\":[{\"@type\":\"Article\",\"@id\":\"https:\/\/activacostablanca.com\/fr\/eventos-fr\/salon-nautico-denia\/#article\",\"isPartOf\":{\"@id\":\"https:\/\/activacostablanca.com\/fr\/eventos-fr\/salon-nautico-denia\/\"},\"author\":{\"name\":\"Activa Costablanca\",\"@id\":\"https:\/\/activacostablanca.com\/#\/schema\/person\/d48fc026c61c0eb79e3b0ade7ab35e79\"},\"headline\":\"Sal\u00f3n N\u00e1utico D\u00e9nia\",\"datePublished\":\"2019-04-26T20:52:08+00:00\",\"dateModified\":\"2019-06-04T21:51:39+00:00\",\"mainEntityOfPage\":{\"@id\":\"https:\/\/activacostablanca.com\/fr\/eventos-fr\/salon-nautico-denia\/\"},\"wordCount\":807,\"commentCount\":0,\"publisher\":{\"@id\":\"https:\/\/activacostablanca.com\/#organization\"},\"image\":{\"@id\":\"https:\/\/activacostablanca.com\/fr\/eventos-fr\/salon-nautico-denia\/#primaryimage\"},\"thumbnailUrl\":\"https:\/\/activacostablanca.com\/wp-content\/uploads\/2019\/04\/ProgramaXIISND.jpg\",\"inLanguage\":\"fr-FR\",\"potentialAction\":[{\"@type\":\"CommentAction\",\"name\":\"Comment\",\"target\":[\"https:\/\/activacostablanca.com\/fr\/eventos-fr\/salon-nautico-denia\/#respond\"]}]},{\"@type\":\"WebPage\",\"@id\":\"https:\/\/activacostablanca.com\/fr\/eventos-fr\/salon-nautico-denia\/\",\"url\":\"https:\/\/activacostablanca.com\/fr\/eventos-fr\/salon-nautico-denia\/\",\"name\":\"Sal\u00f3n N\u00e1utico D\u00e9nia - Activa Costa Blanca\",\"isPartOf\":{\"@id\":\"https:\/\/activacostablanca.com\/#website\"},\"primaryImageOfPage\":{\"@id\":\"https:\/\/activacostablanca.com\/fr\/eventos-fr\/salon-nautico-denia\/#primaryimage\"},\"image\":{\"@id\":\"https:\/\/activacostablanca.com\/fr\/eventos-fr\/salon-nautico-denia\/#primaryimage\"},\"thumbnailUrl\":\"https:\/\/activacostablanca.com\/wp-content\/uploads\/2019\/04\/ProgramaXIISND.jpg\",\"datePublished\":\"2019-04-26T20:52:08+00:00\",\"dateModified\":\"2019-06-04T21:51:39+00:00\",\"breadcrumb\":{\"@id\":\"https:\/\/activacostablanca.com\/fr\/eventos-fr\/salon-nautico-denia\/#breadcrumb\"},\"inLanguage\":\"fr-FR\",\"potentialAction\":[{\"@type\":\"ReadAction\",\"target\":[\"https:\/\/activacostablanca.com\/fr\/eventos-fr\/salon-nautico-denia\/\"]}]},{\"@type\":\"ImageObject\",\"inLanguage\":\"fr-FR\",\"@id\":\"https:\/\/activacostablanca.com\/fr\/eventos-fr\/salon-nautico-denia\/#primaryimage\",\"url\":\"https:\/\/activacostablanca.com\/wp-content\/uploads\/2019\/04\/ProgramaXIISND.jpg\",\"contentUrl\":\"https:\/\/activacostablanca.com\/wp-content\/uploads\/2019\/04\/ProgramaXIISND.jpg\",\"width\":583,\"height\":827},{\"@type\":\"BreadcrumbList\",\"@id\":\"https:\/\/activacostablanca.com\/fr\/eventos-fr\/salon-nautico-denia\/#breadcrumb\",\"itemListElement\":[{\"@type\":\"ListItem\",\"position\":1,\"name\":\"Portada\",\"item\":\"https:\/\/activacostablanca.com\/fr\/\"},{\"@type\":\"ListItem\",\"position\":2,\"name\":\"Sal\u00f3n N\u00e1utico D\u00e9nia\"}]},{\"@type\":\"WebSite\",\"@id\":\"https:\/\/activacostablanca.com\/#website\",\"url\":\"https:\/\/activacostablanca.com\/\",\"name\":\"Activa Costa Blanca\",\"description\":\"Activit\u00e9s et excursions sur la Costa Blanca\",\"publisher\":{\"@id\":\"https:\/\/activacostablanca.com\/#organization\"},\"potentialAction\":[{\"@type\":\"SearchAction\",\"target\":{\"@type\":\"EntryPoint\",\"urlTemplate\":\"https:\/\/activacostablanca.com\/?s={search_term_string}\"},\"query-input\":{\"@type\":\"PropertyValueSpecification\",\"valueRequired\":true,\"valueName\":\"search_term_string\"}}],\"inLanguage\":\"fr-FR\"},{\"@type\":\"Organization\",\"@id\":\"https:\/\/activacostablanca.com\/#organization\",\"name\":\"Activa Costa Blanca\",\"url\":\"https:\/\/activacostablanca.com\/\",\"logo\":{\"@type\":\"ImageObject\",\"inLanguage\":\"fr-FR\",\"@id\":\"https:\/\/activacostablanca.com\/#\/schema\/logo\/image\/\",\"url\":\"https:\/\/activacostablanca.com\/wp-content\/uploads\/2019\/04\/weblogo.png\",\"contentUrl\":\"https:\/\/activacostablanca.com\/wp-content\/uploads\/2019\/04\/weblogo.png\",\"width\":177,\"height\":46,\"caption\":\"Activa Costa Blanca\"},\"image\":{\"@id\":\"https:\/\/activacostablanca.com\/#\/schema\/logo\/image\/\"}},{\"@type\":\"Person\",\"@id\":\"https:\/\/activacostablanca.com\/#\/schema\/person\/d48fc026c61c0eb79e3b0ade7ab35e79\",\"name\":\"Activa Costablanca\",\"image\":{\"@type\":\"ImageObject\",\"inLanguage\":\"fr-FR\",\"@id\":\"https:\/\/activacostablanca.com\/#\/schema\/person\/image\/\",\"url\":\"https:\/\/secure.gravatar.com\/avatar\/657de7470d8657c20722b4ee0e1d8f7106ae39ef32e2297fb70099296a80867a?s=96&d=mm&r=g\",\"contentUrl\":\"https:\/\/secure.gravatar.com\/avatar\/657de7470d8657c20722b4ee0e1d8f7106ae39ef32e2297fb70099296a80867a?s=96&d=mm&r=g\",\"caption\":\"Activa Costablanca\"}}]}<\/script>\n<!-- \/ Yoast SEO plugin. -->","yoast_head_json":{"title":"Sal\u00f3n N\u00e1utico D\u00e9nia - Activa Costa Blanca","robots":{"index":"index","follow":"follow","max-snippet":"max-snippet:-1","max-image-preview":"max-image-preview:large","max-video-preview":"max-video-preview:-1"},"canonical":"https:\/\/activacostablanca.com\/fr\/eventos-fr\/salon-nautico-denia\/","og_locale":"fr_FR","og_type":"article","og_title":"Sal\u00f3n N\u00e1utico D\u00e9nia - Activa Costa Blanca","og_description":"Tipo de expositores: Ch\u00e1rter n\u00e1utico, deportes n\u00e1uticos singulares, compra venta de embarcaciones, gastronom\u00eda, formaci\u00f3n n\u00e1utica, ocio infantil","og_url":"https:\/\/activacostablanca.com\/fr\/eventos-fr\/salon-nautico-denia\/","og_site_name":"Activa Costa Blanca","article_published_time":"2019-04-26T20:52:08+00:00","article_modified_time":"2019-06-04T21:51:39+00:00","og_image":[{"width":583,"height":827,"url":"https:\/\/activacostablanca.com\/wp-content\/uploads\/2019\/04\/ProgramaXIISND.jpg","type":"image\/jpeg"}],"author":"Activa Costablanca","twitter_card":"summary_large_image","twitter_misc":{"\u00c9crit par":"Activa Costablanca","Dur\u00e9e de lecture estim\u00e9e":"4 minutes"},"schema":{"@context":"https:\/\/schema.org","@graph":[{"@type":"Article","@id":"https:\/\/activacostablanca.com\/fr\/eventos-fr\/salon-nautico-denia\/#article","isPartOf":{"@id":"https:\/\/activacostablanca.com\/fr\/eventos-fr\/salon-nautico-denia\/"},"author":{"name":"Activa Costablanca","@id":"https:\/\/activacostablanca.com\/#\/schema\/person\/d48fc026c61c0eb79e3b0ade7ab35e79"},"headline":"Sal\u00f3n N\u00e1utico D\u00e9nia","datePublished":"2019-04-26T20:52:08+00:00","dateModified":"2019-06-04T21:51:39+00:00","mainEntityOfPage":{"@id":"https:\/\/activacostablanca.com\/fr\/eventos-fr\/salon-nautico-denia\/"},"wordCount":807,"commentCount":0,"publisher":{"@id":"https:\/\/activacostablanca.com\/#organization"},"image":{"@id":"https:\/\/activacostablanca.com\/fr\/eventos-fr\/salon-nautico-denia\/#primaryimage"},"thumbnailUrl":"https:\/\/activacostablanca.com\/wp-content\/uploads\/2019\/04\/ProgramaXIISND.jpg","inLanguage":"fr-FR","potentialAction":[{"@type":"CommentAction","name":"Comment","target":["https:\/\/activacostablanca.com\/fr\/eventos-fr\/salon-nautico-denia\/#respond"]}]},{"@type":"WebPage","@id":"https:\/\/activacostablanca.com\/fr\/eventos-fr\/salon-nautico-denia\/","url":"https:\/\/activacostablanca.com\/fr\/eventos-fr\/salon-nautico-denia\/","name":"Sal\u00f3n N\u00e1utico D\u00e9nia - Activa Costa Blanca","isPartOf":{"@id":"https:\/\/activacostablanca.com\/#website"},"primaryImageOfPage":{"@id":"https:\/\/activacostablanca.com\/fr\/eventos-fr\/salon-nautico-denia\/#primaryimage"},"image":{"@id":"https:\/\/activacostablanca.com\/fr\/eventos-fr\/salon-nautico-denia\/#primaryimage"},"thumbnailUrl":"https:\/\/activacostablanca.com\/wp-content\/uploads\/2019\/04\/ProgramaXIISND.jpg","datePublished":"2019-04-26T20:52:08+00:00","dateModified":"2019-06-04T21:51:39+00:00","breadcrumb":{"@id":"https:\/\/activacostablanca.com\/fr\/eventos-fr\/salon-nautico-denia\/#breadcrumb"},"inLanguage":"fr-FR","potentialAction":[{"@type":"ReadAction","target":["https:\/\/activacostablanca.com\/fr\/eventos-fr\/salon-nautico-denia\/"]}]},{"@type":"ImageObject","inLanguage":"fr-FR","@id":"https:\/\/activacostablanca.com\/fr\/eventos-fr\/salon-nautico-denia\/#primaryimage","url":"https:\/\/activacostablanca.com\/wp-content\/uploads\/2019\/04\/ProgramaXIISND.jpg","contentUrl":"https:\/\/activacostablanca.com\/wp-content\/uploads\/2019\/04\/ProgramaXIISND.jpg","width":583,"height":827},{"@type":"BreadcrumbList","@id":"https:\/\/activacostablanca.com\/fr\/eventos-fr\/salon-nautico-denia\/#breadcrumb","itemListElement":[{"@type":"ListItem","position":1,"name":"Portada","item":"https:\/\/activacostablanca.com\/fr\/"},{"@type":"ListItem","position":2,"name":"Sal\u00f3n N\u00e1utico D\u00e9nia"}]},{"@type":"WebSite","@id":"https:\/\/activacostablanca.com\/#website","url":"https:\/\/activacostablanca.com\/","name":"Activa Costa Blanca","description":"Activit\u00e9s et excursions sur la Costa Blanca","publisher":{"@id":"https:\/\/activacostablanca.com\/#organization"},"potentialAction":[{"@type":"SearchAction","target":{"@type":"EntryPoint","urlTemplate":"https:\/\/activacostablanca.com\/?s={search_term_string}"},"query-input":{"@type":"PropertyValueSpecification","valueRequired":true,"valueName":"search_term_string"}}],"inLanguage":"fr-FR"},{"@type":"Organization","@id":"https:\/\/activacostablanca.com\/#organization","name":"Activa Costa Blanca","url":"https:\/\/activacostablanca.com\/","logo":{"@type":"ImageObject","inLanguage":"fr-FR","@id":"https:\/\/activacostablanca.com\/#\/schema\/logo\/image\/","url":"https:\/\/activacostablanca.com\/wp-content\/uploads\/2019\/04\/weblogo.png","contentUrl":"https:\/\/activacostablanca.com\/wp-content\/uploads\/2019\/04\/weblogo.png","width":177,"height":46,"caption":"Activa Costa Blanca"},"image":{"@id":"https:\/\/activacostablanca.com\/#\/schema\/logo\/image\/"}},{"@type":"Person","@id":"https:\/\/activacostablanca.com\/#\/schema\/person\/d48fc026c61c0eb79e3b0ade7ab35e79","name":"Activa Costablanca","image":{"@type":"ImageObject","inLanguage":"fr-FR","@id":"https:\/\/activacostablanca.com\/#\/schema\/person\/image\/","url":"https:\/\/secure.gravatar.com\/avatar\/657de7470d8657c20722b4ee0e1d8f7106ae39ef32e2297fb70099296a80867a?s=96&d=mm&r=g","contentUrl":"https:\/\/secure.gravatar.com\/avatar\/657de7470d8657c20722b4ee0e1d8f7106ae39ef32e2297fb70099296a80867a?s=96&d=mm&r=g","caption":"Activa Costablanca"}}]}},"_links":{"self":[{"href":"https:\/\/activacostablanca.com\/fr\/wp-json\/wp\/v2\/posts\/12608","targetHints":{"allow":["GET"]}}],"collection":[{"href":"https:\/\/activacostablanca.com\/fr\/wp-json\/wp\/v2\/posts"}],"about":[{"href":"https:\/\/activacostablanca.com\/fr\/wp-json\/wp\/v2\/types\/post"}],"author":[{"embeddable":true,"href":"https:\/\/activacostablanca.com\/fr\/wp-json\/wp\/v2\/users\/2"}],"replies":[{"embeddable":true,"href":"https:\/\/activacostablanca.com\/fr\/wp-json\/wp\/v2\/comments?post=12608"}],"version-history":[{"count":1,"href":"https:\/\/activacostablanca.com\/fr\/wp-json\/wp\/v2\/posts\/12608\/revisions"}],"predecessor-version":[{"id":12612,"href":"https:\/\/activacostablanca.com\/fr\/wp-json\/wp\/v2\/posts\/12608\/revisions\/12612"}],"wp:featuredmedia":[{"embeddable":true,"href":"https:\/\/activacostablanca.com\/fr\/wp-json\/wp\/v2\/media\/12609"}],"wp:attachment":[{"href":"https:\/\/activacostablanca.com\/fr\/wp-json\/wp\/v2\/media?parent=12608"}],"wp:term":[{"taxonomy":"category","embeddable":true,"href":"https:\/\/activacostablanca.com\/fr\/wp-json\/wp\/v2\/categories?post=12608"},{"taxonomy":"post_tag","embeddable":true,"href":"https:\/\/activacostablanca.com\/fr\/wp-json\/wp\/v2\/tags?post=12608"}],"curies":[{"name":"wp","href":"https:\/\/api.w.org\/{rel}","templated":true}]}}