{"id":12601,"date":"2019-05-14T20:59:50","date_gmt":"2019-05-14T20:59:50","guid":{"rendered":"http:\/\/activacostablanca.com\/non-classifiee\/11o-fira-calp-2019\/"},"modified":"2019-06-04T21:46:18","modified_gmt":"2019-06-04T21:46:18","slug":"11o-fira-calp-2019","status":"publish","type":"post","link":"https:\/\/activacostablanca.com\/fr\/non-classifiee\/11o-fira-calp-2019\/","title":{"rendered":"11\u00ba FIRA CALP 2019"},"content":{"rendered":"<h3>VENEZ F\u00caTER LE 11\u00c8ME CALP DE LA FIRA !<br \/>\nFOIRE GASTRONOMIQUE ET COMMERCIALE11\u00ba.<\/h3>\n<p>FIRA CALP 2019 !<\/p>\n<p>Venez c\u00e9l\u00e9brer la 11\u00e8me Foire du Calp sur la Plaza Mayor !<\/p>\n<p>Jours : 16-17-18 et 19 maiLieu : Plaza Mayor<\/p>\n<p>T\u00e9l\u00e9charger la liste des restaurants, tapas et magasins.<\/p>\n<p>PROGRAMME<\/p>\n<p>Jeudi 16 mai 19h.\u00a0Ouverture de la Fira Calp 2019<\/p>\n<p>Vendredi 1718h.<\/p>\n<p>Performance : Escola de M\u00fasica i Dansa Clau de Fa : \u00ab\u00a0Taller de Dance Fusion Kids\u00a0\u00bb.20h.\u00a0Signature de livres : Auteur Pl Salvador \u00ab\u00a0La prodigiosa fuga de Cesia\u00a0\u00bb (Caseta P. V\u00e1zquez Such).22h.\u00a0Spectacle du Pop Band Triloggi.<\/p>\n<p>Samedi 18 mai 14h.<\/p>\n<p>Concours de la meilleure couverture \u00ab\u00a0Sabor a Calpe\u00a0\u00bb sponsoris\u00e9 par \u00ab\u00a0Gastro Equipa\u00a0\u00bb.17h.\u00a0Performance Marcias Dance Center.20h.\u00a0Signature de livres : Auteur Tania Ferrer Sivera \u00ab\u00a0Atteignez vos objectifs ! (Caseta P. V\u00e1zquez Such).20.15h Performance Calpe Salsea.22h.\u00a0Performance Casa de Andaluc\u00eda.23h.\u00a0DJ Sergio P\u00e9rez.<\/p>\n<p>Dimanche 19 mai11h.<\/p>\n<p>Coupe solidaire.13h.\u00a0Exposition de \u00ab\u00a0zumba kids\u00a0\u00bb par le gym Atlas Fitness Club.19h.\u00a0Spectacle de solera avec danse flamenco. 20.30h.\u00a0Exposition de danse urbaine de l&rsquo;Ecole de Musique de l&rsquo;Uni\u00f3 Musical Calp Ifach* Tous les jours de 19h \u00e0 23h animation pour enfants.<\/p>\n","protected":false},"excerpt":{"rendered":"<p>VENEZ F\u00caTER LE 11\u00c8ME CALP DE LA FIRA ! FOIRE GASTRONOMIQUE ET COMMERCIALE11\u00ba. FIRA CALP 2019 ! Venez c\u00e9l\u00e9brer la 11\u00e8me Foire du Calp sur la Plaza Mayor ! Jours : 16-17-18 et 19 maiLieu : Plaza Mayor T\u00e9l\u00e9charger la liste des restaurants, tapas et magasins. PROGRAMME Jeudi 16 mai 19h.\u00a0Ouverture de la Fira Calp [&hellip;]<\/p>\n","protected":false},"author":2,"featured_media":12602,"comment_status":"open","ping_status":"open","sticky":false,"template":"","format":"standard","meta":{"_exactmetrics_skip_tracking":false,"_exactmetrics_sitenote_active":false,"_exactmetrics_sitenote_note":"","_exactmetrics_sitenote_category":0,"footnotes":""},"categories":[],"tags":[3400],"class_list":["post-12601","post","type-post","status-publish","format-standard","has-post-thumbnail","hentry","tag-venez-feter-le-11eme-calp-de-la-fira-foire-gastronomique-et-commerciale11o"],"yoast_head":"<!-- This site is optimized with the Yoast SEO plugin v25.0 - https:\/\/yoast.com\/wordpress\/plugins\/seo\/ -->\n<title>11\u00ba FIRA CALP 2019 - Activa Costa Blanca<\/title>\n<meta name=\"robots\" content=\"index, follow, max-snippet:-1, max-image-preview:large, max-video-preview:-1\" \/>\n<link rel=\"canonical\" href=\"https:\/\/activacostablanca.com\/fr\/eventos-fr\/11o-fira-calp-2019\/\" \/>\n<meta property=\"og:locale\" content=\"fr_FR\" \/>\n<meta property=\"og:type\" content=\"article\" \/>\n<meta property=\"og:title\" content=\"11\u00ba FIRA CALP 2019 - Activa Costa Blanca\" \/>\n<meta property=\"og:description\" content=\"VENEZ F\u00caTER LE 11\u00c8ME CALP DE LA FIRA ! FOIRE GASTRONOMIQUE ET COMMERCIALE11\u00ba. FIRA CALP 2019 ! Venez c\u00e9l\u00e9brer la 11\u00e8me Foire du Calp sur la Plaza Mayor ! Jours : 16-17-18 et 19 maiLieu : Plaza Mayor T\u00e9l\u00e9charger la liste des restaurants, tapas et magasins. PROGRAMME Jeudi 16 mai 19h.\u00a0Ouverture de la Fira Calp [&hellip;]\" \/>\n<meta property=\"og:url\" content=\"https:\/\/activacostablanca.com\/fr\/eventos-fr\/11o-fira-calp-2019\/\" \/>\n<meta property=\"og:site_name\" content=\"Activa Costa Blanca\" \/>\n<meta property=\"article:published_time\" content=\"2019-05-14T20:59:50+00:00\" \/>\n<meta property=\"article:modified_time\" content=\"2019-06-04T21:46:18+00:00\" \/>\n<meta property=\"og:image\" content=\"https:\/\/activacostablanca.com\/wp-content\/uploads\/2019\/05\/imagen3581p.jpg\" \/>\n\t<meta property=\"og:image:width\" content=\"280\" \/>\n\t<meta property=\"og:image:height\" content=\"260\" \/>\n\t<meta property=\"og:image:type\" content=\"image\/jpeg\" \/>\n<meta name=\"author\" content=\"Activa Costablanca\" \/>\n<meta name=\"twitter:card\" content=\"summary_large_image\" \/>\n<meta name=\"twitter:label1\" content=\"\u00c9crit par\" \/>\n\t<meta name=\"twitter:data1\" content=\"Activa Costablanca\" \/>\n\t<meta name=\"twitter:label2\" content=\"Dur\u00e9e de lecture estim\u00e9e\" \/>\n\t<meta name=\"twitter:data2\" content=\"1 minute\" \/>\n<script type=\"application\/ld+json\" class=\"yoast-schema-graph\">{\"@context\":\"https:\/\/schema.org\",\"@graph\":[{\"@type\":\"Article\",\"@id\":\"https:\/\/activacostablanca.com\/fr\/eventos-fr\/11o-fira-calp-2019\/#article\",\"isPartOf\":{\"@id\":\"https:\/\/activacostablanca.com\/fr\/eventos-fr\/11o-fira-calp-2019\/\"},\"author\":{\"name\":\"Activa Costablanca\",\"@id\":\"https:\/\/activacostablanca.com\/#\/schema\/person\/d48fc026c61c0eb79e3b0ade7ab35e79\"},\"headline\":\"11\u00ba FIRA CALP 2019\",\"datePublished\":\"2019-05-14T20:59:50+00:00\",\"dateModified\":\"2019-06-04T21:46:18+00:00\",\"mainEntityOfPage\":{\"@id\":\"https:\/\/activacostablanca.com\/fr\/eventos-fr\/11o-fira-calp-2019\/\"},\"wordCount\":193,\"commentCount\":0,\"publisher\":{\"@id\":\"https:\/\/activacostablanca.com\/#organization\"},\"image\":{\"@id\":\"https:\/\/activacostablanca.com\/fr\/eventos-fr\/11o-fira-calp-2019\/#primaryimage\"},\"thumbnailUrl\":\"https:\/\/activacostablanca.com\/wp-content\/uploads\/2019\/05\/imagen3581p.jpg\",\"keywords\":[\"VENEZ F\u00caTER LE 11\u00c8ME CALP DE LA FIRA ! FOIRE GASTRONOMIQUE ET COMMERCIALE11\u00ba.\"],\"inLanguage\":\"fr-FR\",\"potentialAction\":[{\"@type\":\"CommentAction\",\"name\":\"Comment\",\"target\":[\"https:\/\/activacostablanca.com\/fr\/eventos-fr\/11o-fira-calp-2019\/#respond\"]}]},{\"@type\":\"WebPage\",\"@id\":\"https:\/\/activacostablanca.com\/fr\/eventos-fr\/11o-fira-calp-2019\/\",\"url\":\"https:\/\/activacostablanca.com\/fr\/eventos-fr\/11o-fira-calp-2019\/\",\"name\":\"11\u00ba FIRA CALP 2019 - Activa Costa Blanca\",\"isPartOf\":{\"@id\":\"https:\/\/activacostablanca.com\/#website\"},\"primaryImageOfPage\":{\"@id\":\"https:\/\/activacostablanca.com\/fr\/eventos-fr\/11o-fira-calp-2019\/#primaryimage\"},\"image\":{\"@id\":\"https:\/\/activacostablanca.com\/fr\/eventos-fr\/11o-fira-calp-2019\/#primaryimage\"},\"thumbnailUrl\":\"https:\/\/activacostablanca.com\/wp-content\/uploads\/2019\/05\/imagen3581p.jpg\",\"datePublished\":\"2019-05-14T20:59:50+00:00\",\"dateModified\":\"2019-06-04T21:46:18+00:00\",\"breadcrumb\":{\"@id\":\"https:\/\/activacostablanca.com\/fr\/eventos-fr\/11o-fira-calp-2019\/#breadcrumb\"},\"inLanguage\":\"fr-FR\",\"potentialAction\":[{\"@type\":\"ReadAction\",\"target\":[\"https:\/\/activacostablanca.com\/fr\/eventos-fr\/11o-fira-calp-2019\/\"]}]},{\"@type\":\"ImageObject\",\"inLanguage\":\"fr-FR\",\"@id\":\"https:\/\/activacostablanca.com\/fr\/eventos-fr\/11o-fira-calp-2019\/#primaryimage\",\"url\":\"https:\/\/activacostablanca.com\/wp-content\/uploads\/2019\/05\/imagen3581p.jpg\",\"contentUrl\":\"https:\/\/activacostablanca.com\/wp-content\/uploads\/2019\/05\/imagen3581p.jpg\",\"width\":280,\"height\":260},{\"@type\":\"BreadcrumbList\",\"@id\":\"https:\/\/activacostablanca.com\/fr\/eventos-fr\/11o-fira-calp-2019\/#breadcrumb\",\"itemListElement\":[{\"@type\":\"ListItem\",\"position\":1,\"name\":\"Portada\",\"item\":\"https:\/\/activacostablanca.com\/fr\/\"},{\"@type\":\"ListItem\",\"position\":2,\"name\":\"11\u00ba FIRA CALP 2019\"}]},{\"@type\":\"WebSite\",\"@id\":\"https:\/\/activacostablanca.com\/#website\",\"url\":\"https:\/\/activacostablanca.com\/\",\"name\":\"Activa Costa Blanca\",\"description\":\"Activit\u00e9s et excursions sur la Costa Blanca\",\"publisher\":{\"@id\":\"https:\/\/activacostablanca.com\/#organization\"},\"potentialAction\":[{\"@type\":\"SearchAction\",\"target\":{\"@type\":\"EntryPoint\",\"urlTemplate\":\"https:\/\/activacostablanca.com\/?s={search_term_string}\"},\"query-input\":{\"@type\":\"PropertyValueSpecification\",\"valueRequired\":true,\"valueName\":\"search_term_string\"}}],\"inLanguage\":\"fr-FR\"},{\"@type\":\"Organization\",\"@id\":\"https:\/\/activacostablanca.com\/#organization\",\"name\":\"Activa Costa Blanca\",\"url\":\"https:\/\/activacostablanca.com\/\",\"logo\":{\"@type\":\"ImageObject\",\"inLanguage\":\"fr-FR\",\"@id\":\"https:\/\/activacostablanca.com\/#\/schema\/logo\/image\/\",\"url\":\"https:\/\/activacostablanca.com\/wp-content\/uploads\/2019\/04\/weblogo.png\",\"contentUrl\":\"https:\/\/activacostablanca.com\/wp-content\/uploads\/2019\/04\/weblogo.png\",\"width\":177,\"height\":46,\"caption\":\"Activa Costa Blanca\"},\"image\":{\"@id\":\"https:\/\/activacostablanca.com\/#\/schema\/logo\/image\/\"}},{\"@type\":\"Person\",\"@id\":\"https:\/\/activacostablanca.com\/#\/schema\/person\/d48fc026c61c0eb79e3b0ade7ab35e79\",\"name\":\"Activa Costablanca\",\"image\":{\"@type\":\"ImageObject\",\"inLanguage\":\"fr-FR\",\"@id\":\"https:\/\/activacostablanca.com\/#\/schema\/person\/image\/\",\"url\":\"https:\/\/secure.gravatar.com\/avatar\/657de7470d8657c20722b4ee0e1d8f7106ae39ef32e2297fb70099296a80867a?s=96&d=mm&r=g\",\"contentUrl\":\"https:\/\/secure.gravatar.com\/avatar\/657de7470d8657c20722b4ee0e1d8f7106ae39ef32e2297fb70099296a80867a?s=96&d=mm&r=g\",\"caption\":\"Activa Costablanca\"}}]}<\/script>\n<!-- \/ Yoast SEO plugin. -->","yoast_head_json":{"title":"11\u00ba FIRA CALP 2019 - Activa Costa Blanca","robots":{"index":"index","follow":"follow","max-snippet":"max-snippet:-1","max-image-preview":"max-image-preview:large","max-video-preview":"max-video-preview:-1"},"canonical":"https:\/\/activacostablanca.com\/fr\/eventos-fr\/11o-fira-calp-2019\/","og_locale":"fr_FR","og_type":"article","og_title":"11\u00ba FIRA CALP 2019 - Activa Costa Blanca","og_description":"VENEZ F\u00caTER LE 11\u00c8ME CALP DE LA FIRA ! FOIRE GASTRONOMIQUE ET COMMERCIALE11\u00ba. FIRA CALP 2019 ! Venez c\u00e9l\u00e9brer la 11\u00e8me Foire du Calp sur la Plaza Mayor ! Jours : 16-17-18 et 19 maiLieu : Plaza Mayor T\u00e9l\u00e9charger la liste des restaurants, tapas et magasins. PROGRAMME Jeudi 16 mai 19h.\u00a0Ouverture de la Fira Calp [&hellip;]","og_url":"https:\/\/activacostablanca.com\/fr\/eventos-fr\/11o-fira-calp-2019\/","og_site_name":"Activa Costa Blanca","article_published_time":"2019-05-14T20:59:50+00:00","article_modified_time":"2019-06-04T21:46:18+00:00","og_image":[{"width":280,"height":260,"url":"https:\/\/activacostablanca.com\/wp-content\/uploads\/2019\/05\/imagen3581p.jpg","type":"image\/jpeg"}],"author":"Activa Costablanca","twitter_card":"summary_large_image","twitter_misc":{"\u00c9crit par":"Activa Costablanca","Dur\u00e9e de lecture estim\u00e9e":"1 minute"},"schema":{"@context":"https:\/\/schema.org","@graph":[{"@type":"Article","@id":"https:\/\/activacostablanca.com\/fr\/eventos-fr\/11o-fira-calp-2019\/#article","isPartOf":{"@id":"https:\/\/activacostablanca.com\/fr\/eventos-fr\/11o-fira-calp-2019\/"},"author":{"name":"Activa Costablanca","@id":"https:\/\/activacostablanca.com\/#\/schema\/person\/d48fc026c61c0eb79e3b0ade7ab35e79"},"headline":"11\u00ba FIRA CALP 2019","datePublished":"2019-05-14T20:59:50+00:00","dateModified":"2019-06-04T21:46:18+00:00","mainEntityOfPage":{"@id":"https:\/\/activacostablanca.com\/fr\/eventos-fr\/11o-fira-calp-2019\/"},"wordCount":193,"commentCount":0,"publisher":{"@id":"https:\/\/activacostablanca.com\/#organization"},"image":{"@id":"https:\/\/activacostablanca.com\/fr\/eventos-fr\/11o-fira-calp-2019\/#primaryimage"},"thumbnailUrl":"https:\/\/activacostablanca.com\/wp-content\/uploads\/2019\/05\/imagen3581p.jpg","keywords":["VENEZ F\u00caTER LE 11\u00c8ME CALP DE LA FIRA ! FOIRE GASTRONOMIQUE ET COMMERCIALE11\u00ba."],"inLanguage":"fr-FR","potentialAction":[{"@type":"CommentAction","name":"Comment","target":["https:\/\/activacostablanca.com\/fr\/eventos-fr\/11o-fira-calp-2019\/#respond"]}]},{"@type":"WebPage","@id":"https:\/\/activacostablanca.com\/fr\/eventos-fr\/11o-fira-calp-2019\/","url":"https:\/\/activacostablanca.com\/fr\/eventos-fr\/11o-fira-calp-2019\/","name":"11\u00ba FIRA CALP 2019 - Activa Costa Blanca","isPartOf":{"@id":"https:\/\/activacostablanca.com\/#website"},"primaryImageOfPage":{"@id":"https:\/\/activacostablanca.com\/fr\/eventos-fr\/11o-fira-calp-2019\/#primaryimage"},"image":{"@id":"https:\/\/activacostablanca.com\/fr\/eventos-fr\/11o-fira-calp-2019\/#primaryimage"},"thumbnailUrl":"https:\/\/activacostablanca.com\/wp-content\/uploads\/2019\/05\/imagen3581p.jpg","datePublished":"2019-05-14T20:59:50+00:00","dateModified":"2019-06-04T21:46:18+00:00","breadcrumb":{"@id":"https:\/\/activacostablanca.com\/fr\/eventos-fr\/11o-fira-calp-2019\/#breadcrumb"},"inLanguage":"fr-FR","potentialAction":[{"@type":"ReadAction","target":["https:\/\/activacostablanca.com\/fr\/eventos-fr\/11o-fira-calp-2019\/"]}]},{"@type":"ImageObject","inLanguage":"fr-FR","@id":"https:\/\/activacostablanca.com\/fr\/eventos-fr\/11o-fira-calp-2019\/#primaryimage","url":"https:\/\/activacostablanca.com\/wp-content\/uploads\/2019\/05\/imagen3581p.jpg","contentUrl":"https:\/\/activacostablanca.com\/wp-content\/uploads\/2019\/05\/imagen3581p.jpg","width":280,"height":260},{"@type":"BreadcrumbList","@id":"https:\/\/activacostablanca.com\/fr\/eventos-fr\/11o-fira-calp-2019\/#breadcrumb","itemListElement":[{"@type":"ListItem","position":1,"name":"Portada","item":"https:\/\/activacostablanca.com\/fr\/"},{"@type":"ListItem","position":2,"name":"11\u00ba FIRA CALP 2019"}]},{"@type":"WebSite","@id":"https:\/\/activacostablanca.com\/#website","url":"https:\/\/activacostablanca.com\/","name":"Activa Costa Blanca","description":"Activit\u00e9s et excursions sur la Costa Blanca","publisher":{"@id":"https:\/\/activacostablanca.com\/#organization"},"potentialAction":[{"@type":"SearchAction","target":{"@type":"EntryPoint","urlTemplate":"https:\/\/activacostablanca.com\/?s={search_term_string}"},"query-input":{"@type":"PropertyValueSpecification","valueRequired":true,"valueName":"search_term_string"}}],"inLanguage":"fr-FR"},{"@type":"Organization","@id":"https:\/\/activacostablanca.com\/#organization","name":"Activa Costa Blanca","url":"https:\/\/activacostablanca.com\/","logo":{"@type":"ImageObject","inLanguage":"fr-FR","@id":"https:\/\/activacostablanca.com\/#\/schema\/logo\/image\/","url":"https:\/\/activacostablanca.com\/wp-content\/uploads\/2019\/04\/weblogo.png","contentUrl":"https:\/\/activacostablanca.com\/wp-content\/uploads\/2019\/04\/weblogo.png","width":177,"height":46,"caption":"Activa Costa Blanca"},"image":{"@id":"https:\/\/activacostablanca.com\/#\/schema\/logo\/image\/"}},{"@type":"Person","@id":"https:\/\/activacostablanca.com\/#\/schema\/person\/d48fc026c61c0eb79e3b0ade7ab35e79","name":"Activa Costablanca","image":{"@type":"ImageObject","inLanguage":"fr-FR","@id":"https:\/\/activacostablanca.com\/#\/schema\/person\/image\/","url":"https:\/\/secure.gravatar.com\/avatar\/657de7470d8657c20722b4ee0e1d8f7106ae39ef32e2297fb70099296a80867a?s=96&d=mm&r=g","contentUrl":"https:\/\/secure.gravatar.com\/avatar\/657de7470d8657c20722b4ee0e1d8f7106ae39ef32e2297fb70099296a80867a?s=96&d=mm&r=g","caption":"Activa Costablanca"}}]}},"_links":{"self":[{"href":"https:\/\/activacostablanca.com\/fr\/wp-json\/wp\/v2\/posts\/12601","targetHints":{"allow":["GET"]}}],"collection":[{"href":"https:\/\/activacostablanca.com\/fr\/wp-json\/wp\/v2\/posts"}],"about":[{"href":"https:\/\/activacostablanca.com\/fr\/wp-json\/wp\/v2\/types\/post"}],"author":[{"embeddable":true,"href":"https:\/\/activacostablanca.com\/fr\/wp-json\/wp\/v2\/users\/2"}],"replies":[{"embeddable":true,"href":"https:\/\/activacostablanca.com\/fr\/wp-json\/wp\/v2\/comments?post=12601"}],"version-history":[{"count":1,"href":"https:\/\/activacostablanca.com\/fr\/wp-json\/wp\/v2\/posts\/12601\/revisions"}],"predecessor-version":[{"id":12605,"href":"https:\/\/activacostablanca.com\/fr\/wp-json\/wp\/v2\/posts\/12601\/revisions\/12605"}],"wp:featuredmedia":[{"embeddable":true,"href":"https:\/\/activacostablanca.com\/fr\/wp-json\/wp\/v2\/media\/12602"}],"wp:attachment":[{"href":"https:\/\/activacostablanca.com\/fr\/wp-json\/wp\/v2\/media?parent=12601"}],"wp:term":[{"taxonomy":"category","embeddable":true,"href":"https:\/\/activacostablanca.com\/fr\/wp-json\/wp\/v2\/categories?post=12601"},{"taxonomy":"post_tag","embeddable":true,"href":"https:\/\/activacostablanca.com\/fr\/wp-json\/wp\/v2\/tags?post=12601"}],"curies":[{"name":"wp","href":"https:\/\/api.w.org\/{rel}","templated":true}]}}