{"id":12581,"date":"2019-05-22T22:07:14","date_gmt":"2019-05-22T22:07:14","guid":{"rendered":"http:\/\/activacostablanca.com\/non-classifiee\/hogueras-de-san-juan-de-alicante-2019\/"},"modified":"2019-06-04T21:31:07","modified_gmt":"2019-06-04T21:31:07","slug":"hogueras-de-san-juan-de-alicante-2019","status":"publish","type":"post","link":"https:\/\/activacostablanca.com\/fr\/non-classifiee\/hogueras-de-san-juan-de-alicante-2019\/","title":{"rendered":"Feux de joie de San Juan de Alicante 2019"},"content":{"rendered":"<p><strong>Feux de joie de San Juan<\/strong><\/p>\n<p>Le programme officiel des actes de feux de joie d\u00e9but juin avec l&rsquo;inauguration de l&rsquo;illumination artistique et la proclamation du balcon de la Mairie sonnera \u00e9galement le premier masclet\u00e0s.<\/p>\n<p>Auparavant, en mai, les actes suivants seront effectu\u00e9s : Proclamation Bellesa du Foc Infantile dans la Mairie. Proclamation de la Bellesa del Foc \u00e0 l&rsquo;H\u00f4tel de Ville. Inauguration de l&rsquo;Exposition du Ninot sur la Place de S\u00e8neca. Les masclet\u00e1s sont fabriqu\u00e9s \u00e0 Plaza Luceros tous les jours \u00e0 14 heures. D\u00e9fil\u00e9s de groupes, hommages, f\u00eates macro et masclet\u00e1s seront les premiers actes du mois de juin, ainsi que des concours de pyrotechnie et des spectacles de lumi\u00e8re.<\/p>\n<p>Le 20 juin, \u00e0 minuit, les feux de joie sont allum\u00e9s avec la Planta de Hogueras et Barracas. R\u00e9veil dans tous les quartiers des feux de joie. Offrande de fleurs dans la Cath\u00e9drale de San Nicol\u00e1s. Verveines \u00e0 Rac\u00f3s et Barracas. D\u00e9fil\u00e9 de remise des prix au Portal de Elche. D\u00e9fil\u00e9 de&rsquo;Nanos i Gegants&rsquo; de la Place de la Mairie \u00e0 la Plaza de los Luceros. Dans\u00e0 d&rsquo;Alacant sur la place de la Mairie.<\/p>\n<p>D\u00e9fil\u00e9 folklorique international : Plaza de los Luceros, Alfonso El Sabio, Rambla de M\u00e9ndez N\u00fa\u00f1ez, Calle Altamira et Plaza del Ayuntamiento. Messe de Saint Jean dans la cath\u00e9drale de Saint Nicolas de Bari.<\/p>\n<p>Traduit avec www.DeepL.com\/Translator<\/p>\n<h3><\/h3>\n","protected":false},"excerpt":{"rendered":"<p>Feux de joie de San Juan Le programme officiel des actes de feux de joie d\u00e9but juin avec l&rsquo;inauguration de l&rsquo;illumination artistique et la proclamation du balcon de la Mairie sonnera \u00e9galement le premier masclet\u00e0s. Auparavant, en mai, les actes suivants seront effectu\u00e9s : Proclamation Bellesa du Foc Infantile dans la Mairie. Proclamation de la [&hellip;]<\/p>\n","protected":false},"author":2,"featured_media":12485,"comment_status":"open","ping_status":"open","sticky":false,"template":"","format":"standard","meta":{"_exactmetrics_skip_tracking":false,"_exactmetrics_sitenote_active":false,"_exactmetrics_sitenote_note":"","_exactmetrics_sitenote_category":0,"footnotes":""},"categories":[],"tags":[3384],"class_list":["post-12581","post","type-post","status-publish","format-standard","has-post-thumbnail","hentry","tag-feux-de-joie-de-san-juan-de-alicante-2019"],"yoast_head":"<!-- This site is optimized with the Yoast SEO plugin v25.0 - https:\/\/yoast.com\/wordpress\/plugins\/seo\/ -->\n<title>Feux de joie de San Juan de Alicante 2019 - Activa Costa Blanca<\/title>\n<meta name=\"robots\" content=\"index, follow, max-snippet:-1, max-image-preview:large, max-video-preview:-1\" \/>\n<link rel=\"canonical\" href=\"https:\/\/activacostablanca.com\/fr\/fiestas-fr\/hogueras-de-san-juan-de-alicante-2019\/\" \/>\n<meta property=\"og:locale\" content=\"fr_FR\" \/>\n<meta property=\"og:type\" content=\"article\" \/>\n<meta property=\"og:title\" content=\"Feux de joie de San Juan de Alicante 2019 - Activa Costa Blanca\" \/>\n<meta property=\"og:description\" content=\"Feux de joie de San Juan Le programme officiel des actes de feux de joie d\u00e9but juin avec l&rsquo;inauguration de l&rsquo;illumination artistique et la proclamation du balcon de la Mairie sonnera \u00e9galement le premier masclet\u00e0s. Auparavant, en mai, les actes suivants seront effectu\u00e9s : Proclamation Bellesa du Foc Infantile dans la Mairie. Proclamation de la [&hellip;]\" \/>\n<meta property=\"og:url\" content=\"https:\/\/activacostablanca.com\/fr\/fiestas-fr\/hogueras-de-san-juan-de-alicante-2019\/\" \/>\n<meta property=\"og:site_name\" content=\"Activa Costa Blanca\" \/>\n<meta property=\"article:published_time\" content=\"2019-05-22T22:07:14+00:00\" \/>\n<meta property=\"article:modified_time\" content=\"2019-06-04T21:31:07+00:00\" \/>\n<meta property=\"og:image\" content=\"https:\/\/activacostablanca.com\/wp-content\/uploads\/2019\/05\/50110904e18f1dfae10892db7db32627.jpg\" \/>\n\t<meta property=\"og:image:width\" content=\"600\" \/>\n\t<meta property=\"og:image:height\" content=\"400\" \/>\n\t<meta property=\"og:image:type\" content=\"image\/jpeg\" \/>\n<meta name=\"author\" content=\"Activa Costablanca\" \/>\n<meta name=\"twitter:card\" content=\"summary_large_image\" \/>\n<meta name=\"twitter:label1\" content=\"\u00c9crit par\" \/>\n\t<meta name=\"twitter:data1\" content=\"Activa Costablanca\" \/>\n\t<meta name=\"twitter:label2\" content=\"Dur\u00e9e de lecture estim\u00e9e\" \/>\n\t<meta name=\"twitter:data2\" content=\"1 minute\" \/>\n<script type=\"application\/ld+json\" class=\"yoast-schema-graph\">{\"@context\":\"https:\/\/schema.org\",\"@graph\":[{\"@type\":\"Article\",\"@id\":\"https:\/\/activacostablanca.com\/fr\/fiestas-fr\/hogueras-de-san-juan-de-alicante-2019\/#article\",\"isPartOf\":{\"@id\":\"https:\/\/activacostablanca.com\/fr\/fiestas-fr\/hogueras-de-san-juan-de-alicante-2019\/\"},\"author\":{\"name\":\"Activa Costablanca\",\"@id\":\"https:\/\/activacostablanca.com\/#\/schema\/person\/d48fc026c61c0eb79e3b0ade7ab35e79\"},\"headline\":\"Feux de joie de San Juan de Alicante 2019\",\"datePublished\":\"2019-05-22T22:07:14+00:00\",\"dateModified\":\"2019-06-04T21:31:07+00:00\",\"mainEntityOfPage\":{\"@id\":\"https:\/\/activacostablanca.com\/fr\/fiestas-fr\/hogueras-de-san-juan-de-alicante-2019\/\"},\"wordCount\":246,\"commentCount\":0,\"publisher\":{\"@id\":\"https:\/\/activacostablanca.com\/#organization\"},\"image\":{\"@id\":\"https:\/\/activacostablanca.com\/fr\/fiestas-fr\/hogueras-de-san-juan-de-alicante-2019\/#primaryimage\"},\"thumbnailUrl\":\"https:\/\/activacostablanca.com\/wp-content\/uploads\/2019\/05\/50110904e18f1dfae10892db7db32627.jpg\",\"keywords\":[\"Feux de joie de San Juan de Alicante 2019\"],\"inLanguage\":\"fr-FR\",\"potentialAction\":[{\"@type\":\"CommentAction\",\"name\":\"Comment\",\"target\":[\"https:\/\/activacostablanca.com\/fr\/fiestas-fr\/hogueras-de-san-juan-de-alicante-2019\/#respond\"]}]},{\"@type\":\"WebPage\",\"@id\":\"https:\/\/activacostablanca.com\/fr\/fiestas-fr\/hogueras-de-san-juan-de-alicante-2019\/\",\"url\":\"https:\/\/activacostablanca.com\/fr\/fiestas-fr\/hogueras-de-san-juan-de-alicante-2019\/\",\"name\":\"Feux de joie de San Juan de Alicante 2019 - Activa Costa Blanca\",\"isPartOf\":{\"@id\":\"https:\/\/activacostablanca.com\/#website\"},\"primaryImageOfPage\":{\"@id\":\"https:\/\/activacostablanca.com\/fr\/fiestas-fr\/hogueras-de-san-juan-de-alicante-2019\/#primaryimage\"},\"image\":{\"@id\":\"https:\/\/activacostablanca.com\/fr\/fiestas-fr\/hogueras-de-san-juan-de-alicante-2019\/#primaryimage\"},\"thumbnailUrl\":\"https:\/\/activacostablanca.com\/wp-content\/uploads\/2019\/05\/50110904e18f1dfae10892db7db32627.jpg\",\"datePublished\":\"2019-05-22T22:07:14+00:00\",\"dateModified\":\"2019-06-04T21:31:07+00:00\",\"breadcrumb\":{\"@id\":\"https:\/\/activacostablanca.com\/fr\/fiestas-fr\/hogueras-de-san-juan-de-alicante-2019\/#breadcrumb\"},\"inLanguage\":\"fr-FR\",\"potentialAction\":[{\"@type\":\"ReadAction\",\"target\":[\"https:\/\/activacostablanca.com\/fr\/fiestas-fr\/hogueras-de-san-juan-de-alicante-2019\/\"]}]},{\"@type\":\"ImageObject\",\"inLanguage\":\"fr-FR\",\"@id\":\"https:\/\/activacostablanca.com\/fr\/fiestas-fr\/hogueras-de-san-juan-de-alicante-2019\/#primaryimage\",\"url\":\"https:\/\/activacostablanca.com\/wp-content\/uploads\/2019\/05\/50110904e18f1dfae10892db7db32627.jpg\",\"contentUrl\":\"https:\/\/activacostablanca.com\/wp-content\/uploads\/2019\/05\/50110904e18f1dfae10892db7db32627.jpg\",\"width\":600,\"height\":400},{\"@type\":\"BreadcrumbList\",\"@id\":\"https:\/\/activacostablanca.com\/fr\/fiestas-fr\/hogueras-de-san-juan-de-alicante-2019\/#breadcrumb\",\"itemListElement\":[{\"@type\":\"ListItem\",\"position\":1,\"name\":\"Portada\",\"item\":\"https:\/\/activacostablanca.com\/fr\/\"},{\"@type\":\"ListItem\",\"position\":2,\"name\":\"Feux de joie de San Juan de Alicante 2019\"}]},{\"@type\":\"WebSite\",\"@id\":\"https:\/\/activacostablanca.com\/#website\",\"url\":\"https:\/\/activacostablanca.com\/\",\"name\":\"Activa Costa Blanca\",\"description\":\"Activit\u00e9s et excursions sur la Costa Blanca\",\"publisher\":{\"@id\":\"https:\/\/activacostablanca.com\/#organization\"},\"potentialAction\":[{\"@type\":\"SearchAction\",\"target\":{\"@type\":\"EntryPoint\",\"urlTemplate\":\"https:\/\/activacostablanca.com\/?s={search_term_string}\"},\"query-input\":{\"@type\":\"PropertyValueSpecification\",\"valueRequired\":true,\"valueName\":\"search_term_string\"}}],\"inLanguage\":\"fr-FR\"},{\"@type\":\"Organization\",\"@id\":\"https:\/\/activacostablanca.com\/#organization\",\"name\":\"Activa Costa Blanca\",\"url\":\"https:\/\/activacostablanca.com\/\",\"logo\":{\"@type\":\"ImageObject\",\"inLanguage\":\"fr-FR\",\"@id\":\"https:\/\/activacostablanca.com\/#\/schema\/logo\/image\/\",\"url\":\"https:\/\/activacostablanca.com\/wp-content\/uploads\/2019\/04\/weblogo.png\",\"contentUrl\":\"https:\/\/activacostablanca.com\/wp-content\/uploads\/2019\/04\/weblogo.png\",\"width\":177,\"height\":46,\"caption\":\"Activa Costa Blanca\"},\"image\":{\"@id\":\"https:\/\/activacostablanca.com\/#\/schema\/logo\/image\/\"}},{\"@type\":\"Person\",\"@id\":\"https:\/\/activacostablanca.com\/#\/schema\/person\/d48fc026c61c0eb79e3b0ade7ab35e79\",\"name\":\"Activa Costablanca\",\"image\":{\"@type\":\"ImageObject\",\"inLanguage\":\"fr-FR\",\"@id\":\"https:\/\/activacostablanca.com\/#\/schema\/person\/image\/\",\"url\":\"https:\/\/secure.gravatar.com\/avatar\/657de7470d8657c20722b4ee0e1d8f7106ae39ef32e2297fb70099296a80867a?s=96&d=mm&r=g\",\"contentUrl\":\"https:\/\/secure.gravatar.com\/avatar\/657de7470d8657c20722b4ee0e1d8f7106ae39ef32e2297fb70099296a80867a?s=96&d=mm&r=g\",\"caption\":\"Activa Costablanca\"}}]}<\/script>\n<!-- \/ Yoast SEO plugin. -->","yoast_head_json":{"title":"Feux de joie de San Juan de Alicante 2019 - Activa Costa Blanca","robots":{"index":"index","follow":"follow","max-snippet":"max-snippet:-1","max-image-preview":"max-image-preview:large","max-video-preview":"max-video-preview:-1"},"canonical":"https:\/\/activacostablanca.com\/fr\/fiestas-fr\/hogueras-de-san-juan-de-alicante-2019\/","og_locale":"fr_FR","og_type":"article","og_title":"Feux de joie de San Juan de Alicante 2019 - Activa Costa Blanca","og_description":"Feux de joie de San Juan Le programme officiel des actes de feux de joie d\u00e9but juin avec l&rsquo;inauguration de l&rsquo;illumination artistique et la proclamation du balcon de la Mairie sonnera \u00e9galement le premier masclet\u00e0s. Auparavant, en mai, les actes suivants seront effectu\u00e9s : Proclamation Bellesa du Foc Infantile dans la Mairie. Proclamation de la [&hellip;]","og_url":"https:\/\/activacostablanca.com\/fr\/fiestas-fr\/hogueras-de-san-juan-de-alicante-2019\/","og_site_name":"Activa Costa Blanca","article_published_time":"2019-05-22T22:07:14+00:00","article_modified_time":"2019-06-04T21:31:07+00:00","og_image":[{"width":600,"height":400,"url":"https:\/\/activacostablanca.com\/wp-content\/uploads\/2019\/05\/50110904e18f1dfae10892db7db32627.jpg","type":"image\/jpeg"}],"author":"Activa Costablanca","twitter_card":"summary_large_image","twitter_misc":{"\u00c9crit par":"Activa Costablanca","Dur\u00e9e de lecture estim\u00e9e":"1 minute"},"schema":{"@context":"https:\/\/schema.org","@graph":[{"@type":"Article","@id":"https:\/\/activacostablanca.com\/fr\/fiestas-fr\/hogueras-de-san-juan-de-alicante-2019\/#article","isPartOf":{"@id":"https:\/\/activacostablanca.com\/fr\/fiestas-fr\/hogueras-de-san-juan-de-alicante-2019\/"},"author":{"name":"Activa Costablanca","@id":"https:\/\/activacostablanca.com\/#\/schema\/person\/d48fc026c61c0eb79e3b0ade7ab35e79"},"headline":"Feux de joie de San Juan de Alicante 2019","datePublished":"2019-05-22T22:07:14+00:00","dateModified":"2019-06-04T21:31:07+00:00","mainEntityOfPage":{"@id":"https:\/\/activacostablanca.com\/fr\/fiestas-fr\/hogueras-de-san-juan-de-alicante-2019\/"},"wordCount":246,"commentCount":0,"publisher":{"@id":"https:\/\/activacostablanca.com\/#organization"},"image":{"@id":"https:\/\/activacostablanca.com\/fr\/fiestas-fr\/hogueras-de-san-juan-de-alicante-2019\/#primaryimage"},"thumbnailUrl":"https:\/\/activacostablanca.com\/wp-content\/uploads\/2019\/05\/50110904e18f1dfae10892db7db32627.jpg","keywords":["Feux de joie de San Juan de Alicante 2019"],"inLanguage":"fr-FR","potentialAction":[{"@type":"CommentAction","name":"Comment","target":["https:\/\/activacostablanca.com\/fr\/fiestas-fr\/hogueras-de-san-juan-de-alicante-2019\/#respond"]}]},{"@type":"WebPage","@id":"https:\/\/activacostablanca.com\/fr\/fiestas-fr\/hogueras-de-san-juan-de-alicante-2019\/","url":"https:\/\/activacostablanca.com\/fr\/fiestas-fr\/hogueras-de-san-juan-de-alicante-2019\/","name":"Feux de joie de San Juan de Alicante 2019 - Activa Costa Blanca","isPartOf":{"@id":"https:\/\/activacostablanca.com\/#website"},"primaryImageOfPage":{"@id":"https:\/\/activacostablanca.com\/fr\/fiestas-fr\/hogueras-de-san-juan-de-alicante-2019\/#primaryimage"},"image":{"@id":"https:\/\/activacostablanca.com\/fr\/fiestas-fr\/hogueras-de-san-juan-de-alicante-2019\/#primaryimage"},"thumbnailUrl":"https:\/\/activacostablanca.com\/wp-content\/uploads\/2019\/05\/50110904e18f1dfae10892db7db32627.jpg","datePublished":"2019-05-22T22:07:14+00:00","dateModified":"2019-06-04T21:31:07+00:00","breadcrumb":{"@id":"https:\/\/activacostablanca.com\/fr\/fiestas-fr\/hogueras-de-san-juan-de-alicante-2019\/#breadcrumb"},"inLanguage":"fr-FR","potentialAction":[{"@type":"ReadAction","target":["https:\/\/activacostablanca.com\/fr\/fiestas-fr\/hogueras-de-san-juan-de-alicante-2019\/"]}]},{"@type":"ImageObject","inLanguage":"fr-FR","@id":"https:\/\/activacostablanca.com\/fr\/fiestas-fr\/hogueras-de-san-juan-de-alicante-2019\/#primaryimage","url":"https:\/\/activacostablanca.com\/wp-content\/uploads\/2019\/05\/50110904e18f1dfae10892db7db32627.jpg","contentUrl":"https:\/\/activacostablanca.com\/wp-content\/uploads\/2019\/05\/50110904e18f1dfae10892db7db32627.jpg","width":600,"height":400},{"@type":"BreadcrumbList","@id":"https:\/\/activacostablanca.com\/fr\/fiestas-fr\/hogueras-de-san-juan-de-alicante-2019\/#breadcrumb","itemListElement":[{"@type":"ListItem","position":1,"name":"Portada","item":"https:\/\/activacostablanca.com\/fr\/"},{"@type":"ListItem","position":2,"name":"Feux de joie de San Juan de Alicante 2019"}]},{"@type":"WebSite","@id":"https:\/\/activacostablanca.com\/#website","url":"https:\/\/activacostablanca.com\/","name":"Activa Costa Blanca","description":"Activit\u00e9s et excursions sur la Costa Blanca","publisher":{"@id":"https:\/\/activacostablanca.com\/#organization"},"potentialAction":[{"@type":"SearchAction","target":{"@type":"EntryPoint","urlTemplate":"https:\/\/activacostablanca.com\/?s={search_term_string}"},"query-input":{"@type":"PropertyValueSpecification","valueRequired":true,"valueName":"search_term_string"}}],"inLanguage":"fr-FR"},{"@type":"Organization","@id":"https:\/\/activacostablanca.com\/#organization","name":"Activa Costa Blanca","url":"https:\/\/activacostablanca.com\/","logo":{"@type":"ImageObject","inLanguage":"fr-FR","@id":"https:\/\/activacostablanca.com\/#\/schema\/logo\/image\/","url":"https:\/\/activacostablanca.com\/wp-content\/uploads\/2019\/04\/weblogo.png","contentUrl":"https:\/\/activacostablanca.com\/wp-content\/uploads\/2019\/04\/weblogo.png","width":177,"height":46,"caption":"Activa Costa Blanca"},"image":{"@id":"https:\/\/activacostablanca.com\/#\/schema\/logo\/image\/"}},{"@type":"Person","@id":"https:\/\/activacostablanca.com\/#\/schema\/person\/d48fc026c61c0eb79e3b0ade7ab35e79","name":"Activa Costablanca","image":{"@type":"ImageObject","inLanguage":"fr-FR","@id":"https:\/\/activacostablanca.com\/#\/schema\/person\/image\/","url":"https:\/\/secure.gravatar.com\/avatar\/657de7470d8657c20722b4ee0e1d8f7106ae39ef32e2297fb70099296a80867a?s=96&d=mm&r=g","contentUrl":"https:\/\/secure.gravatar.com\/avatar\/657de7470d8657c20722b4ee0e1d8f7106ae39ef32e2297fb70099296a80867a?s=96&d=mm&r=g","caption":"Activa Costablanca"}}]}},"_links":{"self":[{"href":"https:\/\/activacostablanca.com\/fr\/wp-json\/wp\/v2\/posts\/12581","targetHints":{"allow":["GET"]}}],"collection":[{"href":"https:\/\/activacostablanca.com\/fr\/wp-json\/wp\/v2\/posts"}],"about":[{"href":"https:\/\/activacostablanca.com\/fr\/wp-json\/wp\/v2\/types\/post"}],"author":[{"embeddable":true,"href":"https:\/\/activacostablanca.com\/fr\/wp-json\/wp\/v2\/users\/2"}],"replies":[{"embeddable":true,"href":"https:\/\/activacostablanca.com\/fr\/wp-json\/wp\/v2\/comments?post=12581"}],"version-history":[{"count":2,"href":"https:\/\/activacostablanca.com\/fr\/wp-json\/wp\/v2\/posts\/12581\/revisions"}],"predecessor-version":[{"id":12585,"href":"https:\/\/activacostablanca.com\/fr\/wp-json\/wp\/v2\/posts\/12581\/revisions\/12585"}],"wp:featuredmedia":[{"embeddable":true,"href":"https:\/\/activacostablanca.com\/fr\/wp-json\/wp\/v2\/media\/12485"}],"wp:attachment":[{"href":"https:\/\/activacostablanca.com\/fr\/wp-json\/wp\/v2\/media?parent=12581"}],"wp:term":[{"taxonomy":"category","embeddable":true,"href":"https:\/\/activacostablanca.com\/fr\/wp-json\/wp\/v2\/categories?post=12581"},{"taxonomy":"post_tag","embeddable":true,"href":"https:\/\/activacostablanca.com\/fr\/wp-json\/wp\/v2\/tags?post=12581"}],"curies":[{"name":"wp","href":"https:\/\/api.w.org\/{rel}","templated":true}]}}