{"id":12578,"date":"2019-06-04T20:54:31","date_gmt":"2019-06-04T20:54:31","guid":{"rendered":"http:\/\/activacostablanca.com\/non-classifiee\/moraira-moors-christians\/"},"modified":"2019-06-04T21:23:26","modified_gmt":"2019-06-04T21:23:26","slug":"moraira-moors-christians","status":"publish","type":"post","link":"https:\/\/activacostablanca.com\/fr\/non-classifiee\/moraira-moors-christians\/","title":{"rendered":"Maures et Chr\u00e9tiens Moraira 2019"},"content":{"rendered":"<p>&nbsp;<\/p>\n<p><strong>Maures et chr\u00e9tiens en l&rsquo;honneur du Sant\u00edsimo Cristo (Moraira)<\/strong><\/p>\n<p><strong>F\u00eates des Maures et des chr\u00e9tiens en l&rsquo;honneur du Sant\u00edsimo Cristo de Moraira, d\u00e9but juin.<\/strong><\/p>\n<p>Il y a plus de vingt-cinq ans, un petit groupe d&rsquo;amis, principalement des locaux et des marchands, a pens\u00e9 organiser une f\u00eate qui favoriserait le d\u00e9but de la saison estivale. \u00ab\u00a0D\u00e8s ses d\u00e9buts, le ch\u00e2teau, l&rsquo;ancienne tour de d\u00e9fense des premiers habitants, d&rsquo;o\u00f9 l&rsquo;on pouvait voir l&rsquo;arriv\u00e9e des bateaux en provenance d&rsquo;Afrique du Nord, a \u00e9t\u00e9 le symbole d&rsquo;une f\u00eate qui, vingt-six ans plus tard, a atteint une grande splendeur et un grand \u00e9clat.Des milliers de personnes assistent au d\u00e9fil\u00e9 auquel participent plus d&rsquo;un millier de personnes, des spectateurs, pour la plupart \u00e9trangers, enthousiastes, attir\u00e9s par la couleur et l&rsquo;\u00e9clat des costumes, la musique et tout ce que la f\u00eate des Maures et des chr\u00e9tiens apporte.<\/p>\n<p>Traduit avec www.DeepL.com\/Translator<\/p>\n","protected":false},"excerpt":{"rendered":"<p>&nbsp; Maures et chr\u00e9tiens en l&rsquo;honneur du Sant\u00edsimo Cristo (Moraira) F\u00eates des Maures et des chr\u00e9tiens en l&rsquo;honneur du Sant\u00edsimo Cristo de Moraira, d\u00e9but juin. Il y a plus de vingt-cinq ans, un petit groupe d&rsquo;amis, principalement des locaux et des marchands, a pens\u00e9 organiser une f\u00eate qui favoriserait le d\u00e9but de la saison estivale. [&hellip;]<\/p>\n","protected":false},"author":2,"featured_media":12559,"comment_status":"open","ping_status":"open","sticky":false,"template":"","format":"standard","meta":{"_exactmetrics_skip_tracking":false,"_exactmetrics_sitenote_active":false,"_exactmetrics_sitenote_note":"","_exactmetrics_sitenote_category":0,"footnotes":""},"categories":[],"tags":[3379,3378,3380],"class_list":["post-12578","post","type-post","status-publish","format-standard","has-post-thumbnail","hentry","tag-fetes-des-maures-et-des-chretiens-en-lhonneur-du-santisimo-cristo-de-moraira","tag-maures-et-chretiens-en-lhonneur-du-santisimo-cristo-moraira","tag-maures-et-chretiens-moraira-2019"],"yoast_head":"<!-- This site is optimized with the Yoast SEO plugin v25.0 - https:\/\/yoast.com\/wordpress\/plugins\/seo\/ -->\n<title>Maures et Chr\u00e9tiens Moraira 2019 - Activa Costa Blanca<\/title>\n<meta name=\"robots\" content=\"index, follow, max-snippet:-1, max-image-preview:large, max-video-preview:-1\" \/>\n<link rel=\"canonical\" href=\"https:\/\/activacostablanca.com\/fr\/non-classifiee\/moraira-moors-christians\/\" \/>\n<meta property=\"og:locale\" content=\"fr_FR\" \/>\n<meta property=\"og:type\" content=\"article\" \/>\n<meta property=\"og:title\" content=\"Maures et Chr\u00e9tiens Moraira 2019 - Activa Costa Blanca\" \/>\n<meta property=\"og:description\" content=\"&nbsp; Maures et chr\u00e9tiens en l&rsquo;honneur du Sant\u00edsimo Cristo (Moraira) F\u00eates des Maures et des chr\u00e9tiens en l&rsquo;honneur du Sant\u00edsimo Cristo de Moraira, d\u00e9but juin. Il y a plus de vingt-cinq ans, un petit groupe d&rsquo;amis, principalement des locaux et des marchands, a pens\u00e9 organiser une f\u00eate qui favoriserait le d\u00e9but de la saison estivale. [&hellip;]\" \/>\n<meta property=\"og:url\" content=\"https:\/\/activacostablanca.com\/fr\/non-classifiee\/moraira-moors-christians\/\" \/>\n<meta property=\"og:site_name\" content=\"Activa Costa Blanca\" \/>\n<meta property=\"article:published_time\" content=\"2019-06-04T20:54:31+00:00\" \/>\n<meta property=\"article:modified_time\" content=\"2019-06-04T21:23:26+00:00\" \/>\n<meta property=\"og:image\" content=\"https:\/\/activacostablanca.com\/wp-content\/uploads\/2019\/06\/moraira-moros-y-cristianos.jpg\" \/>\n\t<meta property=\"og:image:width\" content=\"234\" \/>\n\t<meta property=\"og:image:height\" content=\"200\" \/>\n\t<meta property=\"og:image:type\" content=\"image\/jpeg\" \/>\n<meta name=\"author\" content=\"Activa Costablanca\" \/>\n<meta name=\"twitter:card\" content=\"summary_large_image\" \/>\n<meta name=\"twitter:label1\" content=\"\u00c9crit par\" \/>\n\t<meta name=\"twitter:data1\" content=\"Activa Costablanca\" \/>\n\t<meta name=\"twitter:label2\" content=\"Dur\u00e9e de lecture estim\u00e9e\" \/>\n\t<meta name=\"twitter:data2\" content=\"1 minute\" \/>\n<script type=\"application\/ld+json\" class=\"yoast-schema-graph\">{\"@context\":\"https:\/\/schema.org\",\"@graph\":[{\"@type\":\"Article\",\"@id\":\"https:\/\/activacostablanca.com\/fr\/non-classifiee\/moraira-moors-christians\/#article\",\"isPartOf\":{\"@id\":\"https:\/\/activacostablanca.com\/fr\/non-classifiee\/moraira-moors-christians\/\"},\"author\":{\"name\":\"Activa Costablanca\",\"@id\":\"https:\/\/activacostablanca.com\/#\/schema\/person\/d48fc026c61c0eb79e3b0ade7ab35e79\"},\"headline\":\"Maures et Chr\u00e9tiens Moraira 2019\",\"datePublished\":\"2019-06-04T20:54:31+00:00\",\"dateModified\":\"2019-06-04T21:23:26+00:00\",\"mainEntityOfPage\":{\"@id\":\"https:\/\/activacostablanca.com\/fr\/non-classifiee\/moraira-moors-christians\/\"},\"wordCount\":172,\"commentCount\":0,\"publisher\":{\"@id\":\"https:\/\/activacostablanca.com\/#organization\"},\"image\":{\"@id\":\"https:\/\/activacostablanca.com\/fr\/non-classifiee\/moraira-moors-christians\/#primaryimage\"},\"thumbnailUrl\":\"https:\/\/activacostablanca.com\/wp-content\/uploads\/2019\/06\/moraira-moros-y-cristianos.jpg\",\"keywords\":[\"F\u00eates des Maures et des chr\u00e9tiens en l'honneur du Sant\u00edsimo Cristo de Moraira\",\"Maures et chr\u00e9tiens en l'honneur du Sant\u00edsimo Cristo (Moraira)\",\"Maures et Chr\u00e9tiens Moraira 2019\"],\"inLanguage\":\"fr-FR\",\"potentialAction\":[{\"@type\":\"CommentAction\",\"name\":\"Comment\",\"target\":[\"https:\/\/activacostablanca.com\/fr\/non-classifiee\/moraira-moors-christians\/#respond\"]}]},{\"@type\":\"WebPage\",\"@id\":\"https:\/\/activacostablanca.com\/fr\/non-classifiee\/moraira-moors-christians\/\",\"url\":\"https:\/\/activacostablanca.com\/fr\/non-classifiee\/moraira-moors-christians\/\",\"name\":\"Maures et Chr\u00e9tiens Moraira 2019 - Activa Costa Blanca\",\"isPartOf\":{\"@id\":\"https:\/\/activacostablanca.com\/#website\"},\"primaryImageOfPage\":{\"@id\":\"https:\/\/activacostablanca.com\/fr\/non-classifiee\/moraira-moors-christians\/#primaryimage\"},\"image\":{\"@id\":\"https:\/\/activacostablanca.com\/fr\/non-classifiee\/moraira-moors-christians\/#primaryimage\"},\"thumbnailUrl\":\"https:\/\/activacostablanca.com\/wp-content\/uploads\/2019\/06\/moraira-moros-y-cristianos.jpg\",\"datePublished\":\"2019-06-04T20:54:31+00:00\",\"dateModified\":\"2019-06-04T21:23:26+00:00\",\"breadcrumb\":{\"@id\":\"https:\/\/activacostablanca.com\/fr\/non-classifiee\/moraira-moors-christians\/#breadcrumb\"},\"inLanguage\":\"fr-FR\",\"potentialAction\":[{\"@type\":\"ReadAction\",\"target\":[\"https:\/\/activacostablanca.com\/fr\/non-classifiee\/moraira-moors-christians\/\"]}]},{\"@type\":\"ImageObject\",\"inLanguage\":\"fr-FR\",\"@id\":\"https:\/\/activacostablanca.com\/fr\/non-classifiee\/moraira-moors-christians\/#primaryimage\",\"url\":\"https:\/\/activacostablanca.com\/wp-content\/uploads\/2019\/06\/moraira-moros-y-cristianos.jpg\",\"contentUrl\":\"https:\/\/activacostablanca.com\/wp-content\/uploads\/2019\/06\/moraira-moros-y-cristianos.jpg\",\"width\":234,\"height\":200},{\"@type\":\"BreadcrumbList\",\"@id\":\"https:\/\/activacostablanca.com\/fr\/non-classifiee\/moraira-moors-christians\/#breadcrumb\",\"itemListElement\":[{\"@type\":\"ListItem\",\"position\":1,\"name\":\"Portada\",\"item\":\"https:\/\/activacostablanca.com\/fr\/\"},{\"@type\":\"ListItem\",\"position\":2,\"name\":\"Maures et Chr\u00e9tiens Moraira 2019\"}]},{\"@type\":\"WebSite\",\"@id\":\"https:\/\/activacostablanca.com\/#website\",\"url\":\"https:\/\/activacostablanca.com\/\",\"name\":\"Activa Costa Blanca\",\"description\":\"Activit\u00e9s et excursions sur la Costa Blanca\",\"publisher\":{\"@id\":\"https:\/\/activacostablanca.com\/#organization\"},\"potentialAction\":[{\"@type\":\"SearchAction\",\"target\":{\"@type\":\"EntryPoint\",\"urlTemplate\":\"https:\/\/activacostablanca.com\/?s={search_term_string}\"},\"query-input\":{\"@type\":\"PropertyValueSpecification\",\"valueRequired\":true,\"valueName\":\"search_term_string\"}}],\"inLanguage\":\"fr-FR\"},{\"@type\":\"Organization\",\"@id\":\"https:\/\/activacostablanca.com\/#organization\",\"name\":\"Activa Costa Blanca\",\"url\":\"https:\/\/activacostablanca.com\/\",\"logo\":{\"@type\":\"ImageObject\",\"inLanguage\":\"fr-FR\",\"@id\":\"https:\/\/activacostablanca.com\/#\/schema\/logo\/image\/\",\"url\":\"https:\/\/activacostablanca.com\/wp-content\/uploads\/2019\/04\/weblogo.png\",\"contentUrl\":\"https:\/\/activacostablanca.com\/wp-content\/uploads\/2019\/04\/weblogo.png\",\"width\":177,\"height\":46,\"caption\":\"Activa Costa Blanca\"},\"image\":{\"@id\":\"https:\/\/activacostablanca.com\/#\/schema\/logo\/image\/\"}},{\"@type\":\"Person\",\"@id\":\"https:\/\/activacostablanca.com\/#\/schema\/person\/d48fc026c61c0eb79e3b0ade7ab35e79\",\"name\":\"Activa Costablanca\",\"image\":{\"@type\":\"ImageObject\",\"inLanguage\":\"fr-FR\",\"@id\":\"https:\/\/activacostablanca.com\/#\/schema\/person\/image\/\",\"url\":\"https:\/\/secure.gravatar.com\/avatar\/657de7470d8657c20722b4ee0e1d8f7106ae39ef32e2297fb70099296a80867a?s=96&d=mm&r=g\",\"contentUrl\":\"https:\/\/secure.gravatar.com\/avatar\/657de7470d8657c20722b4ee0e1d8f7106ae39ef32e2297fb70099296a80867a?s=96&d=mm&r=g\",\"caption\":\"Activa Costablanca\"}}]}<\/script>\n<!-- \/ Yoast SEO plugin. -->","yoast_head_json":{"title":"Maures et Chr\u00e9tiens Moraira 2019 - Activa Costa Blanca","robots":{"index":"index","follow":"follow","max-snippet":"max-snippet:-1","max-image-preview":"max-image-preview:large","max-video-preview":"max-video-preview:-1"},"canonical":"https:\/\/activacostablanca.com\/fr\/non-classifiee\/moraira-moors-christians\/","og_locale":"fr_FR","og_type":"article","og_title":"Maures et Chr\u00e9tiens Moraira 2019 - Activa Costa Blanca","og_description":"&nbsp; Maures et chr\u00e9tiens en l&rsquo;honneur du Sant\u00edsimo Cristo (Moraira) F\u00eates des Maures et des chr\u00e9tiens en l&rsquo;honneur du Sant\u00edsimo Cristo de Moraira, d\u00e9but juin. Il y a plus de vingt-cinq ans, un petit groupe d&rsquo;amis, principalement des locaux et des marchands, a pens\u00e9 organiser une f\u00eate qui favoriserait le d\u00e9but de la saison estivale. [&hellip;]","og_url":"https:\/\/activacostablanca.com\/fr\/non-classifiee\/moraira-moors-christians\/","og_site_name":"Activa Costa Blanca","article_published_time":"2019-06-04T20:54:31+00:00","article_modified_time":"2019-06-04T21:23:26+00:00","og_image":[{"width":234,"height":200,"url":"https:\/\/activacostablanca.com\/wp-content\/uploads\/2019\/06\/moraira-moros-y-cristianos.jpg","type":"image\/jpeg"}],"author":"Activa Costablanca","twitter_card":"summary_large_image","twitter_misc":{"\u00c9crit par":"Activa Costablanca","Dur\u00e9e de lecture estim\u00e9e":"1 minute"},"schema":{"@context":"https:\/\/schema.org","@graph":[{"@type":"Article","@id":"https:\/\/activacostablanca.com\/fr\/non-classifiee\/moraira-moors-christians\/#article","isPartOf":{"@id":"https:\/\/activacostablanca.com\/fr\/non-classifiee\/moraira-moors-christians\/"},"author":{"name":"Activa Costablanca","@id":"https:\/\/activacostablanca.com\/#\/schema\/person\/d48fc026c61c0eb79e3b0ade7ab35e79"},"headline":"Maures et Chr\u00e9tiens Moraira 2019","datePublished":"2019-06-04T20:54:31+00:00","dateModified":"2019-06-04T21:23:26+00:00","mainEntityOfPage":{"@id":"https:\/\/activacostablanca.com\/fr\/non-classifiee\/moraira-moors-christians\/"},"wordCount":172,"commentCount":0,"publisher":{"@id":"https:\/\/activacostablanca.com\/#organization"},"image":{"@id":"https:\/\/activacostablanca.com\/fr\/non-classifiee\/moraira-moors-christians\/#primaryimage"},"thumbnailUrl":"https:\/\/activacostablanca.com\/wp-content\/uploads\/2019\/06\/moraira-moros-y-cristianos.jpg","keywords":["F\u00eates des Maures et des chr\u00e9tiens en l'honneur du Sant\u00edsimo Cristo de Moraira","Maures et chr\u00e9tiens en l'honneur du Sant\u00edsimo Cristo (Moraira)","Maures et Chr\u00e9tiens Moraira 2019"],"inLanguage":"fr-FR","potentialAction":[{"@type":"CommentAction","name":"Comment","target":["https:\/\/activacostablanca.com\/fr\/non-classifiee\/moraira-moors-christians\/#respond"]}]},{"@type":"WebPage","@id":"https:\/\/activacostablanca.com\/fr\/non-classifiee\/moraira-moors-christians\/","url":"https:\/\/activacostablanca.com\/fr\/non-classifiee\/moraira-moors-christians\/","name":"Maures et Chr\u00e9tiens Moraira 2019 - Activa Costa Blanca","isPartOf":{"@id":"https:\/\/activacostablanca.com\/#website"},"primaryImageOfPage":{"@id":"https:\/\/activacostablanca.com\/fr\/non-classifiee\/moraira-moors-christians\/#primaryimage"},"image":{"@id":"https:\/\/activacostablanca.com\/fr\/non-classifiee\/moraira-moors-christians\/#primaryimage"},"thumbnailUrl":"https:\/\/activacostablanca.com\/wp-content\/uploads\/2019\/06\/moraira-moros-y-cristianos.jpg","datePublished":"2019-06-04T20:54:31+00:00","dateModified":"2019-06-04T21:23:26+00:00","breadcrumb":{"@id":"https:\/\/activacostablanca.com\/fr\/non-classifiee\/moraira-moors-christians\/#breadcrumb"},"inLanguage":"fr-FR","potentialAction":[{"@type":"ReadAction","target":["https:\/\/activacostablanca.com\/fr\/non-classifiee\/moraira-moors-christians\/"]}]},{"@type":"ImageObject","inLanguage":"fr-FR","@id":"https:\/\/activacostablanca.com\/fr\/non-classifiee\/moraira-moors-christians\/#primaryimage","url":"https:\/\/activacostablanca.com\/wp-content\/uploads\/2019\/06\/moraira-moros-y-cristianos.jpg","contentUrl":"https:\/\/activacostablanca.com\/wp-content\/uploads\/2019\/06\/moraira-moros-y-cristianos.jpg","width":234,"height":200},{"@type":"BreadcrumbList","@id":"https:\/\/activacostablanca.com\/fr\/non-classifiee\/moraira-moors-christians\/#breadcrumb","itemListElement":[{"@type":"ListItem","position":1,"name":"Portada","item":"https:\/\/activacostablanca.com\/fr\/"},{"@type":"ListItem","position":2,"name":"Maures et Chr\u00e9tiens Moraira 2019"}]},{"@type":"WebSite","@id":"https:\/\/activacostablanca.com\/#website","url":"https:\/\/activacostablanca.com\/","name":"Activa Costa Blanca","description":"Activit\u00e9s et excursions sur la Costa Blanca","publisher":{"@id":"https:\/\/activacostablanca.com\/#organization"},"potentialAction":[{"@type":"SearchAction","target":{"@type":"EntryPoint","urlTemplate":"https:\/\/activacostablanca.com\/?s={search_term_string}"},"query-input":{"@type":"PropertyValueSpecification","valueRequired":true,"valueName":"search_term_string"}}],"inLanguage":"fr-FR"},{"@type":"Organization","@id":"https:\/\/activacostablanca.com\/#organization","name":"Activa Costa Blanca","url":"https:\/\/activacostablanca.com\/","logo":{"@type":"ImageObject","inLanguage":"fr-FR","@id":"https:\/\/activacostablanca.com\/#\/schema\/logo\/image\/","url":"https:\/\/activacostablanca.com\/wp-content\/uploads\/2019\/04\/weblogo.png","contentUrl":"https:\/\/activacostablanca.com\/wp-content\/uploads\/2019\/04\/weblogo.png","width":177,"height":46,"caption":"Activa Costa Blanca"},"image":{"@id":"https:\/\/activacostablanca.com\/#\/schema\/logo\/image\/"}},{"@type":"Person","@id":"https:\/\/activacostablanca.com\/#\/schema\/person\/d48fc026c61c0eb79e3b0ade7ab35e79","name":"Activa Costablanca","image":{"@type":"ImageObject","inLanguage":"fr-FR","@id":"https:\/\/activacostablanca.com\/#\/schema\/person\/image\/","url":"https:\/\/secure.gravatar.com\/avatar\/657de7470d8657c20722b4ee0e1d8f7106ae39ef32e2297fb70099296a80867a?s=96&d=mm&r=g","contentUrl":"https:\/\/secure.gravatar.com\/avatar\/657de7470d8657c20722b4ee0e1d8f7106ae39ef32e2297fb70099296a80867a?s=96&d=mm&r=g","caption":"Activa Costablanca"}}]}},"_links":{"self":[{"href":"https:\/\/activacostablanca.com\/fr\/wp-json\/wp\/v2\/posts\/12578","targetHints":{"allow":["GET"]}}],"collection":[{"href":"https:\/\/activacostablanca.com\/fr\/wp-json\/wp\/v2\/posts"}],"about":[{"href":"https:\/\/activacostablanca.com\/fr\/wp-json\/wp\/v2\/types\/post"}],"author":[{"embeddable":true,"href":"https:\/\/activacostablanca.com\/fr\/wp-json\/wp\/v2\/users\/2"}],"replies":[{"embeddable":true,"href":"https:\/\/activacostablanca.com\/fr\/wp-json\/wp\/v2\/comments?post=12578"}],"version-history":[{"count":2,"href":"https:\/\/activacostablanca.com\/fr\/wp-json\/wp\/v2\/posts\/12578\/revisions"}],"predecessor-version":[{"id":12580,"href":"https:\/\/activacostablanca.com\/fr\/wp-json\/wp\/v2\/posts\/12578\/revisions\/12580"}],"wp:featuredmedia":[{"embeddable":true,"href":"https:\/\/activacostablanca.com\/fr\/wp-json\/wp\/v2\/media\/12559"}],"wp:attachment":[{"href":"https:\/\/activacostablanca.com\/fr\/wp-json\/wp\/v2\/media?parent=12578"}],"wp:term":[{"taxonomy":"category","embeddable":true,"href":"https:\/\/activacostablanca.com\/fr\/wp-json\/wp\/v2\/categories?post=12578"},{"taxonomy":"post_tag","embeddable":true,"href":"https:\/\/activacostablanca.com\/fr\/wp-json\/wp\/v2\/tags?post=12578"}],"curies":[{"name":"wp","href":"https:\/\/api.w.org\/{rel}","templated":true}]}}