{"id":12510,"date":"2019-05-25T08:11:17","date_gmt":"2019-05-25T08:11:17","guid":{"rendered":"http:\/\/activacostablanca.com\/non-classifiee\/xvi-subida-vertical-gran-hotel-bali\/"},"modified":"2019-05-25T08:25:18","modified_gmt":"2019-05-25T08:25:18","slug":"xvi-subida-vertical-gran-hotel-bali","status":"publish","type":"post","link":"https:\/\/activacostablanca.com\/fr\/non-classifiee\/xvi-subida-vertical-gran-hotel-bali\/","title":{"rendered":"XVI L&rsquo;Ascension au Gran H\u00f4tel BALI \u00e0 Benidorm"},"content":{"rendered":"<p>L&rsquo;Ascension au Gran H\u00f4tel BALI \u00e0 Benidorm, est un test particulier, qui consiste \u00e0 escalader la tour avec ses 52 \u00e9tages et ses 924 marches dans les plus brefs d\u00e9lais. C&rsquo;est un test tr\u00e8s explosif qui demande un grand effort, ouvert \u00e0 tous les types de coureurs, qu&rsquo;ils soient coureurs d&rsquo;asphalte, de montagne, cyclistes, triathl\u00e8tes, etc.<\/p>\n<p>Dans le test il y a 3 cat\u00e9gories : Pompiers \u00e9quip\u00e9s, Elite, o\u00f9 viennent les meilleurs sp\u00e9cialistes du monde et Open, adapt\u00e9 \u00e0 tous. Il s&rsquo;agit d&rsquo;un test international rattach\u00e9 \u00e0 l&rsquo;ASSOCIATION TOWERRUNNING WORLD, au sein de la COUPE DU MONDE, qui se d\u00e9roule dans les tours des b\u00e2timents les plus importants du monde (Empire States, USA, Tour Eiffel FRA, Taipei 101, TAW, Torre Latino, ITA, The Torch, QTR, TV Tower, EST, Calgary Tower, CAN, Haus des Meeres, AUT, WTC Torre Almere, NED).<\/p>\n<p>Le Gran Hotel Bali est un h\u00f4tel 4 \u00e9toiles situ\u00e9 \u00e0 Benidorm, province d&rsquo;Alicante, Espagne. Il mesure 186 m\u00e8tres de haut (210 m\u00e8tres avec le m\u00e2t), c&rsquo;est l&rsquo;h\u00f4tel le plus haut d&rsquo;Europe et l&rsquo;un des gratte-ciel les plus hauts d&rsquo;Europe. C&rsquo;\u00e9tait le b\u00e2timent le plus haut d&rsquo;Espagne surpassant Torre Picasso en 2001, jusqu&rsquo;en novembre 2006, date \u00e0 laquelle il a \u00e9t\u00e9 d\u00e9pass\u00e9 par Torre Espacio (puis, successivement, par les trois autres tours de la zone commerciale Cuatro Torres \u00e0 Madrid).<\/p>\n<p>L&rsquo;h\u00f4tel a ouvert ses portes le 17 mai 2002, a commenc\u00e9 sa construction en 1990, avec un budget de 12 millions d&rsquo;euros. L&rsquo;h\u00f4tel, qui est en fait un ensemble de quatre b\u00e2timents, a \u00e9t\u00e9 con\u00e7u par l&rsquo;architecte Antonio Escario et compte 776 chambres (d&rsquo;une capacit\u00e9 maximale de 2 000 personnes), 18 ascenseurs, jardins et piscines. Elle est situ\u00e9e \u00e0 La Cala de Benidorm, pr\u00e8s de la c\u00f4te m\u00e9diterran\u00e9enne (300 m\u00e8tres), et, par temps clair, l&rsquo;\u00eele de Tabarca est visible de ses plus hauts balcons.<\/p>\n<p>Traduit avec www.DeepL.com\/Translator<\/p>\n","protected":false},"excerpt":{"rendered":"<p>L&rsquo;Ascension au Gran H\u00f4tel BALI \u00e0 Benidorm, est un test particulier, qui consiste \u00e0 escalader la tour avec ses 52 \u00e9tages et ses 924 marches dans les plus brefs d\u00e9lais. C&rsquo;est un test tr\u00e8s explosif qui demande un grand effort, ouvert \u00e0 tous les types de coureurs, qu&rsquo;ils soient coureurs d&rsquo;asphalte, de montagne, cyclistes, triathl\u00e8tes, [&hellip;]<\/p>\n","protected":false},"author":2,"featured_media":12497,"comment_status":"open","ping_status":"open","sticky":false,"template":"","format":"standard","meta":{"_exactmetrics_skip_tracking":false,"_exactmetrics_sitenote_active":false,"_exactmetrics_sitenote_note":"","_exactmetrics_sitenote_category":0,"footnotes":""},"categories":[],"tags":[3362,3361],"class_list":["post-12510","post","type-post","status-publish","format-standard","has-post-thumbnail","hentry","tag-qui-consiste-a-escalader-la-tour-avec-ses-52-etages-et-ses-924-marches-dans-les-plus-brefs-delais","tag-xvi-lascension-au-gran-hotel-bali-a-benidorm"],"yoast_head":"<!-- This site is optimized with the Yoast SEO plugin v25.0 - https:\/\/yoast.com\/wordpress\/plugins\/seo\/ -->\n<title>XVI L&#039;Ascension au Gran H\u00f4tel BALI \u00e0 Benidorm - Activa Costa Blanca<\/title>\n<meta name=\"robots\" content=\"index, follow, max-snippet:-1, max-image-preview:large, max-video-preview:-1\" \/>\n<link rel=\"canonical\" href=\"https:\/\/activacostablanca.com\/fr\/eventos-deportivoshiking-mountain-walking-fr\/xvi-subida-vertical-gran-hotel-bali\/\" \/>\n<meta property=\"og:locale\" content=\"fr_FR\" \/>\n<meta property=\"og:type\" content=\"article\" \/>\n<meta property=\"og:title\" content=\"XVI L&#039;Ascension au Gran H\u00f4tel BALI \u00e0 Benidorm - Activa Costa Blanca\" \/>\n<meta property=\"og:description\" content=\"L&rsquo;Ascension au Gran H\u00f4tel BALI \u00e0 Benidorm, est un test particulier, qui consiste \u00e0 escalader la tour avec ses 52 \u00e9tages et ses 924 marches dans les plus brefs d\u00e9lais. C&rsquo;est un test tr\u00e8s explosif qui demande un grand effort, ouvert \u00e0 tous les types de coureurs, qu&rsquo;ils soient coureurs d&rsquo;asphalte, de montagne, cyclistes, triathl\u00e8tes, [&hellip;]\" \/>\n<meta property=\"og:url\" content=\"https:\/\/activacostablanca.com\/fr\/eventos-deportivoshiking-mountain-walking-fr\/xvi-subida-vertical-gran-hotel-bali\/\" \/>\n<meta property=\"og:site_name\" content=\"Activa Costa Blanca\" \/>\n<meta property=\"article:published_time\" content=\"2019-05-25T08:11:17+00:00\" \/>\n<meta property=\"article:modified_time\" content=\"2019-05-25T08:25:18+00:00\" \/>\n<meta property=\"og:image\" content=\"https:\/\/activacostablanca.com\/wp-content\/uploads\/2019\/05\/bali.jpg\" \/>\n\t<meta property=\"og:image:width\" content=\"284\" \/>\n\t<meta property=\"og:image:height\" content=\"221\" \/>\n\t<meta property=\"og:image:type\" content=\"image\/jpeg\" \/>\n<meta name=\"author\" content=\"Activa Costablanca\" \/>\n<meta name=\"twitter:card\" content=\"summary_large_image\" \/>\n<meta name=\"twitter:label1\" content=\"\u00c9crit par\" \/>\n\t<meta name=\"twitter:data1\" content=\"Activa Costablanca\" \/>\n\t<meta name=\"twitter:label2\" content=\"Dur\u00e9e de lecture estim\u00e9e\" \/>\n\t<meta name=\"twitter:data2\" content=\"2 minutes\" \/>\n<script type=\"application\/ld+json\" class=\"yoast-schema-graph\">{\"@context\":\"https:\/\/schema.org\",\"@graph\":[{\"@type\":\"Article\",\"@id\":\"https:\/\/activacostablanca.com\/fr\/eventos-deportivoshiking-mountain-walking-fr\/xvi-subida-vertical-gran-hotel-bali\/#article\",\"isPartOf\":{\"@id\":\"https:\/\/activacostablanca.com\/fr\/eventos-deportivoshiking-mountain-walking-fr\/xvi-subida-vertical-gran-hotel-bali\/\"},\"author\":{\"name\":\"Activa Costablanca\",\"@id\":\"https:\/\/activacostablanca.com\/#\/schema\/person\/d48fc026c61c0eb79e3b0ade7ab35e79\"},\"headline\":\"XVI L&rsquo;Ascension au Gran H\u00f4tel BALI \u00e0 Benidorm\",\"datePublished\":\"2019-05-25T08:11:17+00:00\",\"dateModified\":\"2019-05-25T08:25:18+00:00\",\"mainEntityOfPage\":{\"@id\":\"https:\/\/activacostablanca.com\/fr\/eventos-deportivoshiking-mountain-walking-fr\/xvi-subida-vertical-gran-hotel-bali\/\"},\"wordCount\":317,\"commentCount\":0,\"publisher\":{\"@id\":\"https:\/\/activacostablanca.com\/#organization\"},\"image\":{\"@id\":\"https:\/\/activacostablanca.com\/fr\/eventos-deportivoshiking-mountain-walking-fr\/xvi-subida-vertical-gran-hotel-bali\/#primaryimage\"},\"thumbnailUrl\":\"https:\/\/activacostablanca.com\/wp-content\/uploads\/2019\/05\/bali.jpg\",\"keywords\":[\"qui consiste \u00e0 escalader la tour avec ses 52 \u00e9tages et ses 924 marches dans les plus brefs d\u00e9lais\",\"XVI L'Ascension au Gran H\u00f4tel BALI \u00e0 Benidorm\"],\"inLanguage\":\"fr-FR\",\"potentialAction\":[{\"@type\":\"CommentAction\",\"name\":\"Comment\",\"target\":[\"https:\/\/activacostablanca.com\/fr\/eventos-deportivoshiking-mountain-walking-fr\/xvi-subida-vertical-gran-hotel-bali\/#respond\"]}]},{\"@type\":\"WebPage\",\"@id\":\"https:\/\/activacostablanca.com\/fr\/eventos-deportivoshiking-mountain-walking-fr\/xvi-subida-vertical-gran-hotel-bali\/\",\"url\":\"https:\/\/activacostablanca.com\/fr\/eventos-deportivoshiking-mountain-walking-fr\/xvi-subida-vertical-gran-hotel-bali\/\",\"name\":\"XVI L'Ascension au Gran H\u00f4tel BALI \u00e0 Benidorm - Activa Costa Blanca\",\"isPartOf\":{\"@id\":\"https:\/\/activacostablanca.com\/#website\"},\"primaryImageOfPage\":{\"@id\":\"https:\/\/activacostablanca.com\/fr\/eventos-deportivoshiking-mountain-walking-fr\/xvi-subida-vertical-gran-hotel-bali\/#primaryimage\"},\"image\":{\"@id\":\"https:\/\/activacostablanca.com\/fr\/eventos-deportivoshiking-mountain-walking-fr\/xvi-subida-vertical-gran-hotel-bali\/#primaryimage\"},\"thumbnailUrl\":\"https:\/\/activacostablanca.com\/wp-content\/uploads\/2019\/05\/bali.jpg\",\"datePublished\":\"2019-05-25T08:11:17+00:00\",\"dateModified\":\"2019-05-25T08:25:18+00:00\",\"breadcrumb\":{\"@id\":\"https:\/\/activacostablanca.com\/fr\/eventos-deportivoshiking-mountain-walking-fr\/xvi-subida-vertical-gran-hotel-bali\/#breadcrumb\"},\"inLanguage\":\"fr-FR\",\"potentialAction\":[{\"@type\":\"ReadAction\",\"target\":[\"https:\/\/activacostablanca.com\/fr\/eventos-deportivoshiking-mountain-walking-fr\/xvi-subida-vertical-gran-hotel-bali\/\"]}]},{\"@type\":\"ImageObject\",\"inLanguage\":\"fr-FR\",\"@id\":\"https:\/\/activacostablanca.com\/fr\/eventos-deportivoshiking-mountain-walking-fr\/xvi-subida-vertical-gran-hotel-bali\/#primaryimage\",\"url\":\"https:\/\/activacostablanca.com\/wp-content\/uploads\/2019\/05\/bali.jpg\",\"contentUrl\":\"https:\/\/activacostablanca.com\/wp-content\/uploads\/2019\/05\/bali.jpg\",\"width\":284,\"height\":221,\"caption\":\"Vertical Running en el Gran Hotel Bali de Benidorm\"},{\"@type\":\"BreadcrumbList\",\"@id\":\"https:\/\/activacostablanca.com\/fr\/eventos-deportivoshiking-mountain-walking-fr\/xvi-subida-vertical-gran-hotel-bali\/#breadcrumb\",\"itemListElement\":[{\"@type\":\"ListItem\",\"position\":1,\"name\":\"Portada\",\"item\":\"https:\/\/activacostablanca.com\/fr\/\"},{\"@type\":\"ListItem\",\"position\":2,\"name\":\"XVI L&rsquo;Ascension au Gran H\u00f4tel BALI \u00e0 Benidorm\"}]},{\"@type\":\"WebSite\",\"@id\":\"https:\/\/activacostablanca.com\/#website\",\"url\":\"https:\/\/activacostablanca.com\/\",\"name\":\"Activa Costa Blanca\",\"description\":\"Activit\u00e9s et excursions sur la Costa Blanca\",\"publisher\":{\"@id\":\"https:\/\/activacostablanca.com\/#organization\"},\"potentialAction\":[{\"@type\":\"SearchAction\",\"target\":{\"@type\":\"EntryPoint\",\"urlTemplate\":\"https:\/\/activacostablanca.com\/?s={search_term_string}\"},\"query-input\":{\"@type\":\"PropertyValueSpecification\",\"valueRequired\":true,\"valueName\":\"search_term_string\"}}],\"inLanguage\":\"fr-FR\"},{\"@type\":\"Organization\",\"@id\":\"https:\/\/activacostablanca.com\/#organization\",\"name\":\"Activa Costa Blanca\",\"url\":\"https:\/\/activacostablanca.com\/\",\"logo\":{\"@type\":\"ImageObject\",\"inLanguage\":\"fr-FR\",\"@id\":\"https:\/\/activacostablanca.com\/#\/schema\/logo\/image\/\",\"url\":\"https:\/\/activacostablanca.com\/wp-content\/uploads\/2019\/04\/weblogo.png\",\"contentUrl\":\"https:\/\/activacostablanca.com\/wp-content\/uploads\/2019\/04\/weblogo.png\",\"width\":177,\"height\":46,\"caption\":\"Activa Costa Blanca\"},\"image\":{\"@id\":\"https:\/\/activacostablanca.com\/#\/schema\/logo\/image\/\"}},{\"@type\":\"Person\",\"@id\":\"https:\/\/activacostablanca.com\/#\/schema\/person\/d48fc026c61c0eb79e3b0ade7ab35e79\",\"name\":\"Activa Costablanca\",\"image\":{\"@type\":\"ImageObject\",\"inLanguage\":\"fr-FR\",\"@id\":\"https:\/\/activacostablanca.com\/#\/schema\/person\/image\/\",\"url\":\"https:\/\/secure.gravatar.com\/avatar\/657de7470d8657c20722b4ee0e1d8f7106ae39ef32e2297fb70099296a80867a?s=96&d=mm&r=g\",\"contentUrl\":\"https:\/\/secure.gravatar.com\/avatar\/657de7470d8657c20722b4ee0e1d8f7106ae39ef32e2297fb70099296a80867a?s=96&d=mm&r=g\",\"caption\":\"Activa Costablanca\"}}]}<\/script>\n<!-- \/ Yoast SEO plugin. -->","yoast_head_json":{"title":"XVI L'Ascension au Gran H\u00f4tel BALI \u00e0 Benidorm - Activa Costa Blanca","robots":{"index":"index","follow":"follow","max-snippet":"max-snippet:-1","max-image-preview":"max-image-preview:large","max-video-preview":"max-video-preview:-1"},"canonical":"https:\/\/activacostablanca.com\/fr\/eventos-deportivoshiking-mountain-walking-fr\/xvi-subida-vertical-gran-hotel-bali\/","og_locale":"fr_FR","og_type":"article","og_title":"XVI L'Ascension au Gran H\u00f4tel BALI \u00e0 Benidorm - Activa Costa Blanca","og_description":"L&rsquo;Ascension au Gran H\u00f4tel BALI \u00e0 Benidorm, est un test particulier, qui consiste \u00e0 escalader la tour avec ses 52 \u00e9tages et ses 924 marches dans les plus brefs d\u00e9lais. C&rsquo;est un test tr\u00e8s explosif qui demande un grand effort, ouvert \u00e0 tous les types de coureurs, qu&rsquo;ils soient coureurs d&rsquo;asphalte, de montagne, cyclistes, triathl\u00e8tes, [&hellip;]","og_url":"https:\/\/activacostablanca.com\/fr\/eventos-deportivoshiking-mountain-walking-fr\/xvi-subida-vertical-gran-hotel-bali\/","og_site_name":"Activa Costa Blanca","article_published_time":"2019-05-25T08:11:17+00:00","article_modified_time":"2019-05-25T08:25:18+00:00","og_image":[{"width":284,"height":221,"url":"https:\/\/activacostablanca.com\/wp-content\/uploads\/2019\/05\/bali.jpg","type":"image\/jpeg"}],"author":"Activa Costablanca","twitter_card":"summary_large_image","twitter_misc":{"\u00c9crit par":"Activa Costablanca","Dur\u00e9e de lecture estim\u00e9e":"2 minutes"},"schema":{"@context":"https:\/\/schema.org","@graph":[{"@type":"Article","@id":"https:\/\/activacostablanca.com\/fr\/eventos-deportivoshiking-mountain-walking-fr\/xvi-subida-vertical-gran-hotel-bali\/#article","isPartOf":{"@id":"https:\/\/activacostablanca.com\/fr\/eventos-deportivoshiking-mountain-walking-fr\/xvi-subida-vertical-gran-hotel-bali\/"},"author":{"name":"Activa Costablanca","@id":"https:\/\/activacostablanca.com\/#\/schema\/person\/d48fc026c61c0eb79e3b0ade7ab35e79"},"headline":"XVI L&rsquo;Ascension au Gran H\u00f4tel BALI \u00e0 Benidorm","datePublished":"2019-05-25T08:11:17+00:00","dateModified":"2019-05-25T08:25:18+00:00","mainEntityOfPage":{"@id":"https:\/\/activacostablanca.com\/fr\/eventos-deportivoshiking-mountain-walking-fr\/xvi-subida-vertical-gran-hotel-bali\/"},"wordCount":317,"commentCount":0,"publisher":{"@id":"https:\/\/activacostablanca.com\/#organization"},"image":{"@id":"https:\/\/activacostablanca.com\/fr\/eventos-deportivoshiking-mountain-walking-fr\/xvi-subida-vertical-gran-hotel-bali\/#primaryimage"},"thumbnailUrl":"https:\/\/activacostablanca.com\/wp-content\/uploads\/2019\/05\/bali.jpg","keywords":["qui consiste \u00e0 escalader la tour avec ses 52 \u00e9tages et ses 924 marches dans les plus brefs d\u00e9lais","XVI L'Ascension au Gran H\u00f4tel BALI \u00e0 Benidorm"],"inLanguage":"fr-FR","potentialAction":[{"@type":"CommentAction","name":"Comment","target":["https:\/\/activacostablanca.com\/fr\/eventos-deportivoshiking-mountain-walking-fr\/xvi-subida-vertical-gran-hotel-bali\/#respond"]}]},{"@type":"WebPage","@id":"https:\/\/activacostablanca.com\/fr\/eventos-deportivoshiking-mountain-walking-fr\/xvi-subida-vertical-gran-hotel-bali\/","url":"https:\/\/activacostablanca.com\/fr\/eventos-deportivoshiking-mountain-walking-fr\/xvi-subida-vertical-gran-hotel-bali\/","name":"XVI L'Ascension au Gran H\u00f4tel BALI \u00e0 Benidorm - Activa Costa Blanca","isPartOf":{"@id":"https:\/\/activacostablanca.com\/#website"},"primaryImageOfPage":{"@id":"https:\/\/activacostablanca.com\/fr\/eventos-deportivoshiking-mountain-walking-fr\/xvi-subida-vertical-gran-hotel-bali\/#primaryimage"},"image":{"@id":"https:\/\/activacostablanca.com\/fr\/eventos-deportivoshiking-mountain-walking-fr\/xvi-subida-vertical-gran-hotel-bali\/#primaryimage"},"thumbnailUrl":"https:\/\/activacostablanca.com\/wp-content\/uploads\/2019\/05\/bali.jpg","datePublished":"2019-05-25T08:11:17+00:00","dateModified":"2019-05-25T08:25:18+00:00","breadcrumb":{"@id":"https:\/\/activacostablanca.com\/fr\/eventos-deportivoshiking-mountain-walking-fr\/xvi-subida-vertical-gran-hotel-bali\/#breadcrumb"},"inLanguage":"fr-FR","potentialAction":[{"@type":"ReadAction","target":["https:\/\/activacostablanca.com\/fr\/eventos-deportivoshiking-mountain-walking-fr\/xvi-subida-vertical-gran-hotel-bali\/"]}]},{"@type":"ImageObject","inLanguage":"fr-FR","@id":"https:\/\/activacostablanca.com\/fr\/eventos-deportivoshiking-mountain-walking-fr\/xvi-subida-vertical-gran-hotel-bali\/#primaryimage","url":"https:\/\/activacostablanca.com\/wp-content\/uploads\/2019\/05\/bali.jpg","contentUrl":"https:\/\/activacostablanca.com\/wp-content\/uploads\/2019\/05\/bali.jpg","width":284,"height":221,"caption":"Vertical Running en el Gran Hotel Bali de Benidorm"},{"@type":"BreadcrumbList","@id":"https:\/\/activacostablanca.com\/fr\/eventos-deportivoshiking-mountain-walking-fr\/xvi-subida-vertical-gran-hotel-bali\/#breadcrumb","itemListElement":[{"@type":"ListItem","position":1,"name":"Portada","item":"https:\/\/activacostablanca.com\/fr\/"},{"@type":"ListItem","position":2,"name":"XVI L&rsquo;Ascension au Gran H\u00f4tel BALI \u00e0 Benidorm"}]},{"@type":"WebSite","@id":"https:\/\/activacostablanca.com\/#website","url":"https:\/\/activacostablanca.com\/","name":"Activa Costa Blanca","description":"Activit\u00e9s et excursions sur la Costa Blanca","publisher":{"@id":"https:\/\/activacostablanca.com\/#organization"},"potentialAction":[{"@type":"SearchAction","target":{"@type":"EntryPoint","urlTemplate":"https:\/\/activacostablanca.com\/?s={search_term_string}"},"query-input":{"@type":"PropertyValueSpecification","valueRequired":true,"valueName":"search_term_string"}}],"inLanguage":"fr-FR"},{"@type":"Organization","@id":"https:\/\/activacostablanca.com\/#organization","name":"Activa Costa Blanca","url":"https:\/\/activacostablanca.com\/","logo":{"@type":"ImageObject","inLanguage":"fr-FR","@id":"https:\/\/activacostablanca.com\/#\/schema\/logo\/image\/","url":"https:\/\/activacostablanca.com\/wp-content\/uploads\/2019\/04\/weblogo.png","contentUrl":"https:\/\/activacostablanca.com\/wp-content\/uploads\/2019\/04\/weblogo.png","width":177,"height":46,"caption":"Activa Costa Blanca"},"image":{"@id":"https:\/\/activacostablanca.com\/#\/schema\/logo\/image\/"}},{"@type":"Person","@id":"https:\/\/activacostablanca.com\/#\/schema\/person\/d48fc026c61c0eb79e3b0ade7ab35e79","name":"Activa Costablanca","image":{"@type":"ImageObject","inLanguage":"fr-FR","@id":"https:\/\/activacostablanca.com\/#\/schema\/person\/image\/","url":"https:\/\/secure.gravatar.com\/avatar\/657de7470d8657c20722b4ee0e1d8f7106ae39ef32e2297fb70099296a80867a?s=96&d=mm&r=g","contentUrl":"https:\/\/secure.gravatar.com\/avatar\/657de7470d8657c20722b4ee0e1d8f7106ae39ef32e2297fb70099296a80867a?s=96&d=mm&r=g","caption":"Activa Costablanca"}}]}},"_links":{"self":[{"href":"https:\/\/activacostablanca.com\/fr\/wp-json\/wp\/v2\/posts\/12510","targetHints":{"allow":["GET"]}}],"collection":[{"href":"https:\/\/activacostablanca.com\/fr\/wp-json\/wp\/v2\/posts"}],"about":[{"href":"https:\/\/activacostablanca.com\/fr\/wp-json\/wp\/v2\/types\/post"}],"author":[{"embeddable":true,"href":"https:\/\/activacostablanca.com\/fr\/wp-json\/wp\/v2\/users\/2"}],"replies":[{"embeddable":true,"href":"https:\/\/activacostablanca.com\/fr\/wp-json\/wp\/v2\/comments?post=12510"}],"version-history":[{"count":2,"href":"https:\/\/activacostablanca.com\/fr\/wp-json\/wp\/v2\/posts\/12510\/revisions"}],"predecessor-version":[{"id":12514,"href":"https:\/\/activacostablanca.com\/fr\/wp-json\/wp\/v2\/posts\/12510\/revisions\/12514"}],"wp:featuredmedia":[{"embeddable":true,"href":"https:\/\/activacostablanca.com\/fr\/wp-json\/wp\/v2\/media\/12497"}],"wp:attachment":[{"href":"https:\/\/activacostablanca.com\/fr\/wp-json\/wp\/v2\/media?parent=12510"}],"wp:term":[{"taxonomy":"category","embeddable":true,"href":"https:\/\/activacostablanca.com\/fr\/wp-json\/wp\/v2\/categories?post=12510"},{"taxonomy":"post_tag","embeddable":true,"href":"https:\/\/activacostablanca.com\/fr\/wp-json\/wp\/v2\/tags?post=12510"}],"curies":[{"name":"wp","href":"https:\/\/api.w.org\/{rel}","templated":true}]}}