{"id":11837,"date":"2018-10-14T00:00:00","date_gmt":"2018-10-14T00:00:00","guid":{"rendered":"http:\/\/dev.activacostablanca.com\/non-classifiee\/viieme-journee-du-riz-de-la-terre-benidorm\/"},"modified":"2019-05-17T10:21:45","modified_gmt":"2019-05-17T10:21:45","slug":"viieme-journee-du-riz-de-la-terre-benidorm","status":"publish","type":"post","link":"https:\/\/activacostablanca.com\/fr\/evenement-culinaire\/viieme-journee-du-riz-de-la-terre-benidorm\/","title":{"rendered":"VII\u00e8me Journ\u00e9e du Riz de la Terre Benidorm"},"content":{"rendered":"<p>VII\u00e8me Journ\u00e9e du Riz de la Terre<br \/>\nA ne pas manquer du 20 au 28 octobre<br \/>\nDu 20 au 28 octobre 2018, savourez l&rsquo;un des joyaux culinaires de la cuisine m\u00e9diterran\u00e9enne, son riz avec toutes ses variantes.<\/p>\n<p>La VII Jornada de los Arroces de la Tierra arrive \u00e0 Benidorm pour mettre en valeur la gastronomie locale, en mettant en valeur les plats typiques de notre ville qui ont \u00e9t\u00e9 traditionnellement cuisin\u00e9s avec l&rsquo;ingr\u00e9dient principal \u00ab\u00a0riz\u00a0\u00bb et combin\u00e9 avec \u00ab\u00a0poissons et fruits de mer\u00a0\u00bb de la baie et \/ ou \u00ab\u00a0viandes et saucisses\u00a0\u00bb des montagnes pr\u00e8s de Benidorm.<\/p>\n<p>Les l\u00e9gumes comme la citrouille, la \u00f1ora ou les \u00e9pinards sont utilis\u00e9s comme une repr\u00e9sentation des ingr\u00e9dients du jardin. Ces plats de riz sont combin\u00e9s avec des entr\u00e9es, des vins et des desserts qui garantissent une nourriture typique benidorm\u00ed savoureuse, compl\u00e8te et \u00e9quilibr\u00e9e.<\/p>\n<p>T\u00e9l\u00e9chargez la brochure avec tous les horaires ici<\/p>\n<p>Assistance touristique 965 85 13 11<\/p>\n<p>Tourist Info Benidorm Centre benidorm@touristinfo.net<\/p>\n","protected":false},"excerpt":{"rendered":"<p>VII\u00e8me Journ\u00e9e du Riz de la Terre A ne pas manquer du 20 au 28 octobre Du 20 au 28 octobre 2018, savourez l&rsquo;un des joyaux culinaires de la cuisine m\u00e9diterran\u00e9enne, son riz avec toutes ses variantes. La VII Jornada de los Arroces de la Tierra arrive \u00e0 Benidorm pour mettre en valeur la gastronomie [&hellip;]<\/p>\n","protected":false},"author":2,"featured_media":10570,"comment_status":"closed","ping_status":"closed","sticky":false,"template":"","format":"standard","meta":{"_exactmetrics_skip_tracking":false,"_exactmetrics_sitenote_active":false,"_exactmetrics_sitenote_note":"","_exactmetrics_sitenote_category":0,"footnotes":""},"categories":[3238],"tags":[3257],"class_list":["post-11837","post","type-post","status-publish","format-standard","has-post-thumbnail","hentry","category-evenement-culinaire","tag-la-vii-jornada-de-los-arroces-de-la-tierra-arrive-a-benidormvii-edition-paella-days-of-benidormviieme-journee-du-riz-de-la-terre-benidorm"],"yoast_head":"<!-- This site is optimized with the Yoast SEO plugin v25.0 - https:\/\/yoast.com\/wordpress\/plugins\/seo\/ -->\n<title>VII\u00e8me Journ\u00e9e du Riz de la Terre Benidorm - Activa Costa Blanca<\/title>\n<meta name=\"robots\" content=\"index, follow, max-snippet:-1, max-image-preview:large, max-video-preview:-1\" \/>\n<link rel=\"canonical\" href=\"https:\/\/activacostablanca.com\/fr\/evenement-culinaire\/viieme-journee-du-riz-de-la-terre-benidorm\/\" \/>\n<meta property=\"og:locale\" content=\"fr_FR\" \/>\n<meta property=\"og:type\" content=\"article\" \/>\n<meta property=\"og:title\" content=\"VII\u00e8me Journ\u00e9e du Riz de la Terre Benidorm - Activa Costa Blanca\" \/>\n<meta property=\"og:description\" content=\"VII\u00e8me Journ\u00e9e du Riz de la Terre A ne pas manquer du 20 au 28 octobre Du 20 au 28 octobre 2018, savourez l&rsquo;un des joyaux culinaires de la cuisine m\u00e9diterran\u00e9enne, son riz avec toutes ses variantes. La VII Jornada de los Arroces de la Tierra arrive \u00e0 Benidorm pour mettre en valeur la gastronomie [&hellip;]\" \/>\n<meta property=\"og:url\" content=\"https:\/\/activacostablanca.com\/fr\/evenement-culinaire\/viieme-journee-du-riz-de-la-terre-benidorm\/\" \/>\n<meta property=\"og:site_name\" content=\"Activa Costa Blanca\" \/>\n<meta property=\"article:published_time\" content=\"2018-10-14T00:00:00+00:00\" \/>\n<meta property=\"article:modified_time\" content=\"2019-05-17T10:21:45+00:00\" \/>\n<meta property=\"og:image\" content=\"https:\/\/activacostablanca.com\/wp-content\/uploads\/2019\/05\/noticiacuad_292.jpg\" \/>\n\t<meta property=\"og:image:width\" content=\"200\" \/>\n\t<meta property=\"og:image:height\" content=\"200\" \/>\n\t<meta property=\"og:image:type\" content=\"image\/jpeg\" \/>\n<meta name=\"author\" content=\"Activa Costablanca\" \/>\n<meta name=\"twitter:card\" content=\"summary_large_image\" \/>\n<meta name=\"twitter:label1\" content=\"\u00c9crit par\" \/>\n\t<meta name=\"twitter:data1\" content=\"Activa Costablanca\" \/>\n\t<meta name=\"twitter:label2\" content=\"Dur\u00e9e de lecture estim\u00e9e\" \/>\n\t<meta name=\"twitter:data2\" content=\"1 minute\" \/>\n<script type=\"application\/ld+json\" class=\"yoast-schema-graph\">{\"@context\":\"https:\/\/schema.org\",\"@graph\":[{\"@type\":\"Article\",\"@id\":\"https:\/\/activacostablanca.com\/fr\/evenement-culinaire\/viieme-journee-du-riz-de-la-terre-benidorm\/#article\",\"isPartOf\":{\"@id\":\"https:\/\/activacostablanca.com\/fr\/evenement-culinaire\/viieme-journee-du-riz-de-la-terre-benidorm\/\"},\"author\":{\"name\":\"Activa Costablanca\",\"@id\":\"https:\/\/activacostablanca.com\/#\/schema\/person\/d48fc026c61c0eb79e3b0ade7ab35e79\"},\"headline\":\"VII\u00e8me Journ\u00e9e du Riz de la Terre Benidorm\",\"datePublished\":\"2018-10-14T00:00:00+00:00\",\"dateModified\":\"2019-05-17T10:21:45+00:00\",\"mainEntityOfPage\":{\"@id\":\"https:\/\/activacostablanca.com\/fr\/evenement-culinaire\/viieme-journee-du-riz-de-la-terre-benidorm\/\"},\"wordCount\":177,\"publisher\":{\"@id\":\"https:\/\/activacostablanca.com\/#organization\"},\"image\":{\"@id\":\"https:\/\/activacostablanca.com\/fr\/evenement-culinaire\/viieme-journee-du-riz-de-la-terre-benidorm\/#primaryimage\"},\"thumbnailUrl\":\"https:\/\/activacostablanca.com\/wp-content\/uploads\/2019\/05\/noticiacuad_292.jpg\",\"keywords\":[\"La VII Jornada de los Arroces de la Tierra arrive \u00e0 Benidorm|VII Edition Paella Days of Benidorm|VII\u00e8me Journ\u00e9e du Riz de la Terre Benidorm\"],\"articleSection\":[\"\u00e9v\u00e9nement culinaire\"],\"inLanguage\":\"fr-FR\"},{\"@type\":\"WebPage\",\"@id\":\"https:\/\/activacostablanca.com\/fr\/evenement-culinaire\/viieme-journee-du-riz-de-la-terre-benidorm\/\",\"url\":\"https:\/\/activacostablanca.com\/fr\/evenement-culinaire\/viieme-journee-du-riz-de-la-terre-benidorm\/\",\"name\":\"VII\u00e8me Journ\u00e9e du Riz de la Terre Benidorm - Activa Costa Blanca\",\"isPartOf\":{\"@id\":\"https:\/\/activacostablanca.com\/#website\"},\"primaryImageOfPage\":{\"@id\":\"https:\/\/activacostablanca.com\/fr\/evenement-culinaire\/viieme-journee-du-riz-de-la-terre-benidorm\/#primaryimage\"},\"image\":{\"@id\":\"https:\/\/activacostablanca.com\/fr\/evenement-culinaire\/viieme-journee-du-riz-de-la-terre-benidorm\/#primaryimage\"},\"thumbnailUrl\":\"https:\/\/activacostablanca.com\/wp-content\/uploads\/2019\/05\/noticiacuad_292.jpg\",\"datePublished\":\"2018-10-14T00:00:00+00:00\",\"dateModified\":\"2019-05-17T10:21:45+00:00\",\"breadcrumb\":{\"@id\":\"https:\/\/activacostablanca.com\/fr\/evenement-culinaire\/viieme-journee-du-riz-de-la-terre-benidorm\/#breadcrumb\"},\"inLanguage\":\"fr-FR\",\"potentialAction\":[{\"@type\":\"ReadAction\",\"target\":[\"https:\/\/activacostablanca.com\/fr\/evenement-culinaire\/viieme-journee-du-riz-de-la-terre-benidorm\/\"]}]},{\"@type\":\"ImageObject\",\"inLanguage\":\"fr-FR\",\"@id\":\"https:\/\/activacostablanca.com\/fr\/evenement-culinaire\/viieme-journee-du-riz-de-la-terre-benidorm\/#primaryimage\",\"url\":\"https:\/\/activacostablanca.com\/wp-content\/uploads\/2019\/05\/noticiacuad_292.jpg\",\"contentUrl\":\"https:\/\/activacostablanca.com\/wp-content\/uploads\/2019\/05\/noticiacuad_292.jpg\",\"width\":200,\"height\":200},{\"@type\":\"BreadcrumbList\",\"@id\":\"https:\/\/activacostablanca.com\/fr\/evenement-culinaire\/viieme-journee-du-riz-de-la-terre-benidorm\/#breadcrumb\",\"itemListElement\":[{\"@type\":\"ListItem\",\"position\":1,\"name\":\"Portada\",\"item\":\"https:\/\/activacostablanca.com\/fr\/\"},{\"@type\":\"ListItem\",\"position\":2,\"name\":\"VII\u00e8me Journ\u00e9e du Riz de la Terre Benidorm\"}]},{\"@type\":\"WebSite\",\"@id\":\"https:\/\/activacostablanca.com\/#website\",\"url\":\"https:\/\/activacostablanca.com\/\",\"name\":\"Activa Costa Blanca\",\"description\":\"Activit\u00e9s et excursions sur la Costa Blanca\",\"publisher\":{\"@id\":\"https:\/\/activacostablanca.com\/#organization\"},\"potentialAction\":[{\"@type\":\"SearchAction\",\"target\":{\"@type\":\"EntryPoint\",\"urlTemplate\":\"https:\/\/activacostablanca.com\/?s={search_term_string}\"},\"query-input\":{\"@type\":\"PropertyValueSpecification\",\"valueRequired\":true,\"valueName\":\"search_term_string\"}}],\"inLanguage\":\"fr-FR\"},{\"@type\":\"Organization\",\"@id\":\"https:\/\/activacostablanca.com\/#organization\",\"name\":\"Activa Costa Blanca\",\"url\":\"https:\/\/activacostablanca.com\/\",\"logo\":{\"@type\":\"ImageObject\",\"inLanguage\":\"fr-FR\",\"@id\":\"https:\/\/activacostablanca.com\/#\/schema\/logo\/image\/\",\"url\":\"https:\/\/activacostablanca.com\/wp-content\/uploads\/2019\/04\/weblogo.png\",\"contentUrl\":\"https:\/\/activacostablanca.com\/wp-content\/uploads\/2019\/04\/weblogo.png\",\"width\":177,\"height\":46,\"caption\":\"Activa Costa Blanca\"},\"image\":{\"@id\":\"https:\/\/activacostablanca.com\/#\/schema\/logo\/image\/\"}},{\"@type\":\"Person\",\"@id\":\"https:\/\/activacostablanca.com\/#\/schema\/person\/d48fc026c61c0eb79e3b0ade7ab35e79\",\"name\":\"Activa Costablanca\",\"image\":{\"@type\":\"ImageObject\",\"inLanguage\":\"fr-FR\",\"@id\":\"https:\/\/activacostablanca.com\/#\/schema\/person\/image\/\",\"url\":\"https:\/\/secure.gravatar.com\/avatar\/657de7470d8657c20722b4ee0e1d8f7106ae39ef32e2297fb70099296a80867a?s=96&d=mm&r=g\",\"contentUrl\":\"https:\/\/secure.gravatar.com\/avatar\/657de7470d8657c20722b4ee0e1d8f7106ae39ef32e2297fb70099296a80867a?s=96&d=mm&r=g\",\"caption\":\"Activa Costablanca\"}}]}<\/script>\n<!-- \/ Yoast SEO plugin. -->","yoast_head_json":{"title":"VII\u00e8me Journ\u00e9e du Riz de la Terre Benidorm - Activa Costa Blanca","robots":{"index":"index","follow":"follow","max-snippet":"max-snippet:-1","max-image-preview":"max-image-preview:large","max-video-preview":"max-video-preview:-1"},"canonical":"https:\/\/activacostablanca.com\/fr\/evenement-culinaire\/viieme-journee-du-riz-de-la-terre-benidorm\/","og_locale":"fr_FR","og_type":"article","og_title":"VII\u00e8me Journ\u00e9e du Riz de la Terre Benidorm - Activa Costa Blanca","og_description":"VII\u00e8me Journ\u00e9e du Riz de la Terre A ne pas manquer du 20 au 28 octobre Du 20 au 28 octobre 2018, savourez l&rsquo;un des joyaux culinaires de la cuisine m\u00e9diterran\u00e9enne, son riz avec toutes ses variantes. La VII Jornada de los Arroces de la Tierra arrive \u00e0 Benidorm pour mettre en valeur la gastronomie [&hellip;]","og_url":"https:\/\/activacostablanca.com\/fr\/evenement-culinaire\/viieme-journee-du-riz-de-la-terre-benidorm\/","og_site_name":"Activa Costa Blanca","article_published_time":"2018-10-14T00:00:00+00:00","article_modified_time":"2019-05-17T10:21:45+00:00","og_image":[{"width":200,"height":200,"url":"https:\/\/activacostablanca.com\/wp-content\/uploads\/2019\/05\/noticiacuad_292.jpg","type":"image\/jpeg"}],"author":"Activa Costablanca","twitter_card":"summary_large_image","twitter_misc":{"\u00c9crit par":"Activa Costablanca","Dur\u00e9e de lecture estim\u00e9e":"1 minute"},"schema":{"@context":"https:\/\/schema.org","@graph":[{"@type":"Article","@id":"https:\/\/activacostablanca.com\/fr\/evenement-culinaire\/viieme-journee-du-riz-de-la-terre-benidorm\/#article","isPartOf":{"@id":"https:\/\/activacostablanca.com\/fr\/evenement-culinaire\/viieme-journee-du-riz-de-la-terre-benidorm\/"},"author":{"name":"Activa Costablanca","@id":"https:\/\/activacostablanca.com\/#\/schema\/person\/d48fc026c61c0eb79e3b0ade7ab35e79"},"headline":"VII\u00e8me Journ\u00e9e du Riz de la Terre Benidorm","datePublished":"2018-10-14T00:00:00+00:00","dateModified":"2019-05-17T10:21:45+00:00","mainEntityOfPage":{"@id":"https:\/\/activacostablanca.com\/fr\/evenement-culinaire\/viieme-journee-du-riz-de-la-terre-benidorm\/"},"wordCount":177,"publisher":{"@id":"https:\/\/activacostablanca.com\/#organization"},"image":{"@id":"https:\/\/activacostablanca.com\/fr\/evenement-culinaire\/viieme-journee-du-riz-de-la-terre-benidorm\/#primaryimage"},"thumbnailUrl":"https:\/\/activacostablanca.com\/wp-content\/uploads\/2019\/05\/noticiacuad_292.jpg","keywords":["La VII Jornada de los Arroces de la Tierra arrive \u00e0 Benidorm|VII Edition Paella Days of Benidorm|VII\u00e8me Journ\u00e9e du Riz de la Terre Benidorm"],"articleSection":["\u00e9v\u00e9nement culinaire"],"inLanguage":"fr-FR"},{"@type":"WebPage","@id":"https:\/\/activacostablanca.com\/fr\/evenement-culinaire\/viieme-journee-du-riz-de-la-terre-benidorm\/","url":"https:\/\/activacostablanca.com\/fr\/evenement-culinaire\/viieme-journee-du-riz-de-la-terre-benidorm\/","name":"VII\u00e8me Journ\u00e9e du Riz de la Terre Benidorm - Activa Costa Blanca","isPartOf":{"@id":"https:\/\/activacostablanca.com\/#website"},"primaryImageOfPage":{"@id":"https:\/\/activacostablanca.com\/fr\/evenement-culinaire\/viieme-journee-du-riz-de-la-terre-benidorm\/#primaryimage"},"image":{"@id":"https:\/\/activacostablanca.com\/fr\/evenement-culinaire\/viieme-journee-du-riz-de-la-terre-benidorm\/#primaryimage"},"thumbnailUrl":"https:\/\/activacostablanca.com\/wp-content\/uploads\/2019\/05\/noticiacuad_292.jpg","datePublished":"2018-10-14T00:00:00+00:00","dateModified":"2019-05-17T10:21:45+00:00","breadcrumb":{"@id":"https:\/\/activacostablanca.com\/fr\/evenement-culinaire\/viieme-journee-du-riz-de-la-terre-benidorm\/#breadcrumb"},"inLanguage":"fr-FR","potentialAction":[{"@type":"ReadAction","target":["https:\/\/activacostablanca.com\/fr\/evenement-culinaire\/viieme-journee-du-riz-de-la-terre-benidorm\/"]}]},{"@type":"ImageObject","inLanguage":"fr-FR","@id":"https:\/\/activacostablanca.com\/fr\/evenement-culinaire\/viieme-journee-du-riz-de-la-terre-benidorm\/#primaryimage","url":"https:\/\/activacostablanca.com\/wp-content\/uploads\/2019\/05\/noticiacuad_292.jpg","contentUrl":"https:\/\/activacostablanca.com\/wp-content\/uploads\/2019\/05\/noticiacuad_292.jpg","width":200,"height":200},{"@type":"BreadcrumbList","@id":"https:\/\/activacostablanca.com\/fr\/evenement-culinaire\/viieme-journee-du-riz-de-la-terre-benidorm\/#breadcrumb","itemListElement":[{"@type":"ListItem","position":1,"name":"Portada","item":"https:\/\/activacostablanca.com\/fr\/"},{"@type":"ListItem","position":2,"name":"VII\u00e8me Journ\u00e9e du Riz de la Terre Benidorm"}]},{"@type":"WebSite","@id":"https:\/\/activacostablanca.com\/#website","url":"https:\/\/activacostablanca.com\/","name":"Activa Costa Blanca","description":"Activit\u00e9s et excursions sur la Costa Blanca","publisher":{"@id":"https:\/\/activacostablanca.com\/#organization"},"potentialAction":[{"@type":"SearchAction","target":{"@type":"EntryPoint","urlTemplate":"https:\/\/activacostablanca.com\/?s={search_term_string}"},"query-input":{"@type":"PropertyValueSpecification","valueRequired":true,"valueName":"search_term_string"}}],"inLanguage":"fr-FR"},{"@type":"Organization","@id":"https:\/\/activacostablanca.com\/#organization","name":"Activa Costa Blanca","url":"https:\/\/activacostablanca.com\/","logo":{"@type":"ImageObject","inLanguage":"fr-FR","@id":"https:\/\/activacostablanca.com\/#\/schema\/logo\/image\/","url":"https:\/\/activacostablanca.com\/wp-content\/uploads\/2019\/04\/weblogo.png","contentUrl":"https:\/\/activacostablanca.com\/wp-content\/uploads\/2019\/04\/weblogo.png","width":177,"height":46,"caption":"Activa Costa Blanca"},"image":{"@id":"https:\/\/activacostablanca.com\/#\/schema\/logo\/image\/"}},{"@type":"Person","@id":"https:\/\/activacostablanca.com\/#\/schema\/person\/d48fc026c61c0eb79e3b0ade7ab35e79","name":"Activa Costablanca","image":{"@type":"ImageObject","inLanguage":"fr-FR","@id":"https:\/\/activacostablanca.com\/#\/schema\/person\/image\/","url":"https:\/\/secure.gravatar.com\/avatar\/657de7470d8657c20722b4ee0e1d8f7106ae39ef32e2297fb70099296a80867a?s=96&d=mm&r=g","contentUrl":"https:\/\/secure.gravatar.com\/avatar\/657de7470d8657c20722b4ee0e1d8f7106ae39ef32e2297fb70099296a80867a?s=96&d=mm&r=g","caption":"Activa Costablanca"}}]}},"_links":{"self":[{"href":"https:\/\/activacostablanca.com\/fr\/wp-json\/wp\/v2\/posts\/11837","targetHints":{"allow":["GET"]}}],"collection":[{"href":"https:\/\/activacostablanca.com\/fr\/wp-json\/wp\/v2\/posts"}],"about":[{"href":"https:\/\/activacostablanca.com\/fr\/wp-json\/wp\/v2\/types\/post"}],"author":[{"embeddable":true,"href":"https:\/\/activacostablanca.com\/fr\/wp-json\/wp\/v2\/users\/2"}],"replies":[{"embeddable":true,"href":"https:\/\/activacostablanca.com\/fr\/wp-json\/wp\/v2\/comments?post=11837"}],"version-history":[{"count":1,"href":"https:\/\/activacostablanca.com\/fr\/wp-json\/wp\/v2\/posts\/11837\/revisions"}],"predecessor-version":[{"id":12047,"href":"https:\/\/activacostablanca.com\/fr\/wp-json\/wp\/v2\/posts\/11837\/revisions\/12047"}],"wp:featuredmedia":[{"embeddable":true,"href":"https:\/\/activacostablanca.com\/fr\/wp-json\/wp\/v2\/media\/10570"}],"wp:attachment":[{"href":"https:\/\/activacostablanca.com\/fr\/wp-json\/wp\/v2\/media?parent=11837"}],"wp:term":[{"taxonomy":"category","embeddable":true,"href":"https:\/\/activacostablanca.com\/fr\/wp-json\/wp\/v2\/categories?post=11837"},{"taxonomy":"post_tag","embeddable":true,"href":"https:\/\/activacostablanca.com\/fr\/wp-json\/wp\/v2\/tags?post=11837"}],"curies":[{"name":"wp","href":"https:\/\/api.w.org\/{rel}","templated":true}]}}