{"id":11836,"date":"2018-10-13T00:00:00","date_gmt":"2018-10-13T00:00:00","guid":{"rendered":"http:\/\/dev.activacostablanca.com\/non-classifiee\/exponucia-2018\/"},"modified":"2019-05-17T10:21:45","modified_gmt":"2019-05-17T10:21:45","slug":"exponucia-2018","status":"publish","type":"post","link":"https:\/\/activacostablanca.com\/fr\/evenements\/exponucia-2018\/","title":{"rendered":"Exponuc\u00eda 2018"},"content":{"rendered":"<h1 class=\"wp-field wp-field-title\">\u00ab\u00a0Exponuc\u00eda\u00a0\u00bb mettra en vedette la Foire commerciale, le Salon de l&rsquo;automobile, des spectacles et de l&rsquo;animation pour enfants.<\/h1>\n<p>Du vendredi 19 au lundi 21 octobre, la Ciutat Esportiva Camilo Camilo Cano de La Nuc\u00eda accueille la cinqui\u00e8me \u00e9dition de \u00ab\u00a0Exponuc\u00eda\u00a0\u00bb.\u00a0Cette foire commerciale disposera d&rsquo;une surface d&rsquo;exposition totale de 7.000 m2, occupant le pavillon et le parking de la Ciutat Esportiva. Exponuc\u00eda aura cinq zones sp\u00e9cifiques en 2018 : Salon professionnel, Salon de l&rsquo;automobile, espace performance et jeux vid\u00e9o, espace gastronomique et espace enfants.\u00a0L&rsquo;entr\u00e9e du public sera gratuite et gratuite pendant les trois jours d&rsquo;Exponuc\u00eda.<br \/>\nDu<br \/>\nLa V Exponuc\u00eda est organis\u00e9e par l&rsquo;AECNU (Association des Entrepreneurs et Commer\u00e7ants de La Nucia) et le D\u00e9partement de l&rsquo;Industrie et du Commerce de la Ville de La Nucia, avec la collaboration de la Diputaci\u00f3n de Alicante et la Conseller\u00eda de Econom\u00eda y Comercio de la Generalitat Valenciana.<\/p>\n<p>Plus de 15 000 personnes<br \/>\nLa V Exponuc\u00eda pr\u00e9voit de d\u00e9passer les chiffres de la quatri\u00e8me \u00e9dition, avec l&rsquo;augmentation du nombre d&rsquo;entreprises participantes et de la superficie et la cr\u00e9ation de nouvelles zones sp\u00e9cifiques.\u00a0Lors de sa quatri\u00e8me \u00e9dition en 2017, Exponuc\u00eda a accueilli 15.000 visiteurs, ce qui a g\u00e9n\u00e9r\u00e9 un chiffre d&rsquo;affaires direct de 1 million d&rsquo;euros.<\/p>\n<p>7 000 m2 d&rsquo;Exponuc\u00eda<br \/>\nLes 7.000 m\u00e8tres carr\u00e9s de surface d&rsquo;exposition de ce salon La Nuc\u00eda seront divis\u00e9s en cinq grands espaces : Zone commerciale (\u00e0 l&rsquo;int\u00e9rieur du Pavillon), Zone automobile (stationnement du Pavillon), Zone de performance (zone \u00e0 c\u00f4t\u00e9 de l&rsquo;\u00e9ducation \u00e0 la s\u00e9curit\u00e9 routi\u00e8re), Zone pour les enfants (Parc d&rsquo;\u00e9ducation \u00e0 la s\u00e9curit\u00e9 routi\u00e8re) et Zone gastronomique.<\/p>\n<p>Foire commerciale<br \/>\nLe Pavillon Municipal accueillera la Foire V Exponuc\u00eda, o\u00f9 40 entreprises de tous types de services pr\u00e9senteront leurs offres et leurs produits \u00e0 tous les participants pendant trois jours intenses.<\/p>\n<p>Salon de l&rsquo;automobile<br \/>\nPour la quatri\u00e8me ann\u00e9e cons\u00e9cutive, le parking du Pavillon accueillera le Salon de l&rsquo;Automobile, o\u00f9 plus de quinze marques automobiles prestigieuses pr\u00e9senteront leurs derni\u00e8res innovations. Il y aura aussi des v\u00e9hicules d&rsquo;occasion garantis par les concessionnaires eux-m\u00eames : neufs et Km-0. 19 marques ont d\u00e9j\u00e0 confirm\u00e9 leur pr\u00e9sence \u00e0 la V Exponuc\u00eda : Peugeot, Citro\u00ebn, DS, Opel, Kia, Nissan, Infinity, Mercedes, Fiat, Alfa Romero, BMW, Mini, Seat, Volkswagen, Audi, Skoda, Hyundai, Renault et Dacia.<\/p>\n<p>Zone de performance<br \/>\nComme principale nouveaut\u00e9, Exponuc\u00eda 2018 disposera d&rsquo;un espace de spectacles, situ\u00e9 \u00e0 c\u00f4t\u00e9 de l&rsquo;\u00e9ducation \u00e0 la s\u00e9curit\u00e9 routi\u00e8re, o\u00f9 auront lieu des concerts de musique, des expositions et des d\u00e9monstrations des \u00e9coles municipales, des sessions de DJ, etc. Un vaste programme a \u00e9t\u00e9 d\u00e9velopp\u00e9 pour les trois jours de la foire, pour le divertissement de tous les visiteurs.<\/p>\n<p>Zone Gastronomique<br \/>\nExponuc\u00eda 2018 disposera \u00e9galement d&rsquo;une zone de service de bar, g\u00e9r\u00e9e par la Comissi\u00f3 La Traca &#8211; Majorals 2019, o\u00f9 le public pourra recharger ses batteries. Il y aura des tables et des chaises pour profiter de la nourriture. Ainsi que \u00ab\u00a0Food Trucks\u00a0\u00bb avec une cuisine \u00ab\u00a0d&rsquo;auteur\u00a0\u00bb, avec un large \u00e9ventail de saveurs et de propositions gastronomiques.<\/p>\n<p>Zone Enfants<br \/>\nCette ann\u00e9e encore, il y aura une Ludoteca, un espace pour les enfants, o\u00f9 les parents pourront laisser leurs enfants pendant qu&rsquo;ils visitent la V ExpoNuc\u00eda ou go\u00fbter la nourriture dans la zone gastronomique. Comme nouveaut\u00e9, cet espace disposera d&rsquo;un espace jeux vid\u00e9o.<\/p>\n<p>Horaires non stop et entr\u00e9e libre<br \/>\nLes heures d&rsquo;ouverture de V Exponuc\u00eda sont \u00ab\u00a0non-stop\u00a0\u00bb, sans fermeture \u00e0 midi, pour la commodit\u00e9 des visiteurs : Le vendredi 19 octobre de 15 \u00e0 21 heures, le samedi 20 octobre de 10 \u00e0 21 heures et le dimanche 21 octobre de 10 \u00e0 19 heures. L&rsquo;entr\u00e9e du public sera gratuite et gratuite pendant les trois jours d&rsquo;Exponuc\u00eda.<\/p>\n<p>Traduit avec www.DeepL.com\/Translator<\/p>\n<p>&nbsp;<\/p>\n<p>Translated with www.DeepL.com\/Translator<\/p>\n","protected":false},"excerpt":{"rendered":"<p>\u00ab\u00a0Exponuc\u00eda\u00a0\u00bb mettra en vedette la Foire commerciale, le Salon de l&rsquo;automobile, des spectacles et de l&rsquo;animation pour enfants. Du vendredi 19 au lundi 21 octobre, la Ciutat Esportiva Camilo Camilo Cano de La Nuc\u00eda accueille la cinqui\u00e8me \u00e9dition de \u00ab\u00a0Exponuc\u00eda\u00a0\u00bb.\u00a0Cette foire commerciale disposera d&rsquo;une surface d&rsquo;exposition totale de 7.000 m2, occupant le pavillon et le [&hellip;]<\/p>\n","protected":false},"author":2,"featured_media":10566,"comment_status":"closed","ping_status":"closed","sticky":false,"template":"","format":"standard","meta":{"_exactmetrics_skip_tracking":false,"_exactmetrics_sitenote_active":false,"_exactmetrics_sitenote_note":"","_exactmetrics_sitenote_category":0,"footnotes":""},"categories":[3224],"tags":[3256],"class_list":["post-11836","post","type-post","status-publish","format-standard","has-post-thumbnail","hentry","category-evenements","tag-automobile-fairexponucia-2018la-ciutat-esportiva-camilo-camilo-cano-de-la-nucia"],"yoast_head":"<!-- This site is optimized with the Yoast SEO plugin v25.0 - https:\/\/yoast.com\/wordpress\/plugins\/seo\/ -->\n<title>Exponuc\u00eda 2018 - Activa Costa Blanca<\/title>\n<meta name=\"robots\" content=\"index, follow, max-snippet:-1, max-image-preview:large, max-video-preview:-1\" \/>\n<link rel=\"canonical\" href=\"https:\/\/activacostablanca.com\/fr\/evenements\/exponucia-2018\/\" \/>\n<meta property=\"og:locale\" content=\"fr_FR\" \/>\n<meta property=\"og:type\" content=\"article\" \/>\n<meta property=\"og:title\" content=\"Exponuc\u00eda 2018 - Activa Costa Blanca\" \/>\n<meta property=\"og:description\" content=\"\u00ab\u00a0Exponuc\u00eda\u00a0\u00bb mettra en vedette la Foire commerciale, le Salon de l&rsquo;automobile, des spectacles et de l&rsquo;animation pour enfants. Du vendredi 19 au lundi 21 octobre, la Ciutat Esportiva Camilo Camilo Cano de La Nuc\u00eda accueille la cinqui\u00e8me \u00e9dition de \u00ab\u00a0Exponuc\u00eda\u00a0\u00bb.\u00a0Cette foire commerciale disposera d&rsquo;une surface d&rsquo;exposition totale de 7.000 m2, occupant le pavillon et le [&hellip;]\" \/>\n<meta property=\"og:url\" content=\"https:\/\/activacostablanca.com\/fr\/evenements\/exponucia-2018\/\" \/>\n<meta property=\"og:site_name\" content=\"Activa Costa Blanca\" \/>\n<meta property=\"article:published_time\" content=\"2018-10-13T00:00:00+00:00\" \/>\n<meta property=\"article:modified_time\" content=\"2019-05-17T10:21:45+00:00\" \/>\n<meta property=\"og:image\" content=\"https:\/\/activacostablanca.com\/wp-content\/uploads\/2019\/05\/la-nucia-cartel-exponucia-2018.jpg\" \/>\n\t<meta property=\"og:image:width\" content=\"742\" \/>\n\t<meta property=\"og:image:height\" content=\"1050\" \/>\n\t<meta property=\"og:image:type\" content=\"image\/jpeg\" \/>\n<meta name=\"author\" content=\"Activa Costablanca\" \/>\n<meta name=\"twitter:card\" content=\"summary_large_image\" \/>\n<meta name=\"twitter:label1\" content=\"\u00c9crit par\" \/>\n\t<meta name=\"twitter:data1\" content=\"Activa Costablanca\" \/>\n\t<meta name=\"twitter:label2\" content=\"Dur\u00e9e de lecture estim\u00e9e\" \/>\n\t<meta name=\"twitter:data2\" content=\"3 minutes\" \/>\n<script type=\"application\/ld+json\" class=\"yoast-schema-graph\">{\"@context\":\"https:\/\/schema.org\",\"@graph\":[{\"@type\":\"Article\",\"@id\":\"https:\/\/activacostablanca.com\/fr\/evenements\/exponucia-2018\/#article\",\"isPartOf\":{\"@id\":\"https:\/\/activacostablanca.com\/fr\/evenements\/exponucia-2018\/\"},\"author\":{\"name\":\"Activa Costablanca\",\"@id\":\"https:\/\/activacostablanca.com\/#\/schema\/person\/d48fc026c61c0eb79e3b0ade7ab35e79\"},\"headline\":\"Exponuc\u00eda 2018\",\"datePublished\":\"2018-10-13T00:00:00+00:00\",\"dateModified\":\"2019-05-17T10:21:45+00:00\",\"mainEntityOfPage\":{\"@id\":\"https:\/\/activacostablanca.com\/fr\/evenements\/exponucia-2018\/\"},\"wordCount\":643,\"publisher\":{\"@id\":\"https:\/\/activacostablanca.com\/#organization\"},\"image\":{\"@id\":\"https:\/\/activacostablanca.com\/fr\/evenements\/exponucia-2018\/#primaryimage\"},\"thumbnailUrl\":\"https:\/\/activacostablanca.com\/wp-content\/uploads\/2019\/05\/la-nucia-cartel-exponucia-2018.jpg\",\"keywords\":[\"Automobile Fair|Exponuc\u00eda 2018|la Ciutat Esportiva Camilo Camilo Cano de La Nuc\u00eda\"],\"articleSection\":[\"\u00c9v\u00e9nements\"],\"inLanguage\":\"fr-FR\"},{\"@type\":\"WebPage\",\"@id\":\"https:\/\/activacostablanca.com\/fr\/evenements\/exponucia-2018\/\",\"url\":\"https:\/\/activacostablanca.com\/fr\/evenements\/exponucia-2018\/\",\"name\":\"Exponuc\u00eda 2018 - Activa Costa Blanca\",\"isPartOf\":{\"@id\":\"https:\/\/activacostablanca.com\/#website\"},\"primaryImageOfPage\":{\"@id\":\"https:\/\/activacostablanca.com\/fr\/evenements\/exponucia-2018\/#primaryimage\"},\"image\":{\"@id\":\"https:\/\/activacostablanca.com\/fr\/evenements\/exponucia-2018\/#primaryimage\"},\"thumbnailUrl\":\"https:\/\/activacostablanca.com\/wp-content\/uploads\/2019\/05\/la-nucia-cartel-exponucia-2018.jpg\",\"datePublished\":\"2018-10-13T00:00:00+00:00\",\"dateModified\":\"2019-05-17T10:21:45+00:00\",\"breadcrumb\":{\"@id\":\"https:\/\/activacostablanca.com\/fr\/evenements\/exponucia-2018\/#breadcrumb\"},\"inLanguage\":\"fr-FR\",\"potentialAction\":[{\"@type\":\"ReadAction\",\"target\":[\"https:\/\/activacostablanca.com\/fr\/evenements\/exponucia-2018\/\"]}]},{\"@type\":\"ImageObject\",\"inLanguage\":\"fr-FR\",\"@id\":\"https:\/\/activacostablanca.com\/fr\/evenements\/exponucia-2018\/#primaryimage\",\"url\":\"https:\/\/activacostablanca.com\/wp-content\/uploads\/2019\/05\/la-nucia-cartel-exponucia-2018.jpg\",\"contentUrl\":\"https:\/\/activacostablanca.com\/wp-content\/uploads\/2019\/05\/la-nucia-cartel-exponucia-2018.jpg\",\"width\":742,\"height\":1050},{\"@type\":\"BreadcrumbList\",\"@id\":\"https:\/\/activacostablanca.com\/fr\/evenements\/exponucia-2018\/#breadcrumb\",\"itemListElement\":[{\"@type\":\"ListItem\",\"position\":1,\"name\":\"Portada\",\"item\":\"https:\/\/activacostablanca.com\/fr\/\"},{\"@type\":\"ListItem\",\"position\":2,\"name\":\"Exponuc\u00eda 2018\"}]},{\"@type\":\"WebSite\",\"@id\":\"https:\/\/activacostablanca.com\/#website\",\"url\":\"https:\/\/activacostablanca.com\/\",\"name\":\"Activa Costa Blanca\",\"description\":\"Activit\u00e9s et excursions sur la Costa Blanca\",\"publisher\":{\"@id\":\"https:\/\/activacostablanca.com\/#organization\"},\"potentialAction\":[{\"@type\":\"SearchAction\",\"target\":{\"@type\":\"EntryPoint\",\"urlTemplate\":\"https:\/\/activacostablanca.com\/?s={search_term_string}\"},\"query-input\":{\"@type\":\"PropertyValueSpecification\",\"valueRequired\":true,\"valueName\":\"search_term_string\"}}],\"inLanguage\":\"fr-FR\"},{\"@type\":\"Organization\",\"@id\":\"https:\/\/activacostablanca.com\/#organization\",\"name\":\"Activa Costa Blanca\",\"url\":\"https:\/\/activacostablanca.com\/\",\"logo\":{\"@type\":\"ImageObject\",\"inLanguage\":\"fr-FR\",\"@id\":\"https:\/\/activacostablanca.com\/#\/schema\/logo\/image\/\",\"url\":\"https:\/\/activacostablanca.com\/wp-content\/uploads\/2019\/04\/weblogo.png\",\"contentUrl\":\"https:\/\/activacostablanca.com\/wp-content\/uploads\/2019\/04\/weblogo.png\",\"width\":177,\"height\":46,\"caption\":\"Activa Costa Blanca\"},\"image\":{\"@id\":\"https:\/\/activacostablanca.com\/#\/schema\/logo\/image\/\"}},{\"@type\":\"Person\",\"@id\":\"https:\/\/activacostablanca.com\/#\/schema\/person\/d48fc026c61c0eb79e3b0ade7ab35e79\",\"name\":\"Activa Costablanca\",\"image\":{\"@type\":\"ImageObject\",\"inLanguage\":\"fr-FR\",\"@id\":\"https:\/\/activacostablanca.com\/#\/schema\/person\/image\/\",\"url\":\"https:\/\/secure.gravatar.com\/avatar\/657de7470d8657c20722b4ee0e1d8f7106ae39ef32e2297fb70099296a80867a?s=96&d=mm&r=g\",\"contentUrl\":\"https:\/\/secure.gravatar.com\/avatar\/657de7470d8657c20722b4ee0e1d8f7106ae39ef32e2297fb70099296a80867a?s=96&d=mm&r=g\",\"caption\":\"Activa Costablanca\"}}]}<\/script>\n<!-- \/ Yoast SEO plugin. -->","yoast_head_json":{"title":"Exponuc\u00eda 2018 - Activa Costa Blanca","robots":{"index":"index","follow":"follow","max-snippet":"max-snippet:-1","max-image-preview":"max-image-preview:large","max-video-preview":"max-video-preview:-1"},"canonical":"https:\/\/activacostablanca.com\/fr\/evenements\/exponucia-2018\/","og_locale":"fr_FR","og_type":"article","og_title":"Exponuc\u00eda 2018 - Activa Costa Blanca","og_description":"\u00ab\u00a0Exponuc\u00eda\u00a0\u00bb mettra en vedette la Foire commerciale, le Salon de l&rsquo;automobile, des spectacles et de l&rsquo;animation pour enfants. Du vendredi 19 au lundi 21 octobre, la Ciutat Esportiva Camilo Camilo Cano de La Nuc\u00eda accueille la cinqui\u00e8me \u00e9dition de \u00ab\u00a0Exponuc\u00eda\u00a0\u00bb.\u00a0Cette foire commerciale disposera d&rsquo;une surface d&rsquo;exposition totale de 7.000 m2, occupant le pavillon et le [&hellip;]","og_url":"https:\/\/activacostablanca.com\/fr\/evenements\/exponucia-2018\/","og_site_name":"Activa Costa Blanca","article_published_time":"2018-10-13T00:00:00+00:00","article_modified_time":"2019-05-17T10:21:45+00:00","og_image":[{"width":742,"height":1050,"url":"https:\/\/activacostablanca.com\/wp-content\/uploads\/2019\/05\/la-nucia-cartel-exponucia-2018.jpg","type":"image\/jpeg"}],"author":"Activa Costablanca","twitter_card":"summary_large_image","twitter_misc":{"\u00c9crit par":"Activa Costablanca","Dur\u00e9e de lecture estim\u00e9e":"3 minutes"},"schema":{"@context":"https:\/\/schema.org","@graph":[{"@type":"Article","@id":"https:\/\/activacostablanca.com\/fr\/evenements\/exponucia-2018\/#article","isPartOf":{"@id":"https:\/\/activacostablanca.com\/fr\/evenements\/exponucia-2018\/"},"author":{"name":"Activa Costablanca","@id":"https:\/\/activacostablanca.com\/#\/schema\/person\/d48fc026c61c0eb79e3b0ade7ab35e79"},"headline":"Exponuc\u00eda 2018","datePublished":"2018-10-13T00:00:00+00:00","dateModified":"2019-05-17T10:21:45+00:00","mainEntityOfPage":{"@id":"https:\/\/activacostablanca.com\/fr\/evenements\/exponucia-2018\/"},"wordCount":643,"publisher":{"@id":"https:\/\/activacostablanca.com\/#organization"},"image":{"@id":"https:\/\/activacostablanca.com\/fr\/evenements\/exponucia-2018\/#primaryimage"},"thumbnailUrl":"https:\/\/activacostablanca.com\/wp-content\/uploads\/2019\/05\/la-nucia-cartel-exponucia-2018.jpg","keywords":["Automobile Fair|Exponuc\u00eda 2018|la Ciutat Esportiva Camilo Camilo Cano de La Nuc\u00eda"],"articleSection":["\u00c9v\u00e9nements"],"inLanguage":"fr-FR"},{"@type":"WebPage","@id":"https:\/\/activacostablanca.com\/fr\/evenements\/exponucia-2018\/","url":"https:\/\/activacostablanca.com\/fr\/evenements\/exponucia-2018\/","name":"Exponuc\u00eda 2018 - Activa Costa Blanca","isPartOf":{"@id":"https:\/\/activacostablanca.com\/#website"},"primaryImageOfPage":{"@id":"https:\/\/activacostablanca.com\/fr\/evenements\/exponucia-2018\/#primaryimage"},"image":{"@id":"https:\/\/activacostablanca.com\/fr\/evenements\/exponucia-2018\/#primaryimage"},"thumbnailUrl":"https:\/\/activacostablanca.com\/wp-content\/uploads\/2019\/05\/la-nucia-cartel-exponucia-2018.jpg","datePublished":"2018-10-13T00:00:00+00:00","dateModified":"2019-05-17T10:21:45+00:00","breadcrumb":{"@id":"https:\/\/activacostablanca.com\/fr\/evenements\/exponucia-2018\/#breadcrumb"},"inLanguage":"fr-FR","potentialAction":[{"@type":"ReadAction","target":["https:\/\/activacostablanca.com\/fr\/evenements\/exponucia-2018\/"]}]},{"@type":"ImageObject","inLanguage":"fr-FR","@id":"https:\/\/activacostablanca.com\/fr\/evenements\/exponucia-2018\/#primaryimage","url":"https:\/\/activacostablanca.com\/wp-content\/uploads\/2019\/05\/la-nucia-cartel-exponucia-2018.jpg","contentUrl":"https:\/\/activacostablanca.com\/wp-content\/uploads\/2019\/05\/la-nucia-cartel-exponucia-2018.jpg","width":742,"height":1050},{"@type":"BreadcrumbList","@id":"https:\/\/activacostablanca.com\/fr\/evenements\/exponucia-2018\/#breadcrumb","itemListElement":[{"@type":"ListItem","position":1,"name":"Portada","item":"https:\/\/activacostablanca.com\/fr\/"},{"@type":"ListItem","position":2,"name":"Exponuc\u00eda 2018"}]},{"@type":"WebSite","@id":"https:\/\/activacostablanca.com\/#website","url":"https:\/\/activacostablanca.com\/","name":"Activa Costa Blanca","description":"Activit\u00e9s et excursions sur la Costa Blanca","publisher":{"@id":"https:\/\/activacostablanca.com\/#organization"},"potentialAction":[{"@type":"SearchAction","target":{"@type":"EntryPoint","urlTemplate":"https:\/\/activacostablanca.com\/?s={search_term_string}"},"query-input":{"@type":"PropertyValueSpecification","valueRequired":true,"valueName":"search_term_string"}}],"inLanguage":"fr-FR"},{"@type":"Organization","@id":"https:\/\/activacostablanca.com\/#organization","name":"Activa Costa Blanca","url":"https:\/\/activacostablanca.com\/","logo":{"@type":"ImageObject","inLanguage":"fr-FR","@id":"https:\/\/activacostablanca.com\/#\/schema\/logo\/image\/","url":"https:\/\/activacostablanca.com\/wp-content\/uploads\/2019\/04\/weblogo.png","contentUrl":"https:\/\/activacostablanca.com\/wp-content\/uploads\/2019\/04\/weblogo.png","width":177,"height":46,"caption":"Activa Costa Blanca"},"image":{"@id":"https:\/\/activacostablanca.com\/#\/schema\/logo\/image\/"}},{"@type":"Person","@id":"https:\/\/activacostablanca.com\/#\/schema\/person\/d48fc026c61c0eb79e3b0ade7ab35e79","name":"Activa Costablanca","image":{"@type":"ImageObject","inLanguage":"fr-FR","@id":"https:\/\/activacostablanca.com\/#\/schema\/person\/image\/","url":"https:\/\/secure.gravatar.com\/avatar\/657de7470d8657c20722b4ee0e1d8f7106ae39ef32e2297fb70099296a80867a?s=96&d=mm&r=g","contentUrl":"https:\/\/secure.gravatar.com\/avatar\/657de7470d8657c20722b4ee0e1d8f7106ae39ef32e2297fb70099296a80867a?s=96&d=mm&r=g","caption":"Activa Costablanca"}}]}},"_links":{"self":[{"href":"https:\/\/activacostablanca.com\/fr\/wp-json\/wp\/v2\/posts\/11836","targetHints":{"allow":["GET"]}}],"collection":[{"href":"https:\/\/activacostablanca.com\/fr\/wp-json\/wp\/v2\/posts"}],"about":[{"href":"https:\/\/activacostablanca.com\/fr\/wp-json\/wp\/v2\/types\/post"}],"author":[{"embeddable":true,"href":"https:\/\/activacostablanca.com\/fr\/wp-json\/wp\/v2\/users\/2"}],"replies":[{"embeddable":true,"href":"https:\/\/activacostablanca.com\/fr\/wp-json\/wp\/v2\/comments?post=11836"}],"version-history":[{"count":1,"href":"https:\/\/activacostablanca.com\/fr\/wp-json\/wp\/v2\/posts\/11836\/revisions"}],"predecessor-version":[{"id":12048,"href":"https:\/\/activacostablanca.com\/fr\/wp-json\/wp\/v2\/posts\/11836\/revisions\/12048"}],"wp:featuredmedia":[{"embeddable":true,"href":"https:\/\/activacostablanca.com\/fr\/wp-json\/wp\/v2\/media\/10566"}],"wp:attachment":[{"href":"https:\/\/activacostablanca.com\/fr\/wp-json\/wp\/v2\/media?parent=11836"}],"wp:term":[{"taxonomy":"category","embeddable":true,"href":"https:\/\/activacostablanca.com\/fr\/wp-json\/wp\/v2\/categories?post=11836"},{"taxonomy":"post_tag","embeddable":true,"href":"https:\/\/activacostablanca.com\/fr\/wp-json\/wp\/v2\/tags?post=11836"}],"curies":[{"name":"wp","href":"https:\/\/api.w.org\/{rel}","templated":true}]}}