{"id":11829,"date":"2018-06-03T00:00:00","date_gmt":"2018-06-03T00:00:00","guid":{"rendered":"http:\/\/dev.activacostablanca.com\/non-classifiee\/fete-des-maures-et-chretiens-2018-moraira\/"},"modified":"2019-05-17T10:21:46","modified_gmt":"2019-05-17T10:21:46","slug":"fete-des-maures-et-chretiens-2018-moraira","status":"publish","type":"post","link":"https:\/\/activacostablanca.com\/fr\/non-classifiee\/fete-des-maures-et-chretiens-2018-moraira\/","title":{"rendered":"F\u00caTE DES MAURES ET CHR\u00c9TIENS 2018. MORAIRA"},"content":{"rendered":"<div class=\"col-md-8\">\n<div class=\"row\">\n<div class=\"col-md-6\">\n<p>&nbsp;<\/p>\n<\/div>\n<\/div>\n<\/div>\n<div class=\"col-md-4\">\n<div class=\"col-md-8\">\n<p><strong>Du 8 au 17 Juin<\/strong><\/p>\n<p><strong>PROGRAMME<br \/>\n<\/strong><\/p>\n<p><strong>Vendredi 8 Juin<\/strong><br \/>\n<strong>19.30h<\/strong>\u00a0Inauguration du March\u00e9 M\u00e9di\u00e9val\u00a0 \u201cAndalus\u00ed\u201d.<br \/>\n<strong>20.30h<\/strong>\u00a0Musique avec Bande Hollandaise \u00e0 l\u2019esplanade du Ch\u00e2teau.<br \/>\n<strong>22.00h<\/strong>\u00a0D\u00e9fil\u00e9 du \u201cCrieur\u201d des f\u00eates dans les rues de la localit\u00e9, accompagn\u00e9 du groupe musical de Tambours la Mediterr\u00e0nia de Moraira et charanga Toca\u2019t un ou.<br \/>\n<strong>22.30h<\/strong>. Discours d\u2019inauguration des F\u00eates avec Rafa Soler dans le salon d\u2019actes Espai la Senieta et remise des prix du concours de dessin organis\u00e9 par le comit\u00e9 de l\u2019association avec la collaboration de l\u2019 AMPA Cap d\u2019Or (Moraira) et l\u2019AMPA San Vicente Ferrer (Teulada) .<\/p>\n<p><strong>Samedi 9 Juin<\/strong><br \/>\n<strong>12.00h<\/strong>\u00a0Concentration des Maures et Chr\u00e9tiens dans le Parc urbain et pr\u00e9paration du repas fraternel des filas avec la charanga\u00a0 charanga Batacl\u00e1n de Jal\u00f3n et jeux pour les enfants avec J-produccions<br \/>\n<strong>21.30h<\/strong>\u00a0Concentration de toutes\u00a0 les \u201cfil\u00e1s\u201d au Fort\u00ed et d\u00e9fil\u00e9 accompagn\u00e9 de la \u00ab\u00a0Colla El Fal\u00e7\u00f3 de Teulada\u00a0\u00bb et \u00ab\u00a0Colla la Llebetj\u00e0 del Poble Nou de Benitatxell\u00a0\u00bb jusqu\u2019\u00e0 l\u2019esplanade du Ch\u00e2teau.<br \/>\n<strong>22.00h<\/strong>\u00a0Acte de pr\u00e9sentation des Fanions sur l\u2019esplanade du Ch\u00e2teau.\u00a0Et ensuite bal populaire avec l\u2019orchestre Imagen<\/p>\n<p><strong>Dimanche10 Juin<br \/>\n18.00h<\/strong>\u00a0Grand Festival International de Musique Jazz, Folk, Rock et Country.<\/p>\n<p><strong>Lundi 11 Juin<\/strong><br \/>\n<strong>20.00h<\/strong>\u00a0Concert de La Chorale Britannique dans la Paroisse de Moraira.<\/p>\n<p><strong>Jeudi 14 Juin<br \/>\n<\/strong><strong>20.00h<\/strong>\u00a0Concert de la \u201cColla El Fal\u00e7\u00f3\u201d de Teulada sur Doctor Calatayud.<br \/>\n<strong>21.30h<\/strong>\u00a0Diner de fraternit\u00e9 avec l\u2019\u00f3rchestre Cano sur la place Virgen del Carmen.<\/p>\n<p><strong>Vendredi 15 Juin<br \/>\n13.00h<\/strong>\u00a0Concentration de toutes las \u00ab\u00a0fil\u00e1s\u00a0\u00bb au Fort\u00ed et d\u00e9fil\u00e9\u00a0 informel avec la musique de la fanfare de\u00a0 Jal\u00f3n.<br \/>\n<strong>13.30h<\/strong>\u00a0Tirs d\u2019arquebusiers sur l\u2019Esplanade du Ch\u00e2teau.<br \/>\n<strong>19.30h<\/strong>\u00a0Offrande de fleurs en l\u2019honneur du Sanctissime Christ de Moraira \u00e0 l\u2019Ermite du Ch\u00e2teau.<br \/>\n<strong>23.00h<\/strong>\u00a0Conqu\u00eate Maure sur la Plage de l\u2019Ampolla, suivie de l\u2019ambassade Maure y Assaut du Ch\u00e2teau de Moraira. Et en suivant, Nuit des \u00ab\u00a0charangas\u00a0\u00bb avec \u00ab\u00a0charanga el Batacl\u00e1n\u00a0\u00bb et \u00ab\u00a0charanga Toca\u2019t un ou\u00a0\u00bb<\/p>\n<p><strong>Samedi 16 de Juin<\/strong><br \/>\n<strong>9.00h<\/strong>\u00a0R\u00e9veil g\u00e9n\u00e9ral des arquebusiers.<br \/>\n<strong>11.00h<\/strong>\u00a0Concentration de toutes les \u00ab\u00a0fil\u00e1s\u00a0\u00bb au Fort\u00ed suivie d\u2019un d\u00e9fil\u00e9.<br \/>\n<strong>12.00h<\/strong>\u00a0Messe en l\u2019honneur du Sanctissime Christ \u00e0 la Paroisse de Moraira.<br \/>\n<strong>13.00h<\/strong>\u00a0Tirs d\u2019arquebusiers sur l\u2019Esplanade du Ch\u00e2teau.<br \/>\n<strong>20.00h<\/strong>\u00a0Reconqu\u00eate chr\u00e9tienne sur la plage de l\u2019Ampolla.\u00a0Assaut du Ch\u00e2teau de Moraira par les troupes chr\u00e9tiennes, suivi de l\u2019ambassade chr\u00e9tienne et Reconqu\u00eate du Ch\u00e2teau.<br \/>\n<strong>24.00h<\/strong>\u00a0Retraite populaire depuis l\u2019esplanade du Ch\u00e2teau de Moraira jusqu\u2019\u00e0 l\u2019Avenue du Portet.<br \/>\nEt ensuite Nuit de Kabila agr\u00e9ment\u00e9e de musique interpr\u00e9t\u00e9e par le groupe VALENCIA sur l\u2019Avenue du Portet.<\/p>\n<p><strong>Dimanche 17 Juin<br \/>\n9.00h<\/strong>\u00a0\u00a0\u00a0\u00a0 R\u00e9veil g\u00e9n\u00e9ral des arquebusiers.<br \/>\n<strong>12.00h<\/strong>\u00a0D\u00e9file informel avec Fanions.<br \/>\n<strong>12.30h<\/strong>\u00a0Tirs d\u2019arquebusiers sur l\u2019Esplanade du Ch\u00e2teau.<br \/>\n<strong>19.00h<\/strong>\u00a0D\u00e9fil\u00e9 des fanfares depuis le Ch\u00e2teau jusqu\u2019au Fort\u00ed.<br \/>\n<strong>20.00h<\/strong>\u00a0Grand D\u00e9fil\u00e9 de Gala de troupes maures et chr\u00e9tiennes.<br \/>\n<strong>\u00c0 la fin du d\u00e9fil\u00e9, FEUX D&rsquo;ARTIFICE.<\/strong><\/p>\n<div class=\"row\">\n<div class=\"col-md-6\">\n<p><em><strong>Bando cristiano<\/strong><\/em>:<\/p>\n<p>Fil\u00e1 Caballeros del Rey D.Jaime<br \/>\nFil\u00e1 Mulad\u00edes<br \/>\nFil\u00e1 Conquistadoras<br \/>\nFil\u00e1 Almogavers<br \/>\nFil\u00e1 Huestes del Cid- Capitan\u00eda Cristiana<\/p>\n<\/div>\n<div class=\"col-md-6\">\n<p><em><strong>Bando Moro:<\/strong><\/em><\/p>\n<p>Fil\u00e1 Bashira<br \/>\nFil\u00e1 Al-Madhrabba<br \/>\nFil\u00e1 Almorach<br \/>\nFil\u00e1 Califas<br \/>\nFil\u00e1 Almoraima<br \/>\nFil\u00e1 Marsa Mudhayra &#8211; Capitan\u00eda Mora<\/p>\n<\/div>\n<\/div>\n<\/div>\n<div class=\"col-md-4\">\n<p>\u00a0<img loading=\"lazy\" decoding=\"async\" class=\"img-responsive\" src=\"http:\/\/www.turismoteuladamoraira.com\/teumor\/uploaded\/2018\/JUNY\/31292796_1871449522879733_2692345200517101736_n.jpg?1525949938660\" alt=\"\" width=\"545\" height=\"854\" \/><\/p>\n<\/div>\n<p><img loading=\"lazy\" decoding=\"async\" class=\"img-responsive\" src=\"http:\/\/www.turismoteuladamoraira.com\/teumor\/uploaded\/2018\/JUNY\/31292796_1871449522879733_2692345200517101736_n.jpg?1525949938660\" alt=\"\" width=\"545\" height=\"854\" \/><\/p>\n<\/div>\n","protected":false},"excerpt":{"rendered":"<p>&nbsp; Du 8 au 17 Juin PROGRAMME Vendredi 8 Juin 19.30h\u00a0Inauguration du March\u00e9 M\u00e9di\u00e9val\u00a0 \u201cAndalus\u00ed\u201d. 20.30h\u00a0Musique avec Bande Hollandaise \u00e0 l\u2019esplanade du Ch\u00e2teau. 22.00h\u00a0D\u00e9fil\u00e9 du \u201cCrieur\u201d des f\u00eates dans les rues de la localit\u00e9, accompagn\u00e9 du groupe musical de Tambours la Mediterr\u00e0nia de Moraira et charanga Toca\u2019t un ou. 22.30h. Discours d\u2019inauguration des F\u00eates avec [&hellip;]<\/p>\n","protected":false},"author":2,"featured_media":10524,"comment_status":"closed","ping_status":"closed","sticky":false,"template":"","format":"standard","meta":{"_exactmetrics_skip_tracking":false,"_exactmetrics_sitenote_active":false,"_exactmetrics_sitenote_note":"","_exactmetrics_sitenote_category":0,"footnotes":""},"categories":[],"tags":[3250],"class_list":["post-11829","post","type-post","status-publish","format-standard","has-post-thumbnail","hentry","tag-festival-moors-and-christians-2018-morairafete-des-maures-et-chretiens-2018-moraira"],"yoast_head":"<!-- This site is optimized with the Yoast SEO plugin v25.0 - https:\/\/yoast.com\/wordpress\/plugins\/seo\/ -->\n<title>F\u00caTE DES MAURES ET CHR\u00c9TIENS 2018. MORAIRA - Activa Costa Blanca<\/title>\n<meta name=\"robots\" content=\"index, follow, max-snippet:-1, max-image-preview:large, max-video-preview:-1\" \/>\n<link rel=\"canonical\" href=\"https:\/\/activacostablanca.com\/fr\/non-classifiee\/fete-des-maures-et-chretiens-2018-moraira\/\" \/>\n<meta property=\"og:locale\" content=\"fr_FR\" \/>\n<meta property=\"og:type\" content=\"article\" \/>\n<meta property=\"og:title\" content=\"F\u00caTE DES MAURES ET CHR\u00c9TIENS 2018. MORAIRA - Activa Costa Blanca\" \/>\n<meta property=\"og:description\" content=\"&nbsp; Du 8 au 17 Juin PROGRAMME Vendredi 8 Juin 19.30h\u00a0Inauguration du March\u00e9 M\u00e9di\u00e9val\u00a0 \u201cAndalus\u00ed\u201d. 20.30h\u00a0Musique avec Bande Hollandaise \u00e0 l\u2019esplanade du Ch\u00e2teau. 22.00h\u00a0D\u00e9fil\u00e9 du \u201cCrieur\u201d des f\u00eates dans les rues de la localit\u00e9, accompagn\u00e9 du groupe musical de Tambours la Mediterr\u00e0nia de Moraira et charanga Toca\u2019t un ou. 22.30h. Discours d\u2019inauguration des F\u00eates avec [&hellip;]\" \/>\n<meta property=\"og:url\" content=\"https:\/\/activacostablanca.com\/fr\/non-classifiee\/fete-des-maures-et-chretiens-2018-moraira\/\" \/>\n<meta property=\"og:site_name\" content=\"Activa Costa Blanca\" \/>\n<meta property=\"article:published_time\" content=\"2018-06-03T00:00:00+00:00\" \/>\n<meta property=\"article:modified_time\" content=\"2019-05-17T10:21:46+00:00\" \/>\n<meta property=\"og:image\" content=\"https:\/\/activacostablanca.com\/wp-content\/uploads\/2019\/05\/mros-moraira.jpg\" \/>\n\t<meta property=\"og:image:width\" content=\"545\" \/>\n\t<meta property=\"og:image:height\" content=\"854\" \/>\n\t<meta property=\"og:image:type\" content=\"image\/jpeg\" \/>\n<meta name=\"author\" content=\"Activa Costablanca\" \/>\n<meta name=\"twitter:card\" content=\"summary_large_image\" \/>\n<meta name=\"twitter:label1\" content=\"\u00c9crit par\" \/>\n\t<meta name=\"twitter:data1\" content=\"Activa Costablanca\" \/>\n\t<meta name=\"twitter:label2\" content=\"Dur\u00e9e de lecture estim\u00e9e\" \/>\n\t<meta name=\"twitter:data2\" content=\"3 minutes\" \/>\n<script type=\"application\/ld+json\" class=\"yoast-schema-graph\">{\"@context\":\"https:\/\/schema.org\",\"@graph\":[{\"@type\":\"Article\",\"@id\":\"https:\/\/activacostablanca.com\/fr\/non-classifiee\/fete-des-maures-et-chretiens-2018-moraira\/#article\",\"isPartOf\":{\"@id\":\"https:\/\/activacostablanca.com\/fr\/non-classifiee\/fete-des-maures-et-chretiens-2018-moraira\/\"},\"author\":{\"name\":\"Activa Costablanca\",\"@id\":\"https:\/\/activacostablanca.com\/#\/schema\/person\/d48fc026c61c0eb79e3b0ade7ab35e79\"},\"headline\":\"F\u00caTE DES MAURES ET CHR\u00c9TIENS 2018. MORAIRA\",\"datePublished\":\"2018-06-03T00:00:00+00:00\",\"dateModified\":\"2019-05-17T10:21:46+00:00\",\"mainEntityOfPage\":{\"@id\":\"https:\/\/activacostablanca.com\/fr\/non-classifiee\/fete-des-maures-et-chretiens-2018-moraira\/\"},\"wordCount\":568,\"publisher\":{\"@id\":\"https:\/\/activacostablanca.com\/#organization\"},\"image\":{\"@id\":\"https:\/\/activacostablanca.com\/fr\/non-classifiee\/fete-des-maures-et-chretiens-2018-moraira\/#primaryimage\"},\"thumbnailUrl\":\"https:\/\/activacostablanca.com\/wp-content\/uploads\/2019\/05\/mros-moraira.jpg\",\"keywords\":[\"FESTIVAL MOORS AND CHRISTIANS 2018. MORAIRA|F\u00caTE DES MAURES ET CHR\u00c9TIENS 2018. MORAIRA\"],\"inLanguage\":\"fr-FR\"},{\"@type\":\"WebPage\",\"@id\":\"https:\/\/activacostablanca.com\/fr\/non-classifiee\/fete-des-maures-et-chretiens-2018-moraira\/\",\"url\":\"https:\/\/activacostablanca.com\/fr\/non-classifiee\/fete-des-maures-et-chretiens-2018-moraira\/\",\"name\":\"F\u00caTE DES MAURES ET CHR\u00c9TIENS 2018. MORAIRA - Activa Costa Blanca\",\"isPartOf\":{\"@id\":\"https:\/\/activacostablanca.com\/#website\"},\"primaryImageOfPage\":{\"@id\":\"https:\/\/activacostablanca.com\/fr\/non-classifiee\/fete-des-maures-et-chretiens-2018-moraira\/#primaryimage\"},\"image\":{\"@id\":\"https:\/\/activacostablanca.com\/fr\/non-classifiee\/fete-des-maures-et-chretiens-2018-moraira\/#primaryimage\"},\"thumbnailUrl\":\"https:\/\/activacostablanca.com\/wp-content\/uploads\/2019\/05\/mros-moraira.jpg\",\"datePublished\":\"2018-06-03T00:00:00+00:00\",\"dateModified\":\"2019-05-17T10:21:46+00:00\",\"breadcrumb\":{\"@id\":\"https:\/\/activacostablanca.com\/fr\/non-classifiee\/fete-des-maures-et-chretiens-2018-moraira\/#breadcrumb\"},\"inLanguage\":\"fr-FR\",\"potentialAction\":[{\"@type\":\"ReadAction\",\"target\":[\"https:\/\/activacostablanca.com\/fr\/non-classifiee\/fete-des-maures-et-chretiens-2018-moraira\/\"]}]},{\"@type\":\"ImageObject\",\"inLanguage\":\"fr-FR\",\"@id\":\"https:\/\/activacostablanca.com\/fr\/non-classifiee\/fete-des-maures-et-chretiens-2018-moraira\/#primaryimage\",\"url\":\"https:\/\/activacostablanca.com\/wp-content\/uploads\/2019\/05\/mros-moraira.jpg\",\"contentUrl\":\"https:\/\/activacostablanca.com\/wp-content\/uploads\/2019\/05\/mros-moraira.jpg\",\"width\":545,\"height\":854},{\"@type\":\"BreadcrumbList\",\"@id\":\"https:\/\/activacostablanca.com\/fr\/non-classifiee\/fete-des-maures-et-chretiens-2018-moraira\/#breadcrumb\",\"itemListElement\":[{\"@type\":\"ListItem\",\"position\":1,\"name\":\"Portada\",\"item\":\"https:\/\/activacostablanca.com\/fr\/\"},{\"@type\":\"ListItem\",\"position\":2,\"name\":\"F\u00caTE DES MAURES ET CHR\u00c9TIENS 2018. MORAIRA\"}]},{\"@type\":\"WebSite\",\"@id\":\"https:\/\/activacostablanca.com\/#website\",\"url\":\"https:\/\/activacostablanca.com\/\",\"name\":\"Activa Costa Blanca\",\"description\":\"Activit\u00e9s et excursions sur la Costa Blanca\",\"publisher\":{\"@id\":\"https:\/\/activacostablanca.com\/#organization\"},\"potentialAction\":[{\"@type\":\"SearchAction\",\"target\":{\"@type\":\"EntryPoint\",\"urlTemplate\":\"https:\/\/activacostablanca.com\/?s={search_term_string}\"},\"query-input\":{\"@type\":\"PropertyValueSpecification\",\"valueRequired\":true,\"valueName\":\"search_term_string\"}}],\"inLanguage\":\"fr-FR\"},{\"@type\":\"Organization\",\"@id\":\"https:\/\/activacostablanca.com\/#organization\",\"name\":\"Activa Costa Blanca\",\"url\":\"https:\/\/activacostablanca.com\/\",\"logo\":{\"@type\":\"ImageObject\",\"inLanguage\":\"fr-FR\",\"@id\":\"https:\/\/activacostablanca.com\/#\/schema\/logo\/image\/\",\"url\":\"https:\/\/activacostablanca.com\/wp-content\/uploads\/2019\/04\/weblogo.png\",\"contentUrl\":\"https:\/\/activacostablanca.com\/wp-content\/uploads\/2019\/04\/weblogo.png\",\"width\":177,\"height\":46,\"caption\":\"Activa Costa Blanca\"},\"image\":{\"@id\":\"https:\/\/activacostablanca.com\/#\/schema\/logo\/image\/\"}},{\"@type\":\"Person\",\"@id\":\"https:\/\/activacostablanca.com\/#\/schema\/person\/d48fc026c61c0eb79e3b0ade7ab35e79\",\"name\":\"Activa Costablanca\",\"image\":{\"@type\":\"ImageObject\",\"inLanguage\":\"fr-FR\",\"@id\":\"https:\/\/activacostablanca.com\/#\/schema\/person\/image\/\",\"url\":\"https:\/\/secure.gravatar.com\/avatar\/657de7470d8657c20722b4ee0e1d8f7106ae39ef32e2297fb70099296a80867a?s=96&d=mm&r=g\",\"contentUrl\":\"https:\/\/secure.gravatar.com\/avatar\/657de7470d8657c20722b4ee0e1d8f7106ae39ef32e2297fb70099296a80867a?s=96&d=mm&r=g\",\"caption\":\"Activa Costablanca\"}}]}<\/script>\n<!-- \/ Yoast SEO plugin. -->","yoast_head_json":{"title":"F\u00caTE DES MAURES ET CHR\u00c9TIENS 2018. MORAIRA - Activa Costa Blanca","robots":{"index":"index","follow":"follow","max-snippet":"max-snippet:-1","max-image-preview":"max-image-preview:large","max-video-preview":"max-video-preview:-1"},"canonical":"https:\/\/activacostablanca.com\/fr\/non-classifiee\/fete-des-maures-et-chretiens-2018-moraira\/","og_locale":"fr_FR","og_type":"article","og_title":"F\u00caTE DES MAURES ET CHR\u00c9TIENS 2018. MORAIRA - Activa Costa Blanca","og_description":"&nbsp; Du 8 au 17 Juin PROGRAMME Vendredi 8 Juin 19.30h\u00a0Inauguration du March\u00e9 M\u00e9di\u00e9val\u00a0 \u201cAndalus\u00ed\u201d. 20.30h\u00a0Musique avec Bande Hollandaise \u00e0 l\u2019esplanade du Ch\u00e2teau. 22.00h\u00a0D\u00e9fil\u00e9 du \u201cCrieur\u201d des f\u00eates dans les rues de la localit\u00e9, accompagn\u00e9 du groupe musical de Tambours la Mediterr\u00e0nia de Moraira et charanga Toca\u2019t un ou. 22.30h. Discours d\u2019inauguration des F\u00eates avec [&hellip;]","og_url":"https:\/\/activacostablanca.com\/fr\/non-classifiee\/fete-des-maures-et-chretiens-2018-moraira\/","og_site_name":"Activa Costa Blanca","article_published_time":"2018-06-03T00:00:00+00:00","article_modified_time":"2019-05-17T10:21:46+00:00","og_image":[{"width":545,"height":854,"url":"https:\/\/activacostablanca.com\/wp-content\/uploads\/2019\/05\/mros-moraira.jpg","type":"image\/jpeg"}],"author":"Activa Costablanca","twitter_card":"summary_large_image","twitter_misc":{"\u00c9crit par":"Activa Costablanca","Dur\u00e9e de lecture estim\u00e9e":"3 minutes"},"schema":{"@context":"https:\/\/schema.org","@graph":[{"@type":"Article","@id":"https:\/\/activacostablanca.com\/fr\/non-classifiee\/fete-des-maures-et-chretiens-2018-moraira\/#article","isPartOf":{"@id":"https:\/\/activacostablanca.com\/fr\/non-classifiee\/fete-des-maures-et-chretiens-2018-moraira\/"},"author":{"name":"Activa Costablanca","@id":"https:\/\/activacostablanca.com\/#\/schema\/person\/d48fc026c61c0eb79e3b0ade7ab35e79"},"headline":"F\u00caTE DES MAURES ET CHR\u00c9TIENS 2018. MORAIRA","datePublished":"2018-06-03T00:00:00+00:00","dateModified":"2019-05-17T10:21:46+00:00","mainEntityOfPage":{"@id":"https:\/\/activacostablanca.com\/fr\/non-classifiee\/fete-des-maures-et-chretiens-2018-moraira\/"},"wordCount":568,"publisher":{"@id":"https:\/\/activacostablanca.com\/#organization"},"image":{"@id":"https:\/\/activacostablanca.com\/fr\/non-classifiee\/fete-des-maures-et-chretiens-2018-moraira\/#primaryimage"},"thumbnailUrl":"https:\/\/activacostablanca.com\/wp-content\/uploads\/2019\/05\/mros-moraira.jpg","keywords":["FESTIVAL MOORS AND CHRISTIANS 2018. MORAIRA|F\u00caTE DES MAURES ET CHR\u00c9TIENS 2018. MORAIRA"],"inLanguage":"fr-FR"},{"@type":"WebPage","@id":"https:\/\/activacostablanca.com\/fr\/non-classifiee\/fete-des-maures-et-chretiens-2018-moraira\/","url":"https:\/\/activacostablanca.com\/fr\/non-classifiee\/fete-des-maures-et-chretiens-2018-moraira\/","name":"F\u00caTE DES MAURES ET CHR\u00c9TIENS 2018. MORAIRA - Activa Costa Blanca","isPartOf":{"@id":"https:\/\/activacostablanca.com\/#website"},"primaryImageOfPage":{"@id":"https:\/\/activacostablanca.com\/fr\/non-classifiee\/fete-des-maures-et-chretiens-2018-moraira\/#primaryimage"},"image":{"@id":"https:\/\/activacostablanca.com\/fr\/non-classifiee\/fete-des-maures-et-chretiens-2018-moraira\/#primaryimage"},"thumbnailUrl":"https:\/\/activacostablanca.com\/wp-content\/uploads\/2019\/05\/mros-moraira.jpg","datePublished":"2018-06-03T00:00:00+00:00","dateModified":"2019-05-17T10:21:46+00:00","breadcrumb":{"@id":"https:\/\/activacostablanca.com\/fr\/non-classifiee\/fete-des-maures-et-chretiens-2018-moraira\/#breadcrumb"},"inLanguage":"fr-FR","potentialAction":[{"@type":"ReadAction","target":["https:\/\/activacostablanca.com\/fr\/non-classifiee\/fete-des-maures-et-chretiens-2018-moraira\/"]}]},{"@type":"ImageObject","inLanguage":"fr-FR","@id":"https:\/\/activacostablanca.com\/fr\/non-classifiee\/fete-des-maures-et-chretiens-2018-moraira\/#primaryimage","url":"https:\/\/activacostablanca.com\/wp-content\/uploads\/2019\/05\/mros-moraira.jpg","contentUrl":"https:\/\/activacostablanca.com\/wp-content\/uploads\/2019\/05\/mros-moraira.jpg","width":545,"height":854},{"@type":"BreadcrumbList","@id":"https:\/\/activacostablanca.com\/fr\/non-classifiee\/fete-des-maures-et-chretiens-2018-moraira\/#breadcrumb","itemListElement":[{"@type":"ListItem","position":1,"name":"Portada","item":"https:\/\/activacostablanca.com\/fr\/"},{"@type":"ListItem","position":2,"name":"F\u00caTE DES MAURES ET CHR\u00c9TIENS 2018. MORAIRA"}]},{"@type":"WebSite","@id":"https:\/\/activacostablanca.com\/#website","url":"https:\/\/activacostablanca.com\/","name":"Activa Costa Blanca","description":"Activit\u00e9s et excursions sur la Costa Blanca","publisher":{"@id":"https:\/\/activacostablanca.com\/#organization"},"potentialAction":[{"@type":"SearchAction","target":{"@type":"EntryPoint","urlTemplate":"https:\/\/activacostablanca.com\/?s={search_term_string}"},"query-input":{"@type":"PropertyValueSpecification","valueRequired":true,"valueName":"search_term_string"}}],"inLanguage":"fr-FR"},{"@type":"Organization","@id":"https:\/\/activacostablanca.com\/#organization","name":"Activa Costa Blanca","url":"https:\/\/activacostablanca.com\/","logo":{"@type":"ImageObject","inLanguage":"fr-FR","@id":"https:\/\/activacostablanca.com\/#\/schema\/logo\/image\/","url":"https:\/\/activacostablanca.com\/wp-content\/uploads\/2019\/04\/weblogo.png","contentUrl":"https:\/\/activacostablanca.com\/wp-content\/uploads\/2019\/04\/weblogo.png","width":177,"height":46,"caption":"Activa Costa Blanca"},"image":{"@id":"https:\/\/activacostablanca.com\/#\/schema\/logo\/image\/"}},{"@type":"Person","@id":"https:\/\/activacostablanca.com\/#\/schema\/person\/d48fc026c61c0eb79e3b0ade7ab35e79","name":"Activa Costablanca","image":{"@type":"ImageObject","inLanguage":"fr-FR","@id":"https:\/\/activacostablanca.com\/#\/schema\/person\/image\/","url":"https:\/\/secure.gravatar.com\/avatar\/657de7470d8657c20722b4ee0e1d8f7106ae39ef32e2297fb70099296a80867a?s=96&d=mm&r=g","contentUrl":"https:\/\/secure.gravatar.com\/avatar\/657de7470d8657c20722b4ee0e1d8f7106ae39ef32e2297fb70099296a80867a?s=96&d=mm&r=g","caption":"Activa Costablanca"}}]}},"_links":{"self":[{"href":"https:\/\/activacostablanca.com\/fr\/wp-json\/wp\/v2\/posts\/11829","targetHints":{"allow":["GET"]}}],"collection":[{"href":"https:\/\/activacostablanca.com\/fr\/wp-json\/wp\/v2\/posts"}],"about":[{"href":"https:\/\/activacostablanca.com\/fr\/wp-json\/wp\/v2\/types\/post"}],"author":[{"embeddable":true,"href":"https:\/\/activacostablanca.com\/fr\/wp-json\/wp\/v2\/users\/2"}],"replies":[{"embeddable":true,"href":"https:\/\/activacostablanca.com\/fr\/wp-json\/wp\/v2\/comments?post=11829"}],"version-history":[{"count":1,"href":"https:\/\/activacostablanca.com\/fr\/wp-json\/wp\/v2\/posts\/11829\/revisions"}],"predecessor-version":[{"id":12055,"href":"https:\/\/activacostablanca.com\/fr\/wp-json\/wp\/v2\/posts\/11829\/revisions\/12055"}],"wp:featuredmedia":[{"embeddable":true,"href":"https:\/\/activacostablanca.com\/fr\/wp-json\/wp\/v2\/media\/10524"}],"wp:attachment":[{"href":"https:\/\/activacostablanca.com\/fr\/wp-json\/wp\/v2\/media?parent=11829"}],"wp:term":[{"taxonomy":"category","embeddable":true,"href":"https:\/\/activacostablanca.com\/fr\/wp-json\/wp\/v2\/categories?post=11829"},{"taxonomy":"post_tag","embeddable":true,"href":"https:\/\/activacostablanca.com\/fr\/wp-json\/wp\/v2\/tags?post=11829"}],"curies":[{"name":"wp","href":"https:\/\/api.w.org\/{rel}","templated":true}]}}