{"id":11828,"date":"2018-05-22T00:00:00","date_gmt":"2018-05-22T00:00:00","guid":{"rendered":"http:\/\/dev.activacostablanca.com\/non-classifiee\/fira-calp-celebre-son-dixieme-anniversaire\/"},"modified":"2019-05-17T10:21:46","modified_gmt":"2019-05-17T10:21:46","slug":"fira-calp-celebre-son-dixieme-anniversaire","status":"publish","type":"post","link":"https:\/\/activacostablanca.com\/fr\/evenement-culinaire\/fira-calp-celebre-son-dixieme-anniversaire\/","title":{"rendered":"FIRA CALP C\u00c9L\u00c8BRE SON DIXI\u00c8ME ANNIVERSAIRE"},"content":{"rendered":"<div class=\"caja-titulos\"><\/div>\n<div class=\"contenido-editor\">\n<p>FIRA CALP C\u00c9L\u00c8BRE SON DIXI\u00c8ME ANNIVERSAIRE AVEC PLUS D&rsquo;EXPOSANTS ET PLUS DE TAPAS.<br \/>\nFira Calp, la foire gastronomique et commerciale de la ville de El Pe\u00f1\u00f3n, c\u00e9l\u00e8bre sa dixi\u00e8me \u00e9dition, qui aura lieu du 24 au 27 mai sur la Plaza Mayor. Et il le fait avec un plus grand nombre d&rsquo;exposants et de tapas et avec la participation de la Guilde des p\u00eacheurs et du Comit\u00e9 des Festivals 2018.<\/p>\n<p>Cette ann\u00e9e, la foire aura 17 stands pour restaurants, caf\u00e9s et bars \u00e0 cocktails et renforce \u00e9galement son c\u00f4t\u00e9 commercial avec la participation de 11 magasins qui exposeront leurs produits.<\/p>\n<p>D&rsquo;autre part, les h\u00f4teliers proposeront un plus grand nombre de tapas, entre quatre et cinq par stand, par rapport aux trois \u00e9ditions pr\u00e9c\u00e9dentes, qui seront propos\u00e9es \u00e0 des prix populaires, de 1 \u00e0 4 euros. La Guilde des p\u00eacheurs, pour sa part, pr\u00e9sentera \u00e0 la foire, en plus du traditionnel Peix de Calp, un nouveau produit \u00e0 base d&rsquo;ingr\u00e9dients de fruits de mer tels que la saucisse et le poulpe et les hamburgers.<\/p>\n<p>Pour la premi\u00e8re fois, la Commission des Festivals 2018 a \u00e9t\u00e9 invit\u00e9e \u00e0 participer \u00e0 Fira Calp, pour vendre la boisson : bi\u00e8re, boissons gazeuses et eau ; les b\u00e9n\u00e9fices r\u00e9alis\u00e9s serviront \u00e0 l&rsquo;organisation des festivit\u00e9s de cette ann\u00e9e ; le vin sera fourni par chaque h\u00f4telier qui offrira une cave diff\u00e9rente.<\/p>\n<p>Il y aura \u00e9galement des activit\u00e9s parall\u00e8les telles que des concerts, des d\u00e9monstrations culinaires, des divertissements pour enfants et une exposition de v\u00e9hicules hybrides. De plus, un \u00e9cran g\u00e9ant est pr\u00e9vu le samedi 26 mai pour la finale du Real Madrid &#8211; Liverpool.<\/p>\n<p>Traduit avec www.DeepL.com\/Translator<\/p>\n<p>&nbsp;<\/p>\n<div class=\"clearfix contenedor\">\n<div class=\"csSlideOuter\">\n<div class=\"csSlideWrapper usingCss\">\n<ul class=\"galeria_slider lightSlider\">\n<li class=\"active\" data-thumb=\"\/bd\/imagenes\/imagen2891p.jpg\"><img decoding=\"async\" id=\"foto2891d\" title=\"\" src=\"http:\/\/www.calpe.es\/bd\/imagenes\/imagen2891d.jpg\" alt=\"\" \/><\/li>\n<\/ul>\n<\/div>\n<\/div>\n<\/div>\n<\/div>\n","protected":false},"excerpt":{"rendered":"<p>FIRA CALP C\u00c9L\u00c8BRE SON DIXI\u00c8ME ANNIVERSAIRE AVEC PLUS D&rsquo;EXPOSANTS ET PLUS DE TAPAS. Fira Calp, la foire gastronomique et commerciale de la ville de El Pe\u00f1\u00f3n, c\u00e9l\u00e8bre sa dixi\u00e8me \u00e9dition, qui aura lieu du 24 au 27 mai sur la Plaza Mayor. Et il le fait avec un plus grand nombre d&rsquo;exposants et de tapas [&hellip;]<\/p>\n","protected":false},"author":2,"featured_media":10520,"comment_status":"closed","ping_status":"closed","sticky":false,"template":"","format":"standard","meta":{"_exactmetrics_skip_tracking":false,"_exactmetrics_sitenote_active":false,"_exactmetrics_sitenote_note":"","_exactmetrics_sitenote_category":0,"footnotes":""},"categories":[3238],"tags":[3249],"class_list":["post-11828","post","type-post","status-publish","format-standard","has-post-thumbnail","hentry","category-evenement-culinaire","tag-fira-calpfira-calp-celebre-son-dixieme-anniversairefira-calp-celebre-son-dixieme-anniversaire-avec-plus-dexposants-et-plus-de-tapas-la-foire-gastronomique-et-commerciale-de-la-ville-de-el-penon"],"yoast_head":"<!-- This site is optimized with the Yoast SEO plugin v25.0 - https:\/\/yoast.com\/wordpress\/plugins\/seo\/ -->\n<title>FIRA CALP C\u00c9L\u00c8BRE SON DIXI\u00c8ME ANNIVERSAIRE - Activa Costa Blanca<\/title>\n<meta name=\"robots\" content=\"index, follow, max-snippet:-1, max-image-preview:large, max-video-preview:-1\" \/>\n<link rel=\"canonical\" href=\"https:\/\/activacostablanca.com\/fr\/evenement-culinaire\/fira-calp-celebre-son-dixieme-anniversaire\/\" \/>\n<meta property=\"og:locale\" content=\"fr_FR\" \/>\n<meta property=\"og:type\" content=\"article\" \/>\n<meta property=\"og:title\" content=\"FIRA CALP C\u00c9L\u00c8BRE SON DIXI\u00c8ME ANNIVERSAIRE - Activa Costa Blanca\" \/>\n<meta property=\"og:description\" content=\"FIRA CALP C\u00c9L\u00c8BRE SON DIXI\u00c8ME ANNIVERSAIRE AVEC PLUS D&rsquo;EXPOSANTS ET PLUS DE TAPAS. Fira Calp, la foire gastronomique et commerciale de la ville de El Pe\u00f1\u00f3n, c\u00e9l\u00e8bre sa dixi\u00e8me \u00e9dition, qui aura lieu du 24 au 27 mai sur la Plaza Mayor. Et il le fait avec un plus grand nombre d&rsquo;exposants et de tapas [&hellip;]\" \/>\n<meta property=\"og:url\" content=\"https:\/\/activacostablanca.com\/fr\/evenement-culinaire\/fira-calp-celebre-son-dixieme-anniversaire\/\" \/>\n<meta property=\"og:site_name\" content=\"Activa Costa Blanca\" \/>\n<meta property=\"article:published_time\" content=\"2018-05-22T00:00:00+00:00\" \/>\n<meta property=\"article:modified_time\" content=\"2019-05-17T10:21:46+00:00\" \/>\n<meta property=\"og:image\" content=\"https:\/\/activacostablanca.com\/wp-content\/uploads\/2019\/05\/imagen2891d.jpg\" \/>\n\t<meta property=\"og:image:width\" content=\"540\" \/>\n\t<meta property=\"og:image:height\" content=\"540\" \/>\n\t<meta property=\"og:image:type\" content=\"image\/jpeg\" \/>\n<meta name=\"author\" content=\"Activa Costablanca\" \/>\n<meta name=\"twitter:card\" content=\"summary_large_image\" \/>\n<meta name=\"twitter:label1\" content=\"\u00c9crit par\" \/>\n\t<meta name=\"twitter:data1\" content=\"Activa Costablanca\" \/>\n\t<meta name=\"twitter:label2\" content=\"Dur\u00e9e de lecture estim\u00e9e\" \/>\n\t<meta name=\"twitter:data2\" content=\"1 minute\" \/>\n<script type=\"application\/ld+json\" class=\"yoast-schema-graph\">{\"@context\":\"https:\/\/schema.org\",\"@graph\":[{\"@type\":\"Article\",\"@id\":\"https:\/\/activacostablanca.com\/fr\/evenement-culinaire\/fira-calp-celebre-son-dixieme-anniversaire\/#article\",\"isPartOf\":{\"@id\":\"https:\/\/activacostablanca.com\/fr\/evenement-culinaire\/fira-calp-celebre-son-dixieme-anniversaire\/\"},\"author\":{\"name\":\"Activa Costablanca\",\"@id\":\"https:\/\/activacostablanca.com\/#\/schema\/person\/d48fc026c61c0eb79e3b0ade7ab35e79\"},\"headline\":\"FIRA CALP C\u00c9L\u00c8BRE SON DIXI\u00c8ME ANNIVERSAIRE\",\"datePublished\":\"2018-05-22T00:00:00+00:00\",\"dateModified\":\"2019-05-17T10:21:46+00:00\",\"mainEntityOfPage\":{\"@id\":\"https:\/\/activacostablanca.com\/fr\/evenement-culinaire\/fira-calp-celebre-son-dixieme-anniversaire\/\"},\"wordCount\":299,\"publisher\":{\"@id\":\"https:\/\/activacostablanca.com\/#organization\"},\"image\":{\"@id\":\"https:\/\/activacostablanca.com\/fr\/evenement-culinaire\/fira-calp-celebre-son-dixieme-anniversaire\/#primaryimage\"},\"thumbnailUrl\":\"https:\/\/activacostablanca.com\/wp-content\/uploads\/2019\/05\/imagen2891d.jpg\",\"keywords\":[\"Fira Calp|FIRA CALP C\u00c9L\u00c8BRE SON DIXI\u00c8ME ANNIVERSAIRE|FIRA CALP C\u00c9L\u00c8BRE SON DIXI\u00c8ME ANNIVERSAIRE AVEC PLUS D'EXPOSANTS ET PLUS DE TAPAS.|la foire gastronomique et commerciale de la ville de El Pe\u00f1\u00f3n\"],\"articleSection\":[\"\u00e9v\u00e9nement culinaire\"],\"inLanguage\":\"fr-FR\"},{\"@type\":\"WebPage\",\"@id\":\"https:\/\/activacostablanca.com\/fr\/evenement-culinaire\/fira-calp-celebre-son-dixieme-anniversaire\/\",\"url\":\"https:\/\/activacostablanca.com\/fr\/evenement-culinaire\/fira-calp-celebre-son-dixieme-anniversaire\/\",\"name\":\"FIRA CALP C\u00c9L\u00c8BRE SON DIXI\u00c8ME ANNIVERSAIRE - Activa Costa Blanca\",\"isPartOf\":{\"@id\":\"https:\/\/activacostablanca.com\/#website\"},\"primaryImageOfPage\":{\"@id\":\"https:\/\/activacostablanca.com\/fr\/evenement-culinaire\/fira-calp-celebre-son-dixieme-anniversaire\/#primaryimage\"},\"image\":{\"@id\":\"https:\/\/activacostablanca.com\/fr\/evenement-culinaire\/fira-calp-celebre-son-dixieme-anniversaire\/#primaryimage\"},\"thumbnailUrl\":\"https:\/\/activacostablanca.com\/wp-content\/uploads\/2019\/05\/imagen2891d.jpg\",\"datePublished\":\"2018-05-22T00:00:00+00:00\",\"dateModified\":\"2019-05-17T10:21:46+00:00\",\"breadcrumb\":{\"@id\":\"https:\/\/activacostablanca.com\/fr\/evenement-culinaire\/fira-calp-celebre-son-dixieme-anniversaire\/#breadcrumb\"},\"inLanguage\":\"fr-FR\",\"potentialAction\":[{\"@type\":\"ReadAction\",\"target\":[\"https:\/\/activacostablanca.com\/fr\/evenement-culinaire\/fira-calp-celebre-son-dixieme-anniversaire\/\"]}]},{\"@type\":\"ImageObject\",\"inLanguage\":\"fr-FR\",\"@id\":\"https:\/\/activacostablanca.com\/fr\/evenement-culinaire\/fira-calp-celebre-son-dixieme-anniversaire\/#primaryimage\",\"url\":\"https:\/\/activacostablanca.com\/wp-content\/uploads\/2019\/05\/imagen2891d.jpg\",\"contentUrl\":\"https:\/\/activacostablanca.com\/wp-content\/uploads\/2019\/05\/imagen2891d.jpg\",\"width\":540,\"height\":540},{\"@type\":\"BreadcrumbList\",\"@id\":\"https:\/\/activacostablanca.com\/fr\/evenement-culinaire\/fira-calp-celebre-son-dixieme-anniversaire\/#breadcrumb\",\"itemListElement\":[{\"@type\":\"ListItem\",\"position\":1,\"name\":\"Portada\",\"item\":\"https:\/\/activacostablanca.com\/fr\/\"},{\"@type\":\"ListItem\",\"position\":2,\"name\":\"FIRA CALP C\u00c9L\u00c8BRE SON DIXI\u00c8ME ANNIVERSAIRE\"}]},{\"@type\":\"WebSite\",\"@id\":\"https:\/\/activacostablanca.com\/#website\",\"url\":\"https:\/\/activacostablanca.com\/\",\"name\":\"Activa Costa Blanca\",\"description\":\"Activit\u00e9s et excursions sur la Costa Blanca\",\"publisher\":{\"@id\":\"https:\/\/activacostablanca.com\/#organization\"},\"potentialAction\":[{\"@type\":\"SearchAction\",\"target\":{\"@type\":\"EntryPoint\",\"urlTemplate\":\"https:\/\/activacostablanca.com\/?s={search_term_string}\"},\"query-input\":{\"@type\":\"PropertyValueSpecification\",\"valueRequired\":true,\"valueName\":\"search_term_string\"}}],\"inLanguage\":\"fr-FR\"},{\"@type\":\"Organization\",\"@id\":\"https:\/\/activacostablanca.com\/#organization\",\"name\":\"Activa Costa Blanca\",\"url\":\"https:\/\/activacostablanca.com\/\",\"logo\":{\"@type\":\"ImageObject\",\"inLanguage\":\"fr-FR\",\"@id\":\"https:\/\/activacostablanca.com\/#\/schema\/logo\/image\/\",\"url\":\"https:\/\/activacostablanca.com\/wp-content\/uploads\/2019\/04\/weblogo.png\",\"contentUrl\":\"https:\/\/activacostablanca.com\/wp-content\/uploads\/2019\/04\/weblogo.png\",\"width\":177,\"height\":46,\"caption\":\"Activa Costa Blanca\"},\"image\":{\"@id\":\"https:\/\/activacostablanca.com\/#\/schema\/logo\/image\/\"}},{\"@type\":\"Person\",\"@id\":\"https:\/\/activacostablanca.com\/#\/schema\/person\/d48fc026c61c0eb79e3b0ade7ab35e79\",\"name\":\"Activa Costablanca\",\"image\":{\"@type\":\"ImageObject\",\"inLanguage\":\"fr-FR\",\"@id\":\"https:\/\/activacostablanca.com\/#\/schema\/person\/image\/\",\"url\":\"https:\/\/secure.gravatar.com\/avatar\/657de7470d8657c20722b4ee0e1d8f7106ae39ef32e2297fb70099296a80867a?s=96&d=mm&r=g\",\"contentUrl\":\"https:\/\/secure.gravatar.com\/avatar\/657de7470d8657c20722b4ee0e1d8f7106ae39ef32e2297fb70099296a80867a?s=96&d=mm&r=g\",\"caption\":\"Activa Costablanca\"}}]}<\/script>\n<!-- \/ Yoast SEO plugin. -->","yoast_head_json":{"title":"FIRA CALP C\u00c9L\u00c8BRE SON DIXI\u00c8ME ANNIVERSAIRE - Activa Costa Blanca","robots":{"index":"index","follow":"follow","max-snippet":"max-snippet:-1","max-image-preview":"max-image-preview:large","max-video-preview":"max-video-preview:-1"},"canonical":"https:\/\/activacostablanca.com\/fr\/evenement-culinaire\/fira-calp-celebre-son-dixieme-anniversaire\/","og_locale":"fr_FR","og_type":"article","og_title":"FIRA CALP C\u00c9L\u00c8BRE SON DIXI\u00c8ME ANNIVERSAIRE - Activa Costa Blanca","og_description":"FIRA CALP C\u00c9L\u00c8BRE SON DIXI\u00c8ME ANNIVERSAIRE AVEC PLUS D&rsquo;EXPOSANTS ET PLUS DE TAPAS. Fira Calp, la foire gastronomique et commerciale de la ville de El Pe\u00f1\u00f3n, c\u00e9l\u00e8bre sa dixi\u00e8me \u00e9dition, qui aura lieu du 24 au 27 mai sur la Plaza Mayor. Et il le fait avec un plus grand nombre d&rsquo;exposants et de tapas [&hellip;]","og_url":"https:\/\/activacostablanca.com\/fr\/evenement-culinaire\/fira-calp-celebre-son-dixieme-anniversaire\/","og_site_name":"Activa Costa Blanca","article_published_time":"2018-05-22T00:00:00+00:00","article_modified_time":"2019-05-17T10:21:46+00:00","og_image":[{"width":540,"height":540,"url":"https:\/\/activacostablanca.com\/wp-content\/uploads\/2019\/05\/imagen2891d.jpg","type":"image\/jpeg"}],"author":"Activa Costablanca","twitter_card":"summary_large_image","twitter_misc":{"\u00c9crit par":"Activa Costablanca","Dur\u00e9e de lecture estim\u00e9e":"1 minute"},"schema":{"@context":"https:\/\/schema.org","@graph":[{"@type":"Article","@id":"https:\/\/activacostablanca.com\/fr\/evenement-culinaire\/fira-calp-celebre-son-dixieme-anniversaire\/#article","isPartOf":{"@id":"https:\/\/activacostablanca.com\/fr\/evenement-culinaire\/fira-calp-celebre-son-dixieme-anniversaire\/"},"author":{"name":"Activa Costablanca","@id":"https:\/\/activacostablanca.com\/#\/schema\/person\/d48fc026c61c0eb79e3b0ade7ab35e79"},"headline":"FIRA CALP C\u00c9L\u00c8BRE SON DIXI\u00c8ME ANNIVERSAIRE","datePublished":"2018-05-22T00:00:00+00:00","dateModified":"2019-05-17T10:21:46+00:00","mainEntityOfPage":{"@id":"https:\/\/activacostablanca.com\/fr\/evenement-culinaire\/fira-calp-celebre-son-dixieme-anniversaire\/"},"wordCount":299,"publisher":{"@id":"https:\/\/activacostablanca.com\/#organization"},"image":{"@id":"https:\/\/activacostablanca.com\/fr\/evenement-culinaire\/fira-calp-celebre-son-dixieme-anniversaire\/#primaryimage"},"thumbnailUrl":"https:\/\/activacostablanca.com\/wp-content\/uploads\/2019\/05\/imagen2891d.jpg","keywords":["Fira Calp|FIRA CALP C\u00c9L\u00c8BRE SON DIXI\u00c8ME ANNIVERSAIRE|FIRA CALP C\u00c9L\u00c8BRE SON DIXI\u00c8ME ANNIVERSAIRE AVEC PLUS D'EXPOSANTS ET PLUS DE TAPAS.|la foire gastronomique et commerciale de la ville de El Pe\u00f1\u00f3n"],"articleSection":["\u00e9v\u00e9nement culinaire"],"inLanguage":"fr-FR"},{"@type":"WebPage","@id":"https:\/\/activacostablanca.com\/fr\/evenement-culinaire\/fira-calp-celebre-son-dixieme-anniversaire\/","url":"https:\/\/activacostablanca.com\/fr\/evenement-culinaire\/fira-calp-celebre-son-dixieme-anniversaire\/","name":"FIRA CALP C\u00c9L\u00c8BRE SON DIXI\u00c8ME ANNIVERSAIRE - Activa Costa Blanca","isPartOf":{"@id":"https:\/\/activacostablanca.com\/#website"},"primaryImageOfPage":{"@id":"https:\/\/activacostablanca.com\/fr\/evenement-culinaire\/fira-calp-celebre-son-dixieme-anniversaire\/#primaryimage"},"image":{"@id":"https:\/\/activacostablanca.com\/fr\/evenement-culinaire\/fira-calp-celebre-son-dixieme-anniversaire\/#primaryimage"},"thumbnailUrl":"https:\/\/activacostablanca.com\/wp-content\/uploads\/2019\/05\/imagen2891d.jpg","datePublished":"2018-05-22T00:00:00+00:00","dateModified":"2019-05-17T10:21:46+00:00","breadcrumb":{"@id":"https:\/\/activacostablanca.com\/fr\/evenement-culinaire\/fira-calp-celebre-son-dixieme-anniversaire\/#breadcrumb"},"inLanguage":"fr-FR","potentialAction":[{"@type":"ReadAction","target":["https:\/\/activacostablanca.com\/fr\/evenement-culinaire\/fira-calp-celebre-son-dixieme-anniversaire\/"]}]},{"@type":"ImageObject","inLanguage":"fr-FR","@id":"https:\/\/activacostablanca.com\/fr\/evenement-culinaire\/fira-calp-celebre-son-dixieme-anniversaire\/#primaryimage","url":"https:\/\/activacostablanca.com\/wp-content\/uploads\/2019\/05\/imagen2891d.jpg","contentUrl":"https:\/\/activacostablanca.com\/wp-content\/uploads\/2019\/05\/imagen2891d.jpg","width":540,"height":540},{"@type":"BreadcrumbList","@id":"https:\/\/activacostablanca.com\/fr\/evenement-culinaire\/fira-calp-celebre-son-dixieme-anniversaire\/#breadcrumb","itemListElement":[{"@type":"ListItem","position":1,"name":"Portada","item":"https:\/\/activacostablanca.com\/fr\/"},{"@type":"ListItem","position":2,"name":"FIRA CALP C\u00c9L\u00c8BRE SON DIXI\u00c8ME ANNIVERSAIRE"}]},{"@type":"WebSite","@id":"https:\/\/activacostablanca.com\/#website","url":"https:\/\/activacostablanca.com\/","name":"Activa Costa Blanca","description":"Activit\u00e9s et excursions sur la Costa Blanca","publisher":{"@id":"https:\/\/activacostablanca.com\/#organization"},"potentialAction":[{"@type":"SearchAction","target":{"@type":"EntryPoint","urlTemplate":"https:\/\/activacostablanca.com\/?s={search_term_string}"},"query-input":{"@type":"PropertyValueSpecification","valueRequired":true,"valueName":"search_term_string"}}],"inLanguage":"fr-FR"},{"@type":"Organization","@id":"https:\/\/activacostablanca.com\/#organization","name":"Activa Costa Blanca","url":"https:\/\/activacostablanca.com\/","logo":{"@type":"ImageObject","inLanguage":"fr-FR","@id":"https:\/\/activacostablanca.com\/#\/schema\/logo\/image\/","url":"https:\/\/activacostablanca.com\/wp-content\/uploads\/2019\/04\/weblogo.png","contentUrl":"https:\/\/activacostablanca.com\/wp-content\/uploads\/2019\/04\/weblogo.png","width":177,"height":46,"caption":"Activa Costa Blanca"},"image":{"@id":"https:\/\/activacostablanca.com\/#\/schema\/logo\/image\/"}},{"@type":"Person","@id":"https:\/\/activacostablanca.com\/#\/schema\/person\/d48fc026c61c0eb79e3b0ade7ab35e79","name":"Activa Costablanca","image":{"@type":"ImageObject","inLanguage":"fr-FR","@id":"https:\/\/activacostablanca.com\/#\/schema\/person\/image\/","url":"https:\/\/secure.gravatar.com\/avatar\/657de7470d8657c20722b4ee0e1d8f7106ae39ef32e2297fb70099296a80867a?s=96&d=mm&r=g","contentUrl":"https:\/\/secure.gravatar.com\/avatar\/657de7470d8657c20722b4ee0e1d8f7106ae39ef32e2297fb70099296a80867a?s=96&d=mm&r=g","caption":"Activa Costablanca"}}]}},"_links":{"self":[{"href":"https:\/\/activacostablanca.com\/fr\/wp-json\/wp\/v2\/posts\/11828","targetHints":{"allow":["GET"]}}],"collection":[{"href":"https:\/\/activacostablanca.com\/fr\/wp-json\/wp\/v2\/posts"}],"about":[{"href":"https:\/\/activacostablanca.com\/fr\/wp-json\/wp\/v2\/types\/post"}],"author":[{"embeddable":true,"href":"https:\/\/activacostablanca.com\/fr\/wp-json\/wp\/v2\/users\/2"}],"replies":[{"embeddable":true,"href":"https:\/\/activacostablanca.com\/fr\/wp-json\/wp\/v2\/comments?post=11828"}],"version-history":[{"count":1,"href":"https:\/\/activacostablanca.com\/fr\/wp-json\/wp\/v2\/posts\/11828\/revisions"}],"predecessor-version":[{"id":12056,"href":"https:\/\/activacostablanca.com\/fr\/wp-json\/wp\/v2\/posts\/11828\/revisions\/12056"}],"wp:featuredmedia":[{"embeddable":true,"href":"https:\/\/activacostablanca.com\/fr\/wp-json\/wp\/v2\/media\/10520"}],"wp:attachment":[{"href":"https:\/\/activacostablanca.com\/fr\/wp-json\/wp\/v2\/media?parent=11828"}],"wp:term":[{"taxonomy":"category","embeddable":true,"href":"https:\/\/activacostablanca.com\/fr\/wp-json\/wp\/v2\/categories?post=11828"},{"taxonomy":"post_tag","embeddable":true,"href":"https:\/\/activacostablanca.com\/fr\/wp-json\/wp\/v2\/tags?post=11828"}],"curies":[{"name":"wp","href":"https:\/\/api.w.org\/{rel}","templated":true}]}}