{"id":11817,"date":"2016-12-06T00:00:00","date_gmt":"2016-12-06T00:00:00","guid":{"rendered":"http:\/\/dev.activacostablanca.com\/non-classifiee\/la-vieille-ville-de-calp-se-deguise-en-noel\/"},"modified":"2019-05-17T10:21:46","modified_gmt":"2019-05-17T10:21:46","slug":"la-vieille-ville-de-calp-se-deguise-en-noel","status":"publish","type":"post","link":"https:\/\/activacostablanca.com\/fr\/evenements\/la-vieille-ville-de-calp-se-deguise-en-noel\/","title":{"rendered":"LA VIEILLE VILLE DE CALP SE DEGUISE EN NO\u00cbL"},"content":{"rendered":"<div id=\"region-content\" class=\"grid-16 region region-content\"><\/div>\n<aside id=\"region-sidebar-second\" class=\"grid-8 region region-sidebar-second\">\n<div class=\"region-inner region-sidebar-second-inner\">\n<div id=\"block-block-65\" class=\"block block-block\">\n<div class=\"block-title\">\n<div class=\"separator\">\n<p class=\"rtejustify\">Du 8 \u00e0 l\u201911 d\u00e9cembre la vieille ville de Calp offre pour la quatri\u00e8me ann\u00e9e cons\u00e9cutive la Foire de No\u00ebl, un \u00e9v\u00e9nement qui est n\u00e9 avec l&rsquo;intention de revitaliser la partie la plus ancienne de la ville et, peu \u00e0 peu est devenu le point de r\u00e9union des citoyens dans une foire participative o\u00f9 les entreprises et les associations locales sont impliqu\u00e9es et qui est compl\u00e9t\u00e9e par l&rsquo;organisation d\u2019activit\u00e9s de loisirs et des ambiances de No\u00ebl.<\/p>\n<p class=\"rtejustify\">\n<p class=\"rtejustify\">Pendant quelques jours, le quartier historique de Calp se transforme, les rues deviennent un march\u00e9 de No\u00ebl qui vous invite \u00e0 vous promener pour d\u00e9couvrir des coins charmants. La rue Mayor accueille le Coin Gourmet pour surprendre tous les palais. La place Beato Francisco Sendra sera occup\u00e9e par une ferme qui fera les plaisirs des plus petits. Tout pour recr\u00e9er une atmosph\u00e8re unique et accueillante.<\/p>\n<p class=\"rtejustify\">\n<p class=\"rtejustify\">En outre, il y aura aussi des spectacles culturels, de la musique et l\u2019animation, des ateliers et des jeux gonflables pour les enfants, tombolas et la maison de P\u00e8re No\u00ebl o\u00f9 les enfants peuvent d\u00e9poser leurs lettres.<\/p>\n<p class=\"rtejustify\">\n<p class=\"rtejustify\">Cette ann\u00e9e est organis\u00e9e la II Route de Cr\u00e8ches o\u00f9 on pourra visiter les cr\u00e8ches qui participent au II Concours de Cr\u00e8ches organis\u00e9 par le D\u00e9partement municipal de la Culture en collaboration avec l&rsquo;Association des Cr\u00e8ches de Calpe. Les participants pr\u00e9senteront leurs cr\u00e8ches sur une route qui comprendra les points suivants : Mus\u00e9e de l&rsquo;Histoire de Calp et la Salle d&rsquo;expositions de l\u2019Ajuntament Vell.<\/p>\n<p class=\"rtejustify\">\n<p class=\"rtejustify\">Cet \u00e9v\u00e9nement implique la participation non seulement des entrepreneurs et des commer\u00e7ants locaux, par le biais d\u2019AEMCO et Sabor a Calp, mais aussi de divers groupes et associations de Calp. En effet, des groupes et des spectacles sont \u00a0pr\u00e9vus tels que la Xaranga La Xarlot\u00e0, Salsa en Calpe, Casa de Andaluc\u00eda, Clau de Fa, Club de Gimnasia de Calpe, Footlights, Club de Gimnasia Les Marines, Grup La Mar, Coral Ifach de Calpe, La Rondalla de Calp, Costa Blanca Anglican Chaplaincy, Marcia\u00b4s Dance Center, Xirimiters del Carellot, FODAP, Capoeira Ra\u00e7a et Coral U3A.<\/p>\n<p class=\"rtejustify\">\n<p class=\"rtejustify\">La Foire devient l&rsquo;occasion de rencontre et de coexistence des r\u00e9sidents et visiteurs de Calp dans le cadre du centre historique, une occasion unique de profiter d&rsquo;une ambiance de No\u00ebl \u00e0 Calp.<\/p>\n<p>&nbsp;<\/p>\n<\/div>\n<\/div>\n<div class=\"content\">\n<p>&nbsp;<\/p>\n<div id=\"mc_embed_signup\">\n<form id=\"mc-embedded-subscribe-form\" class=\"validate\" action=\"http:\/\/calp.us9.list-manage.com\/subscribe\/post?u=892c2762f119e7c41c9378cad&amp;id=a44af9a04f\" method=\"post\" name=\"mc-embedded-subscribe-form\" novalidate=\"\" target=\"_blank\">\n<div id=\"mc_embed_signup_scroll\"><\/div>\n<\/form>\n<\/div>\n<\/div>\n<\/div>\n<div id=\"block-block-32\" class=\"block block-block\"><\/div>\n<\/div>\n<\/aside>\n","protected":false},"excerpt":{"rendered":"<p>Du 8 \u00e0 l\u201911 d\u00e9cembre la vieille ville de Calp offre pour la quatri\u00e8me ann\u00e9e cons\u00e9cutive la Foire de No\u00ebl, un \u00e9v\u00e9nement qui est n\u00e9 avec l&rsquo;intention de revitaliser la partie la plus ancienne de la ville et, peu \u00e0 peu est devenu le point de r\u00e9union des citoyens dans une foire participative o\u00f9 les [&hellip;]<\/p>\n","protected":false},"author":2,"featured_media":10341,"comment_status":"closed","ping_status":"closed","sticky":false,"template":"","format":"standard","meta":{"_exactmetrics_skip_tracking":false,"_exactmetrics_sitenote_active":false,"_exactmetrics_sitenote_note":"","_exactmetrics_sitenote_category":0,"footnotes":""},"categories":[3224],"tags":[3237],"class_list":["post-11817","post","type-post","status-publish","format-standard","has-post-thumbnail","hentry","category-evenements","tag-la-vieille-ville-de-calp-se-deguise-en-noelle-quartier-historique-de-calpun-marche-de-noel"],"yoast_head":"<!-- This site is optimized with the Yoast SEO plugin v25.0 - https:\/\/yoast.com\/wordpress\/plugins\/seo\/ -->\n<title>LA VIEILLE VILLE DE CALP SE DEGUISE EN NO\u00cbL - Activa Costa Blanca<\/title>\n<meta name=\"robots\" content=\"index, follow, max-snippet:-1, max-image-preview:large, max-video-preview:-1\" \/>\n<link rel=\"canonical\" href=\"https:\/\/activacostablanca.com\/fr\/evenements\/la-vieille-ville-de-calp-se-deguise-en-noel\/\" \/>\n<meta property=\"og:locale\" content=\"fr_FR\" \/>\n<meta property=\"og:type\" content=\"article\" \/>\n<meta property=\"og:title\" content=\"LA VIEILLE VILLE DE CALP SE DEGUISE EN NO\u00cbL - Activa Costa Blanca\" \/>\n<meta property=\"og:description\" content=\"Du 8 \u00e0 l\u201911 d\u00e9cembre la vieille ville de Calp offre pour la quatri\u00e8me ann\u00e9e cons\u00e9cutive la Foire de No\u00ebl, un \u00e9v\u00e9nement qui est n\u00e9 avec l&rsquo;intention de revitaliser la partie la plus ancienne de la ville et, peu \u00e0 peu est devenu le point de r\u00e9union des citoyens dans une foire participative o\u00f9 les [&hellip;]\" \/>\n<meta property=\"og:url\" content=\"https:\/\/activacostablanca.com\/fr\/evenements\/la-vieille-ville-de-calp-se-deguise-en-noel\/\" \/>\n<meta property=\"og:site_name\" content=\"Activa Costa Blanca\" \/>\n<meta property=\"article:published_time\" content=\"2016-12-06T00:00:00+00:00\" \/>\n<meta property=\"article:modified_time\" content=\"2019-05-17T10:21:46+00:00\" \/>\n<meta property=\"og:image\" content=\"https:\/\/activacostablanca.com\/wp-content\/uploads\/2019\/05\/diptico-feria-navidad.png\" \/>\n\t<meta property=\"og:image:width\" content=\"480\" \/>\n\t<meta property=\"og:image:height\" content=\"340\" \/>\n\t<meta property=\"og:image:type\" content=\"image\/png\" \/>\n<meta name=\"author\" content=\"Activa Costablanca\" \/>\n<meta name=\"twitter:card\" content=\"summary_large_image\" \/>\n<meta name=\"twitter:label1\" content=\"\u00c9crit par\" \/>\n\t<meta name=\"twitter:data1\" content=\"Activa Costablanca\" \/>\n\t<meta name=\"twitter:label2\" content=\"Dur\u00e9e de lecture estim\u00e9e\" \/>\n\t<meta name=\"twitter:data2\" content=\"2 minutes\" \/>\n<script type=\"application\/ld+json\" class=\"yoast-schema-graph\">{\"@context\":\"https:\/\/schema.org\",\"@graph\":[{\"@type\":\"Article\",\"@id\":\"https:\/\/activacostablanca.com\/fr\/evenements\/la-vieille-ville-de-calp-se-deguise-en-noel\/#article\",\"isPartOf\":{\"@id\":\"https:\/\/activacostablanca.com\/fr\/evenements\/la-vieille-ville-de-calp-se-deguise-en-noel\/\"},\"author\":{\"name\":\"Activa Costablanca\",\"@id\":\"https:\/\/activacostablanca.com\/#\/schema\/person\/d48fc026c61c0eb79e3b0ade7ab35e79\"},\"headline\":\"LA VIEILLE VILLE DE CALP SE DEGUISE EN NO\u00cbL\",\"datePublished\":\"2016-12-06T00:00:00+00:00\",\"dateModified\":\"2019-05-17T10:21:46+00:00\",\"mainEntityOfPage\":{\"@id\":\"https:\/\/activacostablanca.com\/fr\/evenements\/la-vieille-ville-de-calp-se-deguise-en-noel\/\"},\"wordCount\":415,\"publisher\":{\"@id\":\"https:\/\/activacostablanca.com\/#organization\"},\"image\":{\"@id\":\"https:\/\/activacostablanca.com\/fr\/evenements\/la-vieille-ville-de-calp-se-deguise-en-noel\/#primaryimage\"},\"thumbnailUrl\":\"https:\/\/activacostablanca.com\/wp-content\/uploads\/2019\/05\/diptico-feria-navidad.png\",\"keywords\":[\"LA VIEILLE VILLE DE CALP SE DEGUISE EN NO\u00cbL|le quartier historique de Calp|un march\u00e9 de No\u00ebl\"],\"articleSection\":[\"\u00c9v\u00e9nements\"],\"inLanguage\":\"fr-FR\"},{\"@type\":\"WebPage\",\"@id\":\"https:\/\/activacostablanca.com\/fr\/evenements\/la-vieille-ville-de-calp-se-deguise-en-noel\/\",\"url\":\"https:\/\/activacostablanca.com\/fr\/evenements\/la-vieille-ville-de-calp-se-deguise-en-noel\/\",\"name\":\"LA VIEILLE VILLE DE CALP SE DEGUISE EN NO\u00cbL - Activa Costa Blanca\",\"isPartOf\":{\"@id\":\"https:\/\/activacostablanca.com\/#website\"},\"primaryImageOfPage\":{\"@id\":\"https:\/\/activacostablanca.com\/fr\/evenements\/la-vieille-ville-de-calp-se-deguise-en-noel\/#primaryimage\"},\"image\":{\"@id\":\"https:\/\/activacostablanca.com\/fr\/evenements\/la-vieille-ville-de-calp-se-deguise-en-noel\/#primaryimage\"},\"thumbnailUrl\":\"https:\/\/activacostablanca.com\/wp-content\/uploads\/2019\/05\/diptico-feria-navidad.png\",\"datePublished\":\"2016-12-06T00:00:00+00:00\",\"dateModified\":\"2019-05-17T10:21:46+00:00\",\"breadcrumb\":{\"@id\":\"https:\/\/activacostablanca.com\/fr\/evenements\/la-vieille-ville-de-calp-se-deguise-en-noel\/#breadcrumb\"},\"inLanguage\":\"fr-FR\",\"potentialAction\":[{\"@type\":\"ReadAction\",\"target\":[\"https:\/\/activacostablanca.com\/fr\/evenements\/la-vieille-ville-de-calp-se-deguise-en-noel\/\"]}]},{\"@type\":\"ImageObject\",\"inLanguage\":\"fr-FR\",\"@id\":\"https:\/\/activacostablanca.com\/fr\/evenements\/la-vieille-ville-de-calp-se-deguise-en-noel\/#primaryimage\",\"url\":\"https:\/\/activacostablanca.com\/wp-content\/uploads\/2019\/05\/diptico-feria-navidad.png\",\"contentUrl\":\"https:\/\/activacostablanca.com\/wp-content\/uploads\/2019\/05\/diptico-feria-navidad.png\",\"width\":480,\"height\":340},{\"@type\":\"BreadcrumbList\",\"@id\":\"https:\/\/activacostablanca.com\/fr\/evenements\/la-vieille-ville-de-calp-se-deguise-en-noel\/#breadcrumb\",\"itemListElement\":[{\"@type\":\"ListItem\",\"position\":1,\"name\":\"Portada\",\"item\":\"https:\/\/activacostablanca.com\/fr\/\"},{\"@type\":\"ListItem\",\"position\":2,\"name\":\"LA VIEILLE VILLE DE CALP SE DEGUISE EN NO\u00cbL\"}]},{\"@type\":\"WebSite\",\"@id\":\"https:\/\/activacostablanca.com\/#website\",\"url\":\"https:\/\/activacostablanca.com\/\",\"name\":\"Activa Costa Blanca\",\"description\":\"Activit\u00e9s et excursions sur la Costa Blanca\",\"publisher\":{\"@id\":\"https:\/\/activacostablanca.com\/#organization\"},\"potentialAction\":[{\"@type\":\"SearchAction\",\"target\":{\"@type\":\"EntryPoint\",\"urlTemplate\":\"https:\/\/activacostablanca.com\/?s={search_term_string}\"},\"query-input\":{\"@type\":\"PropertyValueSpecification\",\"valueRequired\":true,\"valueName\":\"search_term_string\"}}],\"inLanguage\":\"fr-FR\"},{\"@type\":\"Organization\",\"@id\":\"https:\/\/activacostablanca.com\/#organization\",\"name\":\"Activa Costa Blanca\",\"url\":\"https:\/\/activacostablanca.com\/\",\"logo\":{\"@type\":\"ImageObject\",\"inLanguage\":\"fr-FR\",\"@id\":\"https:\/\/activacostablanca.com\/#\/schema\/logo\/image\/\",\"url\":\"https:\/\/activacostablanca.com\/wp-content\/uploads\/2019\/04\/weblogo.png\",\"contentUrl\":\"https:\/\/activacostablanca.com\/wp-content\/uploads\/2019\/04\/weblogo.png\",\"width\":177,\"height\":46,\"caption\":\"Activa Costa Blanca\"},\"image\":{\"@id\":\"https:\/\/activacostablanca.com\/#\/schema\/logo\/image\/\"}},{\"@type\":\"Person\",\"@id\":\"https:\/\/activacostablanca.com\/#\/schema\/person\/d48fc026c61c0eb79e3b0ade7ab35e79\",\"name\":\"Activa Costablanca\",\"image\":{\"@type\":\"ImageObject\",\"inLanguage\":\"fr-FR\",\"@id\":\"https:\/\/activacostablanca.com\/#\/schema\/person\/image\/\",\"url\":\"https:\/\/secure.gravatar.com\/avatar\/657de7470d8657c20722b4ee0e1d8f7106ae39ef32e2297fb70099296a80867a?s=96&d=mm&r=g\",\"contentUrl\":\"https:\/\/secure.gravatar.com\/avatar\/657de7470d8657c20722b4ee0e1d8f7106ae39ef32e2297fb70099296a80867a?s=96&d=mm&r=g\",\"caption\":\"Activa Costablanca\"}}]}<\/script>\n<!-- \/ Yoast SEO plugin. -->","yoast_head_json":{"title":"LA VIEILLE VILLE DE CALP SE DEGUISE EN NO\u00cbL - Activa Costa Blanca","robots":{"index":"index","follow":"follow","max-snippet":"max-snippet:-1","max-image-preview":"max-image-preview:large","max-video-preview":"max-video-preview:-1"},"canonical":"https:\/\/activacostablanca.com\/fr\/evenements\/la-vieille-ville-de-calp-se-deguise-en-noel\/","og_locale":"fr_FR","og_type":"article","og_title":"LA VIEILLE VILLE DE CALP SE DEGUISE EN NO\u00cbL - Activa Costa Blanca","og_description":"Du 8 \u00e0 l\u201911 d\u00e9cembre la vieille ville de Calp offre pour la quatri\u00e8me ann\u00e9e cons\u00e9cutive la Foire de No\u00ebl, un \u00e9v\u00e9nement qui est n\u00e9 avec l&rsquo;intention de revitaliser la partie la plus ancienne de la ville et, peu \u00e0 peu est devenu le point de r\u00e9union des citoyens dans une foire participative o\u00f9 les [&hellip;]","og_url":"https:\/\/activacostablanca.com\/fr\/evenements\/la-vieille-ville-de-calp-se-deguise-en-noel\/","og_site_name":"Activa Costa Blanca","article_published_time":"2016-12-06T00:00:00+00:00","article_modified_time":"2019-05-17T10:21:46+00:00","og_image":[{"width":480,"height":340,"url":"https:\/\/activacostablanca.com\/wp-content\/uploads\/2019\/05\/diptico-feria-navidad.png","type":"image\/png"}],"author":"Activa Costablanca","twitter_card":"summary_large_image","twitter_misc":{"\u00c9crit par":"Activa Costablanca","Dur\u00e9e de lecture estim\u00e9e":"2 minutes"},"schema":{"@context":"https:\/\/schema.org","@graph":[{"@type":"Article","@id":"https:\/\/activacostablanca.com\/fr\/evenements\/la-vieille-ville-de-calp-se-deguise-en-noel\/#article","isPartOf":{"@id":"https:\/\/activacostablanca.com\/fr\/evenements\/la-vieille-ville-de-calp-se-deguise-en-noel\/"},"author":{"name":"Activa Costablanca","@id":"https:\/\/activacostablanca.com\/#\/schema\/person\/d48fc026c61c0eb79e3b0ade7ab35e79"},"headline":"LA VIEILLE VILLE DE CALP SE DEGUISE EN NO\u00cbL","datePublished":"2016-12-06T00:00:00+00:00","dateModified":"2019-05-17T10:21:46+00:00","mainEntityOfPage":{"@id":"https:\/\/activacostablanca.com\/fr\/evenements\/la-vieille-ville-de-calp-se-deguise-en-noel\/"},"wordCount":415,"publisher":{"@id":"https:\/\/activacostablanca.com\/#organization"},"image":{"@id":"https:\/\/activacostablanca.com\/fr\/evenements\/la-vieille-ville-de-calp-se-deguise-en-noel\/#primaryimage"},"thumbnailUrl":"https:\/\/activacostablanca.com\/wp-content\/uploads\/2019\/05\/diptico-feria-navidad.png","keywords":["LA VIEILLE VILLE DE CALP SE DEGUISE EN NO\u00cbL|le quartier historique de Calp|un march\u00e9 de No\u00ebl"],"articleSection":["\u00c9v\u00e9nements"],"inLanguage":"fr-FR"},{"@type":"WebPage","@id":"https:\/\/activacostablanca.com\/fr\/evenements\/la-vieille-ville-de-calp-se-deguise-en-noel\/","url":"https:\/\/activacostablanca.com\/fr\/evenements\/la-vieille-ville-de-calp-se-deguise-en-noel\/","name":"LA VIEILLE VILLE DE CALP SE DEGUISE EN NO\u00cbL - Activa Costa Blanca","isPartOf":{"@id":"https:\/\/activacostablanca.com\/#website"},"primaryImageOfPage":{"@id":"https:\/\/activacostablanca.com\/fr\/evenements\/la-vieille-ville-de-calp-se-deguise-en-noel\/#primaryimage"},"image":{"@id":"https:\/\/activacostablanca.com\/fr\/evenements\/la-vieille-ville-de-calp-se-deguise-en-noel\/#primaryimage"},"thumbnailUrl":"https:\/\/activacostablanca.com\/wp-content\/uploads\/2019\/05\/diptico-feria-navidad.png","datePublished":"2016-12-06T00:00:00+00:00","dateModified":"2019-05-17T10:21:46+00:00","breadcrumb":{"@id":"https:\/\/activacostablanca.com\/fr\/evenements\/la-vieille-ville-de-calp-se-deguise-en-noel\/#breadcrumb"},"inLanguage":"fr-FR","potentialAction":[{"@type":"ReadAction","target":["https:\/\/activacostablanca.com\/fr\/evenements\/la-vieille-ville-de-calp-se-deguise-en-noel\/"]}]},{"@type":"ImageObject","inLanguage":"fr-FR","@id":"https:\/\/activacostablanca.com\/fr\/evenements\/la-vieille-ville-de-calp-se-deguise-en-noel\/#primaryimage","url":"https:\/\/activacostablanca.com\/wp-content\/uploads\/2019\/05\/diptico-feria-navidad.png","contentUrl":"https:\/\/activacostablanca.com\/wp-content\/uploads\/2019\/05\/diptico-feria-navidad.png","width":480,"height":340},{"@type":"BreadcrumbList","@id":"https:\/\/activacostablanca.com\/fr\/evenements\/la-vieille-ville-de-calp-se-deguise-en-noel\/#breadcrumb","itemListElement":[{"@type":"ListItem","position":1,"name":"Portada","item":"https:\/\/activacostablanca.com\/fr\/"},{"@type":"ListItem","position":2,"name":"LA VIEILLE VILLE DE CALP SE DEGUISE EN NO\u00cbL"}]},{"@type":"WebSite","@id":"https:\/\/activacostablanca.com\/#website","url":"https:\/\/activacostablanca.com\/","name":"Activa Costa Blanca","description":"Activit\u00e9s et excursions sur la Costa Blanca","publisher":{"@id":"https:\/\/activacostablanca.com\/#organization"},"potentialAction":[{"@type":"SearchAction","target":{"@type":"EntryPoint","urlTemplate":"https:\/\/activacostablanca.com\/?s={search_term_string}"},"query-input":{"@type":"PropertyValueSpecification","valueRequired":true,"valueName":"search_term_string"}}],"inLanguage":"fr-FR"},{"@type":"Organization","@id":"https:\/\/activacostablanca.com\/#organization","name":"Activa Costa Blanca","url":"https:\/\/activacostablanca.com\/","logo":{"@type":"ImageObject","inLanguage":"fr-FR","@id":"https:\/\/activacostablanca.com\/#\/schema\/logo\/image\/","url":"https:\/\/activacostablanca.com\/wp-content\/uploads\/2019\/04\/weblogo.png","contentUrl":"https:\/\/activacostablanca.com\/wp-content\/uploads\/2019\/04\/weblogo.png","width":177,"height":46,"caption":"Activa Costa Blanca"},"image":{"@id":"https:\/\/activacostablanca.com\/#\/schema\/logo\/image\/"}},{"@type":"Person","@id":"https:\/\/activacostablanca.com\/#\/schema\/person\/d48fc026c61c0eb79e3b0ade7ab35e79","name":"Activa Costablanca","image":{"@type":"ImageObject","inLanguage":"fr-FR","@id":"https:\/\/activacostablanca.com\/#\/schema\/person\/image\/","url":"https:\/\/secure.gravatar.com\/avatar\/657de7470d8657c20722b4ee0e1d8f7106ae39ef32e2297fb70099296a80867a?s=96&d=mm&r=g","contentUrl":"https:\/\/secure.gravatar.com\/avatar\/657de7470d8657c20722b4ee0e1d8f7106ae39ef32e2297fb70099296a80867a?s=96&d=mm&r=g","caption":"Activa Costablanca"}}]}},"_links":{"self":[{"href":"https:\/\/activacostablanca.com\/fr\/wp-json\/wp\/v2\/posts\/11817","targetHints":{"allow":["GET"]}}],"collection":[{"href":"https:\/\/activacostablanca.com\/fr\/wp-json\/wp\/v2\/posts"}],"about":[{"href":"https:\/\/activacostablanca.com\/fr\/wp-json\/wp\/v2\/types\/post"}],"author":[{"embeddable":true,"href":"https:\/\/activacostablanca.com\/fr\/wp-json\/wp\/v2\/users\/2"}],"replies":[{"embeddable":true,"href":"https:\/\/activacostablanca.com\/fr\/wp-json\/wp\/v2\/comments?post=11817"}],"version-history":[{"count":1,"href":"https:\/\/activacostablanca.com\/fr\/wp-json\/wp\/v2\/posts\/11817\/revisions"}],"predecessor-version":[{"id":12067,"href":"https:\/\/activacostablanca.com\/fr\/wp-json\/wp\/v2\/posts\/11817\/revisions\/12067"}],"wp:featuredmedia":[{"embeddable":true,"href":"https:\/\/activacostablanca.com\/fr\/wp-json\/wp\/v2\/media\/10341"}],"wp:attachment":[{"href":"https:\/\/activacostablanca.com\/fr\/wp-json\/wp\/v2\/media?parent=11817"}],"wp:term":[{"taxonomy":"category","embeddable":true,"href":"https:\/\/activacostablanca.com\/fr\/wp-json\/wp\/v2\/categories?post=11817"},{"taxonomy":"post_tag","embeddable":true,"href":"https:\/\/activacostablanca.com\/fr\/wp-json\/wp\/v2\/tags?post=11817"}],"curies":[{"name":"wp","href":"https:\/\/api.w.org\/{rel}","templated":true}]}}