{"id":11807,"date":"2016-02-08T00:00:00","date_gmt":"2016-02-08T00:00:00","guid":{"rendered":"http:\/\/dev.activacostablanca.com\/non-classifiee\/randonee-a-la-sierra-de-olta-en-calpe\/"},"modified":"2019-05-17T10:21:47","modified_gmt":"2019-05-17T10:21:47","slug":"randonee-a-la-sierra-de-olta-en-calpe","status":"publish","type":"post","link":"https:\/\/activacostablanca.com\/fr\/non-classifiee\/randonee-a-la-sierra-de-olta-en-calpe\/","title":{"rendered":"Randon\u00e9e a la Sierra de Olt\u00e1 en Calpe"},"content":{"rendered":"<p>Un parcours \u00e0 travers la Sierra de Olta, sentier balis\u00e9 PR court CV 340. Nous sommes pass\u00e9s de la estation de tram Calpe &#8230;<br \/>\nLe parcours commence au camping, situ\u00e9 au pied de cette montagne. Cette route est clairement marqu\u00e9e, avec diff\u00e9rentes possibilit\u00e9s de Voyage.<br \/>\nAu d\u00e9but de la route, on trouve deux fontaines et un r\u00e9servoir d&rsquo;eau, un peu plus tard nous sommes arriv\u00e9s \u00e0 la chapelle de la vall\u00e9e, un endroit avec une belle vue. Nous continuons le long d&rsquo;une piste jusqu&rsquo;\u00e0 ce que vous atteigniez un virage \u00e0 gauche, prenez un petit chemin qui commence \u00e0 monter une pente raide, pour atteindre une sorte de antiplanicie.<br \/>\nAtteindre le sommet de Olt\u00e1 continue, \u00e0 partir d&rsquo;ici, nous pouvons voir la Sierra de Bernia, impressionne quand vous voyez rodedada par les nuages \u200b\u200bsur ses sommets. Le sol est calcaire, avec de nombreux trous, il faut \u00eatre un peu prudent dans la bande de roulement. Nous revenons sur nos pas pour descendre par la La Pou de la Mola, une vall\u00e9e qui m\u00e8ne \u00e0 une piste, qui nous fait faire le tour de la montagne sur le c\u00f4t\u00e9 nord.<br \/>\nAvant de revenir sur le terrain de camping, nous avons un autre petit rebord plus d&rsquo;un kilom\u00e8tre piste jusqu&rsquo;au Pas de la Canal, et de l\u00e0 sur une pente raide, il faut \u00eatre un peu prudent, mais pas tr\u00e8s dificil&#8230; Un parcours facile, avec une vue incroyable .. !!! Le pe\u00f1on de Ifach, la sierra de Bernia, la mer mediterran\u00e9e, le ciel bleu de l&rsquo;Espagne&#8230;<\/p>\n","protected":false},"excerpt":{"rendered":"<p>Un parcours \u00e0 travers la Sierra de Olta, sentier balis\u00e9 PR court CV 340. Nous sommes pass\u00e9s de la estation de tram Calpe &#8230; Le parcours commence au camping, situ\u00e9 au pied de cette montagne. Cette route est clairement marqu\u00e9e, avec diff\u00e9rentes possibilit\u00e9s de Voyage. Au d\u00e9but de la route, on trouve deux fontaines et [&hellip;]<\/p>\n","protected":false},"author":2,"featured_media":10094,"comment_status":"closed","ping_status":"closed","sticky":false,"template":"","format":"standard","meta":{"_exactmetrics_skip_tracking":false,"_exactmetrics_sitenote_active":false,"_exactmetrics_sitenote_note":"","_exactmetrics_sitenote_category":0,"footnotes":""},"categories":[],"tags":[3229],"class_list":["post-11807","post","type-post","status-publish","format-standard","has-post-thumbnail","hentry","tag-calpeestacion-de-tram-calpeestacion-tram-calpele-penon-de-ifachmer-mediterraneepenon-de-ifachsierra-de-berniasierra-olta"],"yoast_head":"<!-- This site is optimized with the Yoast SEO plugin v25.0 - https:\/\/yoast.com\/wordpress\/plugins\/seo\/ -->\n<title>Randon\u00e9e a la Sierra de Olt\u00e1 en Calpe - Activa Costa Blanca<\/title>\n<meta name=\"robots\" content=\"index, follow, max-snippet:-1, max-image-preview:large, max-video-preview:-1\" \/>\n<link rel=\"canonical\" href=\"https:\/\/activacostablanca.com\/fr\/non-classifiee\/randonee-a-la-sierra-de-olta-en-calpe\/\" \/>\n<meta property=\"og:locale\" content=\"fr_FR\" \/>\n<meta property=\"og:type\" content=\"article\" \/>\n<meta property=\"og:title\" content=\"Randon\u00e9e a la Sierra de Olt\u00e1 en Calpe - Activa Costa Blanca\" \/>\n<meta property=\"og:description\" content=\"Un parcours \u00e0 travers la Sierra de Olta, sentier balis\u00e9 PR court CV 340. Nous sommes pass\u00e9s de la estation de tram Calpe &#8230; Le parcours commence au camping, situ\u00e9 au pied de cette montagne. Cette route est clairement marqu\u00e9e, avec diff\u00e9rentes possibilit\u00e9s de Voyage. Au d\u00e9but de la route, on trouve deux fontaines et [&hellip;]\" \/>\n<meta property=\"og:url\" content=\"https:\/\/activacostablanca.com\/fr\/non-classifiee\/randonee-a-la-sierra-de-olta-en-calpe\/\" \/>\n<meta property=\"og:site_name\" content=\"Activa Costa Blanca\" \/>\n<meta property=\"article:published_time\" content=\"2016-02-08T00:00:00+00:00\" \/>\n<meta property=\"article:modified_time\" content=\"2019-05-17T10:21:47+00:00\" \/>\n<meta property=\"og:image\" content=\"https:\/\/activacostablanca.com\/wp-content\/uploads\/2019\/05\/olta.jpg\" \/>\n\t<meta property=\"og:image:width\" content=\"720\" \/>\n\t<meta property=\"og:image:height\" content=\"328\" \/>\n\t<meta property=\"og:image:type\" content=\"image\/jpeg\" \/>\n<meta name=\"author\" content=\"Activa Costablanca\" \/>\n<meta name=\"twitter:card\" content=\"summary_large_image\" \/>\n<meta name=\"twitter:label1\" content=\"\u00c9crit par\" \/>\n\t<meta name=\"twitter:data1\" content=\"Activa Costablanca\" \/>\n\t<meta name=\"twitter:label2\" content=\"Dur\u00e9e de lecture estim\u00e9e\" \/>\n\t<meta name=\"twitter:data2\" content=\"1 minute\" \/>\n<script type=\"application\/ld+json\" class=\"yoast-schema-graph\">{\"@context\":\"https:\/\/schema.org\",\"@graph\":[{\"@type\":\"Article\",\"@id\":\"https:\/\/activacostablanca.com\/fr\/non-classifiee\/randonee-a-la-sierra-de-olta-en-calpe\/#article\",\"isPartOf\":{\"@id\":\"https:\/\/activacostablanca.com\/fr\/non-classifiee\/randonee-a-la-sierra-de-olta-en-calpe\/\"},\"author\":{\"name\":\"Activa Costablanca\",\"@id\":\"https:\/\/activacostablanca.com\/#\/schema\/person\/d48fc026c61c0eb79e3b0ade7ab35e79\"},\"headline\":\"Randon\u00e9e a la Sierra de Olt\u00e1 en Calpe\",\"datePublished\":\"2016-02-08T00:00:00+00:00\",\"dateModified\":\"2019-05-17T10:21:47+00:00\",\"mainEntityOfPage\":{\"@id\":\"https:\/\/activacostablanca.com\/fr\/non-classifiee\/randonee-a-la-sierra-de-olta-en-calpe\/\"},\"wordCount\":268,\"publisher\":{\"@id\":\"https:\/\/activacostablanca.com\/#organization\"},\"image\":{\"@id\":\"https:\/\/activacostablanca.com\/fr\/non-classifiee\/randonee-a-la-sierra-de-olta-en-calpe\/#primaryimage\"},\"thumbnailUrl\":\"https:\/\/activacostablanca.com\/wp-content\/uploads\/2019\/05\/olta.jpg\",\"keywords\":[\"Calpe|estaci\u00f3n de tram Calpe|estaci\u00f3n tram Calpe|Le pe\u00f1on de Ifach|mer mediterran\u00e9e|Pe\u00f1on de ifach|sierra de bernia|Sierra Olt\u00e1\"],\"inLanguage\":\"fr-FR\"},{\"@type\":\"WebPage\",\"@id\":\"https:\/\/activacostablanca.com\/fr\/non-classifiee\/randonee-a-la-sierra-de-olta-en-calpe\/\",\"url\":\"https:\/\/activacostablanca.com\/fr\/non-classifiee\/randonee-a-la-sierra-de-olta-en-calpe\/\",\"name\":\"Randon\u00e9e a la Sierra de Olt\u00e1 en Calpe - Activa Costa Blanca\",\"isPartOf\":{\"@id\":\"https:\/\/activacostablanca.com\/#website\"},\"primaryImageOfPage\":{\"@id\":\"https:\/\/activacostablanca.com\/fr\/non-classifiee\/randonee-a-la-sierra-de-olta-en-calpe\/#primaryimage\"},\"image\":{\"@id\":\"https:\/\/activacostablanca.com\/fr\/non-classifiee\/randonee-a-la-sierra-de-olta-en-calpe\/#primaryimage\"},\"thumbnailUrl\":\"https:\/\/activacostablanca.com\/wp-content\/uploads\/2019\/05\/olta.jpg\",\"datePublished\":\"2016-02-08T00:00:00+00:00\",\"dateModified\":\"2019-05-17T10:21:47+00:00\",\"breadcrumb\":{\"@id\":\"https:\/\/activacostablanca.com\/fr\/non-classifiee\/randonee-a-la-sierra-de-olta-en-calpe\/#breadcrumb\"},\"inLanguage\":\"fr-FR\",\"potentialAction\":[{\"@type\":\"ReadAction\",\"target\":[\"https:\/\/activacostablanca.com\/fr\/non-classifiee\/randonee-a-la-sierra-de-olta-en-calpe\/\"]}]},{\"@type\":\"ImageObject\",\"inLanguage\":\"fr-FR\",\"@id\":\"https:\/\/activacostablanca.com\/fr\/non-classifiee\/randonee-a-la-sierra-de-olta-en-calpe\/#primaryimage\",\"url\":\"https:\/\/activacostablanca.com\/wp-content\/uploads\/2019\/05\/olta.jpg\",\"contentUrl\":\"https:\/\/activacostablanca.com\/wp-content\/uploads\/2019\/05\/olta.jpg\",\"width\":720,\"height\":328},{\"@type\":\"BreadcrumbList\",\"@id\":\"https:\/\/activacostablanca.com\/fr\/non-classifiee\/randonee-a-la-sierra-de-olta-en-calpe\/#breadcrumb\",\"itemListElement\":[{\"@type\":\"ListItem\",\"position\":1,\"name\":\"Portada\",\"item\":\"https:\/\/activacostablanca.com\/fr\/\"},{\"@type\":\"ListItem\",\"position\":2,\"name\":\"Randon\u00e9e a la Sierra de Olt\u00e1 en Calpe\"}]},{\"@type\":\"WebSite\",\"@id\":\"https:\/\/activacostablanca.com\/#website\",\"url\":\"https:\/\/activacostablanca.com\/\",\"name\":\"Activa Costa Blanca\",\"description\":\"Activit\u00e9s et excursions sur la Costa Blanca\",\"publisher\":{\"@id\":\"https:\/\/activacostablanca.com\/#organization\"},\"potentialAction\":[{\"@type\":\"SearchAction\",\"target\":{\"@type\":\"EntryPoint\",\"urlTemplate\":\"https:\/\/activacostablanca.com\/?s={search_term_string}\"},\"query-input\":{\"@type\":\"PropertyValueSpecification\",\"valueRequired\":true,\"valueName\":\"search_term_string\"}}],\"inLanguage\":\"fr-FR\"},{\"@type\":\"Organization\",\"@id\":\"https:\/\/activacostablanca.com\/#organization\",\"name\":\"Activa Costa Blanca\",\"url\":\"https:\/\/activacostablanca.com\/\",\"logo\":{\"@type\":\"ImageObject\",\"inLanguage\":\"fr-FR\",\"@id\":\"https:\/\/activacostablanca.com\/#\/schema\/logo\/image\/\",\"url\":\"https:\/\/activacostablanca.com\/wp-content\/uploads\/2019\/04\/weblogo.png\",\"contentUrl\":\"https:\/\/activacostablanca.com\/wp-content\/uploads\/2019\/04\/weblogo.png\",\"width\":177,\"height\":46,\"caption\":\"Activa Costa Blanca\"},\"image\":{\"@id\":\"https:\/\/activacostablanca.com\/#\/schema\/logo\/image\/\"}},{\"@type\":\"Person\",\"@id\":\"https:\/\/activacostablanca.com\/#\/schema\/person\/d48fc026c61c0eb79e3b0ade7ab35e79\",\"name\":\"Activa Costablanca\",\"image\":{\"@type\":\"ImageObject\",\"inLanguage\":\"fr-FR\",\"@id\":\"https:\/\/activacostablanca.com\/#\/schema\/person\/image\/\",\"url\":\"https:\/\/secure.gravatar.com\/avatar\/657de7470d8657c20722b4ee0e1d8f7106ae39ef32e2297fb70099296a80867a?s=96&d=mm&r=g\",\"contentUrl\":\"https:\/\/secure.gravatar.com\/avatar\/657de7470d8657c20722b4ee0e1d8f7106ae39ef32e2297fb70099296a80867a?s=96&d=mm&r=g\",\"caption\":\"Activa Costablanca\"}}]}<\/script>\n<!-- \/ Yoast SEO plugin. -->","yoast_head_json":{"title":"Randon\u00e9e a la Sierra de Olt\u00e1 en Calpe - Activa Costa Blanca","robots":{"index":"index","follow":"follow","max-snippet":"max-snippet:-1","max-image-preview":"max-image-preview:large","max-video-preview":"max-video-preview:-1"},"canonical":"https:\/\/activacostablanca.com\/fr\/non-classifiee\/randonee-a-la-sierra-de-olta-en-calpe\/","og_locale":"fr_FR","og_type":"article","og_title":"Randon\u00e9e a la Sierra de Olt\u00e1 en Calpe - Activa Costa Blanca","og_description":"Un parcours \u00e0 travers la Sierra de Olta, sentier balis\u00e9 PR court CV 340. Nous sommes pass\u00e9s de la estation de tram Calpe &#8230; Le parcours commence au camping, situ\u00e9 au pied de cette montagne. Cette route est clairement marqu\u00e9e, avec diff\u00e9rentes possibilit\u00e9s de Voyage. Au d\u00e9but de la route, on trouve deux fontaines et [&hellip;]","og_url":"https:\/\/activacostablanca.com\/fr\/non-classifiee\/randonee-a-la-sierra-de-olta-en-calpe\/","og_site_name":"Activa Costa Blanca","article_published_time":"2016-02-08T00:00:00+00:00","article_modified_time":"2019-05-17T10:21:47+00:00","og_image":[{"width":720,"height":328,"url":"https:\/\/activacostablanca.com\/wp-content\/uploads\/2019\/05\/olta.jpg","type":"image\/jpeg"}],"author":"Activa Costablanca","twitter_card":"summary_large_image","twitter_misc":{"\u00c9crit par":"Activa Costablanca","Dur\u00e9e de lecture estim\u00e9e":"1 minute"},"schema":{"@context":"https:\/\/schema.org","@graph":[{"@type":"Article","@id":"https:\/\/activacostablanca.com\/fr\/non-classifiee\/randonee-a-la-sierra-de-olta-en-calpe\/#article","isPartOf":{"@id":"https:\/\/activacostablanca.com\/fr\/non-classifiee\/randonee-a-la-sierra-de-olta-en-calpe\/"},"author":{"name":"Activa Costablanca","@id":"https:\/\/activacostablanca.com\/#\/schema\/person\/d48fc026c61c0eb79e3b0ade7ab35e79"},"headline":"Randon\u00e9e a la Sierra de Olt\u00e1 en Calpe","datePublished":"2016-02-08T00:00:00+00:00","dateModified":"2019-05-17T10:21:47+00:00","mainEntityOfPage":{"@id":"https:\/\/activacostablanca.com\/fr\/non-classifiee\/randonee-a-la-sierra-de-olta-en-calpe\/"},"wordCount":268,"publisher":{"@id":"https:\/\/activacostablanca.com\/#organization"},"image":{"@id":"https:\/\/activacostablanca.com\/fr\/non-classifiee\/randonee-a-la-sierra-de-olta-en-calpe\/#primaryimage"},"thumbnailUrl":"https:\/\/activacostablanca.com\/wp-content\/uploads\/2019\/05\/olta.jpg","keywords":["Calpe|estaci\u00f3n de tram Calpe|estaci\u00f3n tram Calpe|Le pe\u00f1on de Ifach|mer mediterran\u00e9e|Pe\u00f1on de ifach|sierra de bernia|Sierra Olt\u00e1"],"inLanguage":"fr-FR"},{"@type":"WebPage","@id":"https:\/\/activacostablanca.com\/fr\/non-classifiee\/randonee-a-la-sierra-de-olta-en-calpe\/","url":"https:\/\/activacostablanca.com\/fr\/non-classifiee\/randonee-a-la-sierra-de-olta-en-calpe\/","name":"Randon\u00e9e a la Sierra de Olt\u00e1 en Calpe - Activa Costa Blanca","isPartOf":{"@id":"https:\/\/activacostablanca.com\/#website"},"primaryImageOfPage":{"@id":"https:\/\/activacostablanca.com\/fr\/non-classifiee\/randonee-a-la-sierra-de-olta-en-calpe\/#primaryimage"},"image":{"@id":"https:\/\/activacostablanca.com\/fr\/non-classifiee\/randonee-a-la-sierra-de-olta-en-calpe\/#primaryimage"},"thumbnailUrl":"https:\/\/activacostablanca.com\/wp-content\/uploads\/2019\/05\/olta.jpg","datePublished":"2016-02-08T00:00:00+00:00","dateModified":"2019-05-17T10:21:47+00:00","breadcrumb":{"@id":"https:\/\/activacostablanca.com\/fr\/non-classifiee\/randonee-a-la-sierra-de-olta-en-calpe\/#breadcrumb"},"inLanguage":"fr-FR","potentialAction":[{"@type":"ReadAction","target":["https:\/\/activacostablanca.com\/fr\/non-classifiee\/randonee-a-la-sierra-de-olta-en-calpe\/"]}]},{"@type":"ImageObject","inLanguage":"fr-FR","@id":"https:\/\/activacostablanca.com\/fr\/non-classifiee\/randonee-a-la-sierra-de-olta-en-calpe\/#primaryimage","url":"https:\/\/activacostablanca.com\/wp-content\/uploads\/2019\/05\/olta.jpg","contentUrl":"https:\/\/activacostablanca.com\/wp-content\/uploads\/2019\/05\/olta.jpg","width":720,"height":328},{"@type":"BreadcrumbList","@id":"https:\/\/activacostablanca.com\/fr\/non-classifiee\/randonee-a-la-sierra-de-olta-en-calpe\/#breadcrumb","itemListElement":[{"@type":"ListItem","position":1,"name":"Portada","item":"https:\/\/activacostablanca.com\/fr\/"},{"@type":"ListItem","position":2,"name":"Randon\u00e9e a la Sierra de Olt\u00e1 en Calpe"}]},{"@type":"WebSite","@id":"https:\/\/activacostablanca.com\/#website","url":"https:\/\/activacostablanca.com\/","name":"Activa Costa Blanca","description":"Activit\u00e9s et excursions sur la Costa Blanca","publisher":{"@id":"https:\/\/activacostablanca.com\/#organization"},"potentialAction":[{"@type":"SearchAction","target":{"@type":"EntryPoint","urlTemplate":"https:\/\/activacostablanca.com\/?s={search_term_string}"},"query-input":{"@type":"PropertyValueSpecification","valueRequired":true,"valueName":"search_term_string"}}],"inLanguage":"fr-FR"},{"@type":"Organization","@id":"https:\/\/activacostablanca.com\/#organization","name":"Activa Costa Blanca","url":"https:\/\/activacostablanca.com\/","logo":{"@type":"ImageObject","inLanguage":"fr-FR","@id":"https:\/\/activacostablanca.com\/#\/schema\/logo\/image\/","url":"https:\/\/activacostablanca.com\/wp-content\/uploads\/2019\/04\/weblogo.png","contentUrl":"https:\/\/activacostablanca.com\/wp-content\/uploads\/2019\/04\/weblogo.png","width":177,"height":46,"caption":"Activa Costa Blanca"},"image":{"@id":"https:\/\/activacostablanca.com\/#\/schema\/logo\/image\/"}},{"@type":"Person","@id":"https:\/\/activacostablanca.com\/#\/schema\/person\/d48fc026c61c0eb79e3b0ade7ab35e79","name":"Activa Costablanca","image":{"@type":"ImageObject","inLanguage":"fr-FR","@id":"https:\/\/activacostablanca.com\/#\/schema\/person\/image\/","url":"https:\/\/secure.gravatar.com\/avatar\/657de7470d8657c20722b4ee0e1d8f7106ae39ef32e2297fb70099296a80867a?s=96&d=mm&r=g","contentUrl":"https:\/\/secure.gravatar.com\/avatar\/657de7470d8657c20722b4ee0e1d8f7106ae39ef32e2297fb70099296a80867a?s=96&d=mm&r=g","caption":"Activa Costablanca"}}]}},"_links":{"self":[{"href":"https:\/\/activacostablanca.com\/fr\/wp-json\/wp\/v2\/posts\/11807","targetHints":{"allow":["GET"]}}],"collection":[{"href":"https:\/\/activacostablanca.com\/fr\/wp-json\/wp\/v2\/posts"}],"about":[{"href":"https:\/\/activacostablanca.com\/fr\/wp-json\/wp\/v2\/types\/post"}],"author":[{"embeddable":true,"href":"https:\/\/activacostablanca.com\/fr\/wp-json\/wp\/v2\/users\/2"}],"replies":[{"embeddable":true,"href":"https:\/\/activacostablanca.com\/fr\/wp-json\/wp\/v2\/comments?post=11807"}],"version-history":[{"count":1,"href":"https:\/\/activacostablanca.com\/fr\/wp-json\/wp\/v2\/posts\/11807\/revisions"}],"predecessor-version":[{"id":12077,"href":"https:\/\/activacostablanca.com\/fr\/wp-json\/wp\/v2\/posts\/11807\/revisions\/12077"}],"wp:featuredmedia":[{"embeddable":true,"href":"https:\/\/activacostablanca.com\/fr\/wp-json\/wp\/v2\/media\/10094"}],"wp:attachment":[{"href":"https:\/\/activacostablanca.com\/fr\/wp-json\/wp\/v2\/media?parent=11807"}],"wp:term":[{"taxonomy":"category","embeddable":true,"href":"https:\/\/activacostablanca.com\/fr\/wp-json\/wp\/v2\/categories?post=11807"},{"taxonomy":"post_tag","embeddable":true,"href":"https:\/\/activacostablanca.com\/fr\/wp-json\/wp\/v2\/tags?post=11807"}],"curies":[{"name":"wp","href":"https:\/\/api.w.org\/{rel}","templated":true}]}}