{"id":11806,"date":"2016-02-06T00:00:00","date_gmt":"2016-02-06T00:00:00","guid":{"rendered":"http:\/\/dev.activacostablanca.com\/non-classifiee\/route-a-la-sierra-de-bernia\/"},"modified":"2019-05-17T10:21:47","modified_gmt":"2019-05-17T10:21:47","slug":"route-a-la-sierra-de-bernia","status":"publish","type":"post","link":"https:\/\/activacostablanca.com\/fr\/randonnee-pedestre-lalpinismesenderismosport\/route-a-la-sierra-de-bernia\/","title":{"rendered":"Route a la Sierra de Bernia"},"content":{"rendered":"<p><img loading=\"lazy\" decoding=\"async\" src=\"http:\/\/www.activacostablanca.com\/wp-content\/uploads\/2016\/02\/12047106_10153288849113883_528947542949612324_n-300x225.jpg\" alt=\"12047106_10153288849113883_528947542949612324_n\" width=\"300\" height=\"225\" class=\"alignleft size-medium wp-image-1238\" \/><img loading=\"lazy\" decoding=\"async\" src=\"http:\/\/www.activacostablanca.com\/wp-content\/uploads\/2016\/02\/12043002_10153288849253883_4201367088599286706_n-300x225.jpg\" alt=\"12043002_10153288849253883_4201367088599286706_n\" width=\"300\" height=\"225\" class=\"alignleft size-medium wp-image-1237\" \nune autre route spectaculaire circulaire situ\u00e9 dans la Sierra de Bernia, dans la municipalit\u00e9 de Jal\u00f3n. Une cha\u00eene de montagnes situ\u00e9e pr\u00e8s de la c\u00f4te m\u00e9diterran\u00e9enne et orient\u00e9 perpendiculairement \u00e0 elle, surprenant pour son relief accident\u00e9 sous la forme de dents de scie.\nDepuis la route on peut regarder jusqu'a Altea, Pe\u00f1on de Ifach, la plage del albir, Benidorm, la serra Gelada. \nNous commen\u00e7ons \u00e0 Bernia Villas, \u00e0 c\u00f4t\u00e9 du restaurant du m\u00eame nom. Gravir la face nord, au-del\u00e0 du Bernia de fontaine ou \u00e0 Cabanes appel\u00e9 \"Forat\" un tunnel creus\u00e9 dans la roche qui nous donnera acc\u00e8s au c\u00f4t\u00e9 sud, \u00e0 partir de laquelle on obtient panoramas nouveaux et impressionnants, et passer accroupi 15 mts. Ensuite, sur les ruines de Fort Bernia, ordonn\u00e9e forteresse militaire de la Renaissance construit par Philippe II en 1562, afin de d\u00e9fendre la c\u00f4te contre les attaques par les Ottomans. \nEnsuite, nous commen\u00e7ons l'ascension vers le sommet de Bernia, mont\u00e9e difficile dans lequel nous monterons \u00e0 l'occasion, mais sans grande difficult\u00e9 technique (SI, pour ceux qui ont le vertige). L'effort de grimper \u00e0 son point le plus \u00e9lev\u00e9: 1129 m, sera r\u00e9compens\u00e9 par la vue majestueuse de tous les c\u00f4t\u00e9s. Enfin, nous descendons au m\u00eame endroit, puis continuer sur la PR et lodges complets circulaires Bernia Route. L'itin\u00e9raire est seulement recommand\u00e9 pour les personnes qui se rendent r\u00e9guli\u00e8rement \u00e0 la montagne. Parfois, il se prom\u00e8ne partout et jusqu'\u00e0 carri\u00e8res et l'escalade des mesures, en particulier sur la mont\u00e9e vers le sommet. Il est conseill\u00e9 de faire le plein de beaucoup d'eau, et plus par temps chaud. \nSur notre route aujourd'hui examinera quatre (4) Faits saillants: \n1. SOURCE OU BERNIA FORAT Cabanes \n2. Le tunnel arm\u00e9e forte BERNIA \n3. RENAISSANCE DE BERNIA \n4. HAUT DE LA SIERRA DE BERNIA \n\nEt tout le parcours en g\u00e9n\u00e9ral a \u00e9t\u00e9 magnifique, surprenant et fascinant, nous s\u00e9duire, une fois de plus, l'ensemble du groupe de randonneurs et aujourd'hui tr\u00e8s r\u00e9duite dans cet \u00e9quipement chaude journ\u00e9e Juin. Je vous recommande d'aller aussi pr\u00e8s de cette prodigieuse Sierra de Bernia et profiter de ce coin paradisiaque.\n<\/p>\n","protected":false},"excerpt":{"rendered":"","protected":false},"author":2,"featured_media":10643,"comment_status":"closed","ping_status":"closed","sticky":false,"template":"","format":"standard","meta":{"_exactmetrics_skip_tracking":false,"_exactmetrics_sitenote_active":false,"_exactmetrics_sitenote_note":"","_exactmetrics_sitenote_category":0,"footnotes":""},"categories":[3227],"tags":[3228],"class_list":["post-11806","post","type-post","status-publish","format-standard","has-post-thumbnail","hentry","category-randonnee-pedestre-lalpinismesenderismosport","tag-alteabenidormcasas-de-berniaforat-de-berniajalonla-plage-de-el-albirla-sierra-de-bernia-y-el-penon-de-ifach-penon-de-ifachserra-geladasierra-de-bernia"],"yoast_head":"<!-- This site is optimized with the Yoast SEO plugin v25.0 - https:\/\/yoast.com\/wordpress\/plugins\/seo\/ -->\n<title>Route a la Sierra de Bernia - Activa Costa Blanca<\/title>\n<meta name=\"robots\" content=\"index, follow, max-snippet:-1, max-image-preview:large, max-video-preview:-1\" \/>\n<link rel=\"canonical\" href=\"https:\/\/activacostablanca.com\/fr\/randonnee-pedestre-lalpinismesenderismosport\/route-a-la-sierra-de-bernia\/\" \/>\n<meta property=\"og:locale\" content=\"fr_FR\" \/>\n<meta property=\"og:type\" content=\"article\" \/>\n<meta property=\"og:title\" content=\"Route a la Sierra de Bernia - Activa Costa Blanca\" \/>\n<meta property=\"og:url\" content=\"https:\/\/activacostablanca.com\/fr\/randonnee-pedestre-lalpinismesenderismosport\/route-a-la-sierra-de-bernia\/\" \/>\n<meta property=\"og:site_name\" content=\"Activa Costa Blanca\" \/>\n<meta property=\"article:published_time\" content=\"2016-02-06T00:00:00+00:00\" \/>\n<meta property=\"article:modified_time\" content=\"2019-05-17T10:21:47+00:00\" \/>\n<meta property=\"og:image\" content=\"https:\/\/activacostablanca.com\/wp-content\/uploads\/2019\/05\/12037979_10153288849038883_2625955284115918466_n.jpg\" \/>\n\t<meta property=\"og:image:width\" content=\"720\" \/>\n\t<meta property=\"og:image:height\" content=\"540\" \/>\n\t<meta property=\"og:image:type\" content=\"image\/jpeg\" \/>\n<meta name=\"author\" content=\"Activa Costablanca\" \/>\n<meta name=\"twitter:card\" content=\"summary_large_image\" \/>\n<meta name=\"twitter:label1\" content=\"\u00c9crit par\" \/>\n\t<meta name=\"twitter:data1\" content=\"Activa Costablanca\" \/>\n<script type=\"application\/ld+json\" class=\"yoast-schema-graph\">{\"@context\":\"https:\/\/schema.org\",\"@graph\":[{\"@type\":\"Article\",\"@id\":\"https:\/\/activacostablanca.com\/fr\/randonnee-pedestre-lalpinismesenderismosport\/route-a-la-sierra-de-bernia\/#article\",\"isPartOf\":{\"@id\":\"https:\/\/activacostablanca.com\/fr\/randonnee-pedestre-lalpinismesenderismosport\/route-a-la-sierra-de-bernia\/\"},\"author\":{\"name\":\"Activa Costablanca\",\"@id\":\"https:\/\/activacostablanca.com\/#\/schema\/person\/d48fc026c61c0eb79e3b0ade7ab35e79\"},\"headline\":\"Route a la Sierra de Bernia\",\"datePublished\":\"2016-02-06T00:00:00+00:00\",\"dateModified\":\"2019-05-17T10:21:47+00:00\",\"mainEntityOfPage\":{\"@id\":\"https:\/\/activacostablanca.com\/fr\/randonnee-pedestre-lalpinismesenderismosport\/route-a-la-sierra-de-bernia\/\"},\"wordCount\":6,\"publisher\":{\"@id\":\"https:\/\/activacostablanca.com\/#organization\"},\"image\":{\"@id\":\"https:\/\/activacostablanca.com\/fr\/randonnee-pedestre-lalpinismesenderismosport\/route-a-la-sierra-de-bernia\/#primaryimage\"},\"thumbnailUrl\":\"https:\/\/activacostablanca.com\/wp-content\/uploads\/2019\/05\/12037979_10153288849038883_2625955284115918466_n.jpg\",\"keywords\":[\"Altea|benidorm|casas de bernia|forat de bernia|Jalon|la Plage de el Albir|la sierra de Bernia y el pe\u00f1\u00f3n de Ifach.|Pe\u00f1on de ifach|Serra Gelada|sierra de bernia\"],\"articleSection\":[\"Randonn\u00e9e p\u00e9destre \/ l'alpinisme|Senderismo|Sport\"],\"inLanguage\":\"fr-FR\"},{\"@type\":\"WebPage\",\"@id\":\"https:\/\/activacostablanca.com\/fr\/randonnee-pedestre-lalpinismesenderismosport\/route-a-la-sierra-de-bernia\/\",\"url\":\"https:\/\/activacostablanca.com\/fr\/randonnee-pedestre-lalpinismesenderismosport\/route-a-la-sierra-de-bernia\/\",\"name\":\"Route a la Sierra de Bernia - Activa Costa Blanca\",\"isPartOf\":{\"@id\":\"https:\/\/activacostablanca.com\/#website\"},\"primaryImageOfPage\":{\"@id\":\"https:\/\/activacostablanca.com\/fr\/randonnee-pedestre-lalpinismesenderismosport\/route-a-la-sierra-de-bernia\/#primaryimage\"},\"image\":{\"@id\":\"https:\/\/activacostablanca.com\/fr\/randonnee-pedestre-lalpinismesenderismosport\/route-a-la-sierra-de-bernia\/#primaryimage\"},\"thumbnailUrl\":\"https:\/\/activacostablanca.com\/wp-content\/uploads\/2019\/05\/12037979_10153288849038883_2625955284115918466_n.jpg\",\"datePublished\":\"2016-02-06T00:00:00+00:00\",\"dateModified\":\"2019-05-17T10:21:47+00:00\",\"breadcrumb\":{\"@id\":\"https:\/\/activacostablanca.com\/fr\/randonnee-pedestre-lalpinismesenderismosport\/route-a-la-sierra-de-bernia\/#breadcrumb\"},\"inLanguage\":\"fr-FR\",\"potentialAction\":[{\"@type\":\"ReadAction\",\"target\":[\"https:\/\/activacostablanca.com\/fr\/randonnee-pedestre-lalpinismesenderismosport\/route-a-la-sierra-de-bernia\/\"]}]},{\"@type\":\"ImageObject\",\"inLanguage\":\"fr-FR\",\"@id\":\"https:\/\/activacostablanca.com\/fr\/randonnee-pedestre-lalpinismesenderismosport\/route-a-la-sierra-de-bernia\/#primaryimage\",\"url\":\"https:\/\/activacostablanca.com\/wp-content\/uploads\/2019\/05\/12037979_10153288849038883_2625955284115918466_n.jpg\",\"contentUrl\":\"https:\/\/activacostablanca.com\/wp-content\/uploads\/2019\/05\/12037979_10153288849038883_2625955284115918466_n.jpg\",\"width\":720,\"height\":540},{\"@type\":\"BreadcrumbList\",\"@id\":\"https:\/\/activacostablanca.com\/fr\/randonnee-pedestre-lalpinismesenderismosport\/route-a-la-sierra-de-bernia\/#breadcrumb\",\"itemListElement\":[{\"@type\":\"ListItem\",\"position\":1,\"name\":\"Portada\",\"item\":\"https:\/\/activacostablanca.com\/fr\/\"},{\"@type\":\"ListItem\",\"position\":2,\"name\":\"Route a la Sierra de Bernia\"}]},{\"@type\":\"WebSite\",\"@id\":\"https:\/\/activacostablanca.com\/#website\",\"url\":\"https:\/\/activacostablanca.com\/\",\"name\":\"Activa Costa Blanca\",\"description\":\"Activit\u00e9s et excursions sur la Costa Blanca\",\"publisher\":{\"@id\":\"https:\/\/activacostablanca.com\/#organization\"},\"potentialAction\":[{\"@type\":\"SearchAction\",\"target\":{\"@type\":\"EntryPoint\",\"urlTemplate\":\"https:\/\/activacostablanca.com\/?s={search_term_string}\"},\"query-input\":{\"@type\":\"PropertyValueSpecification\",\"valueRequired\":true,\"valueName\":\"search_term_string\"}}],\"inLanguage\":\"fr-FR\"},{\"@type\":\"Organization\",\"@id\":\"https:\/\/activacostablanca.com\/#organization\",\"name\":\"Activa Costa Blanca\",\"url\":\"https:\/\/activacostablanca.com\/\",\"logo\":{\"@type\":\"ImageObject\",\"inLanguage\":\"fr-FR\",\"@id\":\"https:\/\/activacostablanca.com\/#\/schema\/logo\/image\/\",\"url\":\"https:\/\/activacostablanca.com\/wp-content\/uploads\/2019\/04\/weblogo.png\",\"contentUrl\":\"https:\/\/activacostablanca.com\/wp-content\/uploads\/2019\/04\/weblogo.png\",\"width\":177,\"height\":46,\"caption\":\"Activa Costa Blanca\"},\"image\":{\"@id\":\"https:\/\/activacostablanca.com\/#\/schema\/logo\/image\/\"}},{\"@type\":\"Person\",\"@id\":\"https:\/\/activacostablanca.com\/#\/schema\/person\/d48fc026c61c0eb79e3b0ade7ab35e79\",\"name\":\"Activa Costablanca\",\"image\":{\"@type\":\"ImageObject\",\"inLanguage\":\"fr-FR\",\"@id\":\"https:\/\/activacostablanca.com\/#\/schema\/person\/image\/\",\"url\":\"https:\/\/secure.gravatar.com\/avatar\/657de7470d8657c20722b4ee0e1d8f7106ae39ef32e2297fb70099296a80867a?s=96&d=mm&r=g\",\"contentUrl\":\"https:\/\/secure.gravatar.com\/avatar\/657de7470d8657c20722b4ee0e1d8f7106ae39ef32e2297fb70099296a80867a?s=96&d=mm&r=g\",\"caption\":\"Activa Costablanca\"}}]}<\/script>\n<!-- \/ Yoast SEO plugin. -->","yoast_head_json":{"title":"Route a la Sierra de Bernia - Activa Costa Blanca","robots":{"index":"index","follow":"follow","max-snippet":"max-snippet:-1","max-image-preview":"max-image-preview:large","max-video-preview":"max-video-preview:-1"},"canonical":"https:\/\/activacostablanca.com\/fr\/randonnee-pedestre-lalpinismesenderismosport\/route-a-la-sierra-de-bernia\/","og_locale":"fr_FR","og_type":"article","og_title":"Route a la Sierra de Bernia - Activa Costa Blanca","og_url":"https:\/\/activacostablanca.com\/fr\/randonnee-pedestre-lalpinismesenderismosport\/route-a-la-sierra-de-bernia\/","og_site_name":"Activa Costa Blanca","article_published_time":"2016-02-06T00:00:00+00:00","article_modified_time":"2019-05-17T10:21:47+00:00","og_image":[{"width":720,"height":540,"url":"https:\/\/activacostablanca.com\/wp-content\/uploads\/2019\/05\/12037979_10153288849038883_2625955284115918466_n.jpg","type":"image\/jpeg"}],"author":"Activa Costablanca","twitter_card":"summary_large_image","twitter_misc":{"\u00c9crit par":"Activa Costablanca"},"schema":{"@context":"https:\/\/schema.org","@graph":[{"@type":"Article","@id":"https:\/\/activacostablanca.com\/fr\/randonnee-pedestre-lalpinismesenderismosport\/route-a-la-sierra-de-bernia\/#article","isPartOf":{"@id":"https:\/\/activacostablanca.com\/fr\/randonnee-pedestre-lalpinismesenderismosport\/route-a-la-sierra-de-bernia\/"},"author":{"name":"Activa Costablanca","@id":"https:\/\/activacostablanca.com\/#\/schema\/person\/d48fc026c61c0eb79e3b0ade7ab35e79"},"headline":"Route a la Sierra de Bernia","datePublished":"2016-02-06T00:00:00+00:00","dateModified":"2019-05-17T10:21:47+00:00","mainEntityOfPage":{"@id":"https:\/\/activacostablanca.com\/fr\/randonnee-pedestre-lalpinismesenderismosport\/route-a-la-sierra-de-bernia\/"},"wordCount":6,"publisher":{"@id":"https:\/\/activacostablanca.com\/#organization"},"image":{"@id":"https:\/\/activacostablanca.com\/fr\/randonnee-pedestre-lalpinismesenderismosport\/route-a-la-sierra-de-bernia\/#primaryimage"},"thumbnailUrl":"https:\/\/activacostablanca.com\/wp-content\/uploads\/2019\/05\/12037979_10153288849038883_2625955284115918466_n.jpg","keywords":["Altea|benidorm|casas de bernia|forat de bernia|Jalon|la Plage de el Albir|la sierra de Bernia y el pe\u00f1\u00f3n de Ifach.|Pe\u00f1on de ifach|Serra Gelada|sierra de bernia"],"articleSection":["Randonn\u00e9e p\u00e9destre \/ l'alpinisme|Senderismo|Sport"],"inLanguage":"fr-FR"},{"@type":"WebPage","@id":"https:\/\/activacostablanca.com\/fr\/randonnee-pedestre-lalpinismesenderismosport\/route-a-la-sierra-de-bernia\/","url":"https:\/\/activacostablanca.com\/fr\/randonnee-pedestre-lalpinismesenderismosport\/route-a-la-sierra-de-bernia\/","name":"Route a la Sierra de Bernia - Activa Costa Blanca","isPartOf":{"@id":"https:\/\/activacostablanca.com\/#website"},"primaryImageOfPage":{"@id":"https:\/\/activacostablanca.com\/fr\/randonnee-pedestre-lalpinismesenderismosport\/route-a-la-sierra-de-bernia\/#primaryimage"},"image":{"@id":"https:\/\/activacostablanca.com\/fr\/randonnee-pedestre-lalpinismesenderismosport\/route-a-la-sierra-de-bernia\/#primaryimage"},"thumbnailUrl":"https:\/\/activacostablanca.com\/wp-content\/uploads\/2019\/05\/12037979_10153288849038883_2625955284115918466_n.jpg","datePublished":"2016-02-06T00:00:00+00:00","dateModified":"2019-05-17T10:21:47+00:00","breadcrumb":{"@id":"https:\/\/activacostablanca.com\/fr\/randonnee-pedestre-lalpinismesenderismosport\/route-a-la-sierra-de-bernia\/#breadcrumb"},"inLanguage":"fr-FR","potentialAction":[{"@type":"ReadAction","target":["https:\/\/activacostablanca.com\/fr\/randonnee-pedestre-lalpinismesenderismosport\/route-a-la-sierra-de-bernia\/"]}]},{"@type":"ImageObject","inLanguage":"fr-FR","@id":"https:\/\/activacostablanca.com\/fr\/randonnee-pedestre-lalpinismesenderismosport\/route-a-la-sierra-de-bernia\/#primaryimage","url":"https:\/\/activacostablanca.com\/wp-content\/uploads\/2019\/05\/12037979_10153288849038883_2625955284115918466_n.jpg","contentUrl":"https:\/\/activacostablanca.com\/wp-content\/uploads\/2019\/05\/12037979_10153288849038883_2625955284115918466_n.jpg","width":720,"height":540},{"@type":"BreadcrumbList","@id":"https:\/\/activacostablanca.com\/fr\/randonnee-pedestre-lalpinismesenderismosport\/route-a-la-sierra-de-bernia\/#breadcrumb","itemListElement":[{"@type":"ListItem","position":1,"name":"Portada","item":"https:\/\/activacostablanca.com\/fr\/"},{"@type":"ListItem","position":2,"name":"Route a la Sierra de Bernia"}]},{"@type":"WebSite","@id":"https:\/\/activacostablanca.com\/#website","url":"https:\/\/activacostablanca.com\/","name":"Activa Costa Blanca","description":"Activit\u00e9s et excursions sur la Costa Blanca","publisher":{"@id":"https:\/\/activacostablanca.com\/#organization"},"potentialAction":[{"@type":"SearchAction","target":{"@type":"EntryPoint","urlTemplate":"https:\/\/activacostablanca.com\/?s={search_term_string}"},"query-input":{"@type":"PropertyValueSpecification","valueRequired":true,"valueName":"search_term_string"}}],"inLanguage":"fr-FR"},{"@type":"Organization","@id":"https:\/\/activacostablanca.com\/#organization","name":"Activa Costa Blanca","url":"https:\/\/activacostablanca.com\/","logo":{"@type":"ImageObject","inLanguage":"fr-FR","@id":"https:\/\/activacostablanca.com\/#\/schema\/logo\/image\/","url":"https:\/\/activacostablanca.com\/wp-content\/uploads\/2019\/04\/weblogo.png","contentUrl":"https:\/\/activacostablanca.com\/wp-content\/uploads\/2019\/04\/weblogo.png","width":177,"height":46,"caption":"Activa Costa Blanca"},"image":{"@id":"https:\/\/activacostablanca.com\/#\/schema\/logo\/image\/"}},{"@type":"Person","@id":"https:\/\/activacostablanca.com\/#\/schema\/person\/d48fc026c61c0eb79e3b0ade7ab35e79","name":"Activa Costablanca","image":{"@type":"ImageObject","inLanguage":"fr-FR","@id":"https:\/\/activacostablanca.com\/#\/schema\/person\/image\/","url":"https:\/\/secure.gravatar.com\/avatar\/657de7470d8657c20722b4ee0e1d8f7106ae39ef32e2297fb70099296a80867a?s=96&d=mm&r=g","contentUrl":"https:\/\/secure.gravatar.com\/avatar\/657de7470d8657c20722b4ee0e1d8f7106ae39ef32e2297fb70099296a80867a?s=96&d=mm&r=g","caption":"Activa Costablanca"}}]}},"_links":{"self":[{"href":"https:\/\/activacostablanca.com\/fr\/wp-json\/wp\/v2\/posts\/11806","targetHints":{"allow":["GET"]}}],"collection":[{"href":"https:\/\/activacostablanca.com\/fr\/wp-json\/wp\/v2\/posts"}],"about":[{"href":"https:\/\/activacostablanca.com\/fr\/wp-json\/wp\/v2\/types\/post"}],"author":[{"embeddable":true,"href":"https:\/\/activacostablanca.com\/fr\/wp-json\/wp\/v2\/users\/2"}],"replies":[{"embeddable":true,"href":"https:\/\/activacostablanca.com\/fr\/wp-json\/wp\/v2\/comments?post=11806"}],"version-history":[{"count":1,"href":"https:\/\/activacostablanca.com\/fr\/wp-json\/wp\/v2\/posts\/11806\/revisions"}],"predecessor-version":[{"id":12078,"href":"https:\/\/activacostablanca.com\/fr\/wp-json\/wp\/v2\/posts\/11806\/revisions\/12078"}],"wp:featuredmedia":[{"embeddable":true,"href":"https:\/\/activacostablanca.com\/fr\/wp-json\/wp\/v2\/media\/10643"}],"wp:attachment":[{"href":"https:\/\/activacostablanca.com\/fr\/wp-json\/wp\/v2\/media?parent=11806"}],"wp:term":[{"taxonomy":"category","embeddable":true,"href":"https:\/\/activacostablanca.com\/fr\/wp-json\/wp\/v2\/categories?post=11806"},{"taxonomy":"post_tag","embeddable":true,"href":"https:\/\/activacostablanca.com\/fr\/wp-json\/wp\/v2\/tags?post=11806"}],"curies":[{"name":"wp","href":"https:\/\/api.w.org\/{rel}","templated":true}]}}