{"id":12488,"date":"2019-05-22T22:07:14","date_gmt":"2019-05-22T22:07:14","guid":{"rendered":"http:\/\/activacostablanca.com\/uncategorized\/hogueras-de-san-juan-de-alicante-2019\/"},"modified":"2019-05-22T22:09:41","modified_gmt":"2019-05-22T22:09:41","slug":"hogueras-de-san-juan-de-alicante-2019","status":"publish","type":"post","link":"https:\/\/activacostablanca.com\/en\/uncategorized\/hogueras-de-san-juan-de-alicante-2019\/","title":{"rendered":"Hogueras de San Juan de Alicante 2019"},"content":{"rendered":"<h2><strong>Hogueras de San Juan<\/strong><\/h2>\n<div><\/div>\n<div>The official programme in English for this years Fogueres de Sant Joan or Hogueras de San Juan 2019\u00a0in Alicante starts on the 1st and finishes on the 29th June. There are twelve\u00a0massive day time mascleta displays, five beautiful evenings of fireworks on the beach, an international folk parade, floral offerings and the main night of festivities, called the Crema, when the magnificent statues are burnt. The fiesta is of International Tourist Interest and well worth enjoying!<\/div>\n<div><\/div>\n<div>The full programme is:<\/div>\n<div><\/div>\n<div><strong>Saturday 1st<\/strong><strong>\u00a0June<\/strong><\/div>\n<ul>\n<li>\n<div>20:30 Homage to the Fiesta Queens in the Plaza de Espana<\/div>\n<\/li>\n<li>21:00 Opening Parade\u00a0along Calle de San Vicente, Rambla de M\u00e9ndez N\u00fa\u00f1ez, Rafael Altamira finshing in the\u00a0Plaza del Ayuntamiento for the Opening Speeches from the Balcony of the Ayuntamiento<\/li>\n<\/ul>\n<div><strong>Sunday\u00a02nd<\/strong><strong>\u00a0June<\/strong><\/div>\n<ul>\n<li>\n<div>14:00 Mascelta in the Plaza de los Lucero<\/div>\n<\/li>\n<\/ul>\n<div><strong>Saturday 8th<\/strong><strong>\u00a0June<\/strong><\/div>\n<ul>\n<li>\n<div>14:00 Mascelta in the Plaza de los Luceros<\/div>\n<\/li>\n<li>\n<div>20:00 Parade of the Ninot. Route: Avenida de Alfonso X el Sabio, Rambla de M\u00e9ndez N\u00fa\u00f1ez and Calle Rafael Altamira finishing in the Plaza del Ayuntamiento.<\/div>\n<\/li>\n<\/ul>\n<div><strong>Sunday 9<\/strong><strong>th June<\/strong><\/div>\n<ul>\n<li>\n<div>14:00 Mascelta in the Plaza de los Luceros<\/div>\n<\/li>\n<\/ul>\n<div><strong>Friday 14th June<\/strong><\/div>\n<ul>\n<li>23:45\u00a0Arribada del Foc, special light, sound and firework display beside the El Corte Ingles on the corner of Avda. Maissonnave and Calle Oscar Espl\u00e1.<\/li>\n<\/ul>\n<div><strong>Saturday 15<\/strong><strong>th June<\/strong><\/div>\n<ul>\n<li>\n<div>14:00 1st session of the Mascelta Competition in the Plaza de los Luceros.<\/div>\n<\/li>\n<li>\n<div>19:00 Parade of the Music Bands and the Hogueras Commissioners. Route: Plaza de los Luceros, Avenida de Alfonso X el Sabio, Rambla de M\u00e9ndez N\u00fa\u00f1ez and Calle Rafael Altamira finishing in the Plaza del Ayuntamiento.<\/div>\n<\/li>\n<\/ul>\n<div><strong>Sunday 16<\/strong><strong>th June<\/strong><\/div>\n<ul>\n<li>\n<div>14:00 2nd session of the Mascelta Competition in the Plaza de los Luceros<\/div>\n<\/li>\n<\/ul>\n<div><strong>Monday\u00a0<\/strong><strong>17<\/strong><strong>th June<\/strong><\/div>\n<ul>\n<li>\n<div>14:00 3rd session of the Mascelta Competition in the Plaza de los Luceros<\/div>\n<\/li>\n<\/ul>\n<div><strong>Tuesday 18<\/strong><strong>th<\/strong><strong>\u00a0June<\/strong><\/div>\n<ul>\n<li>\n<div>14:00 4th session of the Mascelta Competition in the Plaza de los Luceros<\/div>\n<\/li>\n<\/ul>\n<div><strong>Wednesday 19th<\/strong><strong>\u00a0June<\/strong><\/div>\n<ul>\n<li>\n<div>14:00 5th session of the Mascelta Competition in the Plaza de los Luceros<\/div>\n<\/li>\n<\/ul>\n<p><strong>Thursday 20th<\/strong><strong>\u00a0June<\/strong><\/p>\n<ul>\n<li>\n<div>14:00 6th session of the Mascelta Competition in the Plaza de los Luceros<\/div>\n<\/li>\n<li>\n<div>00:00 Planta of the Hogueras (Ninots) in the streets and the opening of the Barracas, party tents.<\/div>\n<\/li>\n<\/ul>\n<div><strong>Friday 21st\u00a0<\/strong><strong>June<\/strong><\/div>\n<ul>\n<li>\n<div>08:00 Despert\u00e0 (early morning parade with music bands and fire crackers) in all districts.<\/div>\n<\/li>\n<li>\n<div>14:00 7th session of the Mascelta Competition in the Plaza de los Luceros<\/div>\n<\/li>\n<li>\n<div>19:00 1st session of the Flower Procession in honour of the Vigen del Remedio. Route: Alfonso el Sabio Avenue, Rambla de M\u00e9ndez N\u00fa\u00f1ez, San Jos\u00e9, Plaza of Abad Penalva finishing at the Cathedral<\/div>\n<\/li>\n<li>\n<div>22:00 Partying in the barracas (areas in each neighbourhood beside their forgueres).<\/div>\n<\/li>\n<\/ul>\n<div><strong>Satuday 22nd\u00a0June<\/strong><\/div>\n<ul>\n<li>\n<div>08:00 Despert\u00e0 (early morning parade with music bands and fire crackers) in all districts.<\/div>\n<\/li>\n<li>11:00 Awards Parade and Prize Giving. Route: Plaza del Ayuntamiento, Rafael Altamira and Rambla, finishing at the Tribune of Portal de Elche.<\/li>\n<li>\n<div>14:00 8th session of the Mascelta Competition in the Plaza de los Luceros<\/div>\n<\/li>\n<li>\n<div>19:00 2nd session of the Flower Procession in honour of the Vigen del Remedio. Route: Plaza de los Luceros, Alfonso el Sabio, Rambla de Mendez Nunez, Calle San Jose y Plaza de Abad Penalva finishing at the Catherdral.<\/div>\n<\/li>\n<\/ul>\n<div><strong>Sunday 23rd June\u00a0<\/strong><\/div>\n<ul>\n<li>\n<div>08:00 Despert\u00e0 (early morning parade with music bands and fire crackers) in all districts.<\/div>\n<\/li>\n<li>13:00 Giants and Big Heads Parade from the Plaza del Ayuntamiento to the Plaza de los Luceros.<\/li>\n<li>\n<div>14:00 9th session of the Mascelta Competition in the Plaza de los Luceros<\/div>\n<\/li>\n<li>21:00\u00a064th\u00a0International Folk Parade. Route: Avenida de Alfonso el Sabio, Rambla de M\u00e9ndez N\u00fa\u00f1ez and Calle Rafael Altamira finishing in the Plaza del Ayuntamiento.<\/li>\n<li>22:00 Partying in the barracas (areas in each neighbourhood beside their forgueres).<\/li>\n<\/ul>\n<div><strong>Monday 2<\/strong><strong>4<\/strong><strong>th June \u2013 night of the burning<\/strong><\/div>\n<ul>\n<li>\n<div>08:00 Despert\u00e0 (early morning parade with music bands and fire crackers) in all districts.<\/div>\n<\/li>\n<li>\n<div>14:00 10th session of the Mascelta Competition in the Plaza de los Luceros<\/div>\n<\/li>\n<li>\n<div>20:00 Official Hogueras Mass at the Concatedral de San Nicol\u00e1s.<\/div>\n<\/li>\n<li>00:00 Monumental Palmera firework from the Santa Barbara Castle on top of the Monte Benacantil, followed by the Crem\u00e1 (burning) of the Fogueres.<\/li>\n<\/ul>\n<div><strong>Tuesday 2<\/strong><strong>5<\/strong><strong>th June<\/strong><\/div>\n<ul>\n<li>\n<div>00:00 1st session of the 67th International Fireworks on the Beach Competition on Playa del Postiguet.<\/div>\n<\/li>\n<\/ul>\n<div><strong>Wednesday\u00a0<\/strong><strong>26th June<\/strong><\/div>\n<ul>\n<li>\n<div>00:00 2nd session of the 67th International Fireworks on the Beach Competition on Playa del Postiguet.<\/div>\n<\/li>\n<\/ul>\n<div><strong>Thursday 2<\/strong><strong>7th June<\/strong><\/div>\n<ul>\n<li>\n<div>00:00 3rd session of the 67th International Fireworks on the Beach Competition on Playa del Postiguet.<\/div>\n<\/li>\n<\/ul>\n<div><strong>Friday\u00a0<\/strong><strong>28th June<\/strong><\/div>\n<ul>\n<li>\n<div>00:00 4th session of the 67th International Fireworks on the Beach Competition on Playa del Postiguet.<\/div>\n<\/li>\n<\/ul>\n<div><strong>Saturday\u00a0<\/strong><strong>29th June<\/strong><\/div>\n<ul>\n<li>\n<div>00:00 5th session of the 67th International Fireworks on the Beach Competition on Playa del Postiguet.<\/div>\n<\/li>\n<\/ul>\n<h3><\/h3>\n","protected":false},"excerpt":{"rendered":"<p>Hogueras de San Juan The official programme in English for this years Fogueres de Sant Joan or Hogueras de San Juan 2019\u00a0in Alicante starts on the 1st and finishes on the 29th June. There are twelve\u00a0massive day time mascleta displays, five beautiful evenings of fireworks on the beach, an international folk parade, floral offerings and [&hellip;]<\/p>\n","protected":false},"author":2,"featured_media":12484,"comment_status":"open","ping_status":"open","sticky":false,"template":"","format":"standard","meta":{"_exactmetrics_skip_tracking":false,"_exactmetrics_sitenote_active":false,"_exactmetrics_sitenote_note":"","_exactmetrics_sitenote_category":0,"footnotes":""},"categories":[],"tags":[3327],"class_list":["post-12488","post","type-post","status-publish","format-standard","has-post-thumbnail","hentry","tag-the-official-programme-in-english-for-this-years-fogueres-de-sant-joan"],"yoast_head":"<!-- This site is optimized with the Yoast SEO plugin v25.0 - https:\/\/yoast.com\/wordpress\/plugins\/seo\/ -->\n<title>Hogueras de San Juan de Alicante 2019 - Activa Costa Blanca<\/title>\n<meta name=\"robots\" content=\"index, follow, max-snippet:-1, max-image-preview:large, max-video-preview:-1\" \/>\n<link rel=\"canonical\" href=\"https:\/\/activacostablanca.com\/en\/eventos-en\/hogueras-de-san-juan-de-alicante-2019\/\" \/>\n<meta property=\"og:locale\" content=\"en_US\" \/>\n<meta property=\"og:type\" content=\"article\" \/>\n<meta property=\"og:title\" content=\"Hogueras de San Juan de Alicante 2019 - Activa Costa Blanca\" \/>\n<meta property=\"og:description\" content=\"Hogueras de San Juan The official programme in English for this years Fogueres de Sant Joan or Hogueras de San Juan 2019\u00a0in Alicante starts on the 1st and finishes on the 29th June. There are twelve\u00a0massive day time mascleta displays, five beautiful evenings of fireworks on the beach, an international folk parade, floral offerings and [&hellip;]\" \/>\n<meta property=\"og:url\" content=\"https:\/\/activacostablanca.com\/en\/eventos-en\/hogueras-de-san-juan-de-alicante-2019\/\" \/>\n<meta property=\"og:site_name\" content=\"Activa Costa Blanca\" \/>\n<meta property=\"article:published_time\" content=\"2019-05-22T22:07:14+00:00\" \/>\n<meta property=\"article:modified_time\" content=\"2019-05-22T22:09:41+00:00\" \/>\n<meta property=\"og:image\" content=\"https:\/\/activacostablanca.com\/wp-content\/uploads\/2019\/05\/50110904e18f1dfae10892db7db32627.jpg\" \/>\n\t<meta property=\"og:image:width\" content=\"600\" \/>\n\t<meta property=\"og:image:height\" content=\"400\" \/>\n\t<meta property=\"og:image:type\" content=\"image\/jpeg\" \/>\n<meta name=\"author\" content=\"Activa Costablanca\" \/>\n<meta name=\"twitter:card\" content=\"summary_large_image\" \/>\n<meta name=\"twitter:label1\" content=\"Written by\" \/>\n\t<meta name=\"twitter:data1\" content=\"Activa Costablanca\" \/>\n\t<meta name=\"twitter:label2\" content=\"Est. reading time\" \/>\n\t<meta name=\"twitter:data2\" content=\"4 minutes\" \/>\n<script type=\"application\/ld+json\" class=\"yoast-schema-graph\">{\"@context\":\"https:\/\/schema.org\",\"@graph\":[{\"@type\":\"Article\",\"@id\":\"https:\/\/activacostablanca.com\/en\/eventos-en\/hogueras-de-san-juan-de-alicante-2019\/#article\",\"isPartOf\":{\"@id\":\"https:\/\/activacostablanca.com\/en\/eventos-en\/hogueras-de-san-juan-de-alicante-2019\/\"},\"author\":{\"name\":\"Activa Costablanca\",\"@id\":\"https:\/\/activacostablanca.com\/#\/schema\/person\/d48fc026c61c0eb79e3b0ade7ab35e79\"},\"headline\":\"Hogueras de San Juan de Alicante 2019\",\"datePublished\":\"2019-05-22T22:07:14+00:00\",\"dateModified\":\"2019-05-22T22:09:41+00:00\",\"mainEntityOfPage\":{\"@id\":\"https:\/\/activacostablanca.com\/en\/eventos-en\/hogueras-de-san-juan-de-alicante-2019\/\"},\"wordCount\":755,\"commentCount\":0,\"publisher\":{\"@id\":\"https:\/\/activacostablanca.com\/#organization\"},\"image\":{\"@id\":\"https:\/\/activacostablanca.com\/en\/eventos-en\/hogueras-de-san-juan-de-alicante-2019\/#primaryimage\"},\"thumbnailUrl\":\"https:\/\/activacostablanca.com\/wp-content\/uploads\/2019\/05\/50110904e18f1dfae10892db7db32627.jpg\",\"keywords\":[\"The official programme in English for this years Fogueres de Sant Joan\"],\"inLanguage\":\"en-US\",\"potentialAction\":[{\"@type\":\"CommentAction\",\"name\":\"Comment\",\"target\":[\"https:\/\/activacostablanca.com\/en\/eventos-en\/hogueras-de-san-juan-de-alicante-2019\/#respond\"]}]},{\"@type\":\"WebPage\",\"@id\":\"https:\/\/activacostablanca.com\/en\/eventos-en\/hogueras-de-san-juan-de-alicante-2019\/\",\"url\":\"https:\/\/activacostablanca.com\/en\/eventos-en\/hogueras-de-san-juan-de-alicante-2019\/\",\"name\":\"Hogueras de San Juan de Alicante 2019 - Activa Costa Blanca\",\"isPartOf\":{\"@id\":\"https:\/\/activacostablanca.com\/#website\"},\"primaryImageOfPage\":{\"@id\":\"https:\/\/activacostablanca.com\/en\/eventos-en\/hogueras-de-san-juan-de-alicante-2019\/#primaryimage\"},\"image\":{\"@id\":\"https:\/\/activacostablanca.com\/en\/eventos-en\/hogueras-de-san-juan-de-alicante-2019\/#primaryimage\"},\"thumbnailUrl\":\"https:\/\/activacostablanca.com\/wp-content\/uploads\/2019\/05\/50110904e18f1dfae10892db7db32627.jpg\",\"datePublished\":\"2019-05-22T22:07:14+00:00\",\"dateModified\":\"2019-05-22T22:09:41+00:00\",\"breadcrumb\":{\"@id\":\"https:\/\/activacostablanca.com\/en\/eventos-en\/hogueras-de-san-juan-de-alicante-2019\/#breadcrumb\"},\"inLanguage\":\"en-US\",\"potentialAction\":[{\"@type\":\"ReadAction\",\"target\":[\"https:\/\/activacostablanca.com\/en\/eventos-en\/hogueras-de-san-juan-de-alicante-2019\/\"]}]},{\"@type\":\"ImageObject\",\"inLanguage\":\"en-US\",\"@id\":\"https:\/\/activacostablanca.com\/en\/eventos-en\/hogueras-de-san-juan-de-alicante-2019\/#primaryimage\",\"url\":\"https:\/\/activacostablanca.com\/wp-content\/uploads\/2019\/05\/50110904e18f1dfae10892db7db32627.jpg\",\"contentUrl\":\"https:\/\/activacostablanca.com\/wp-content\/uploads\/2019\/05\/50110904e18f1dfae10892db7db32627.jpg\",\"width\":600,\"height\":400},{\"@type\":\"BreadcrumbList\",\"@id\":\"https:\/\/activacostablanca.com\/en\/eventos-en\/hogueras-de-san-juan-de-alicante-2019\/#breadcrumb\",\"itemListElement\":[{\"@type\":\"ListItem\",\"position\":1,\"name\":\"Portada\",\"item\":\"https:\/\/activacostablanca.com\/en\/\"},{\"@type\":\"ListItem\",\"position\":2,\"name\":\"Hogueras de San Juan de Alicante 2019\"}]},{\"@type\":\"WebSite\",\"@id\":\"https:\/\/activacostablanca.com\/#website\",\"url\":\"https:\/\/activacostablanca.com\/\",\"name\":\"Activa Costa Blanca\",\"description\":\"Activities and Excursions on the Costa Blanca\",\"publisher\":{\"@id\":\"https:\/\/activacostablanca.com\/#organization\"},\"potentialAction\":[{\"@type\":\"SearchAction\",\"target\":{\"@type\":\"EntryPoint\",\"urlTemplate\":\"https:\/\/activacostablanca.com\/?s={search_term_string}\"},\"query-input\":{\"@type\":\"PropertyValueSpecification\",\"valueRequired\":true,\"valueName\":\"search_term_string\"}}],\"inLanguage\":\"en-US\"},{\"@type\":\"Organization\",\"@id\":\"https:\/\/activacostablanca.com\/#organization\",\"name\":\"Activa Costa Blanca\",\"url\":\"https:\/\/activacostablanca.com\/\",\"logo\":{\"@type\":\"ImageObject\",\"inLanguage\":\"en-US\",\"@id\":\"https:\/\/activacostablanca.com\/#\/schema\/logo\/image\/\",\"url\":\"https:\/\/activacostablanca.com\/wp-content\/uploads\/2019\/04\/weblogo.png\",\"contentUrl\":\"https:\/\/activacostablanca.com\/wp-content\/uploads\/2019\/04\/weblogo.png\",\"width\":177,\"height\":46,\"caption\":\"Activa Costa Blanca\"},\"image\":{\"@id\":\"https:\/\/activacostablanca.com\/#\/schema\/logo\/image\/\"}},{\"@type\":\"Person\",\"@id\":\"https:\/\/activacostablanca.com\/#\/schema\/person\/d48fc026c61c0eb79e3b0ade7ab35e79\",\"name\":\"Activa Costablanca\",\"image\":{\"@type\":\"ImageObject\",\"inLanguage\":\"en-US\",\"@id\":\"https:\/\/activacostablanca.com\/#\/schema\/person\/image\/\",\"url\":\"https:\/\/secure.gravatar.com\/avatar\/657de7470d8657c20722b4ee0e1d8f7106ae39ef32e2297fb70099296a80867a?s=96&d=mm&r=g\",\"contentUrl\":\"https:\/\/secure.gravatar.com\/avatar\/657de7470d8657c20722b4ee0e1d8f7106ae39ef32e2297fb70099296a80867a?s=96&d=mm&r=g\",\"caption\":\"Activa Costablanca\"}}]}<\/script>\n<!-- \/ Yoast SEO plugin. -->","yoast_head_json":{"title":"Hogueras de San Juan de Alicante 2019 - Activa Costa Blanca","robots":{"index":"index","follow":"follow","max-snippet":"max-snippet:-1","max-image-preview":"max-image-preview:large","max-video-preview":"max-video-preview:-1"},"canonical":"https:\/\/activacostablanca.com\/en\/eventos-en\/hogueras-de-san-juan-de-alicante-2019\/","og_locale":"en_US","og_type":"article","og_title":"Hogueras de San Juan de Alicante 2019 - Activa Costa Blanca","og_description":"Hogueras de San Juan The official programme in English for this years Fogueres de Sant Joan or Hogueras de San Juan 2019\u00a0in Alicante starts on the 1st and finishes on the 29th June. There are twelve\u00a0massive day time mascleta displays, five beautiful evenings of fireworks on the beach, an international folk parade, floral offerings and [&hellip;]","og_url":"https:\/\/activacostablanca.com\/en\/eventos-en\/hogueras-de-san-juan-de-alicante-2019\/","og_site_name":"Activa Costa Blanca","article_published_time":"2019-05-22T22:07:14+00:00","article_modified_time":"2019-05-22T22:09:41+00:00","og_image":[{"width":600,"height":400,"url":"https:\/\/activacostablanca.com\/wp-content\/uploads\/2019\/05\/50110904e18f1dfae10892db7db32627.jpg","type":"image\/jpeg"}],"author":"Activa Costablanca","twitter_card":"summary_large_image","twitter_misc":{"Written by":"Activa Costablanca","Est. reading time":"4 minutes"},"schema":{"@context":"https:\/\/schema.org","@graph":[{"@type":"Article","@id":"https:\/\/activacostablanca.com\/en\/eventos-en\/hogueras-de-san-juan-de-alicante-2019\/#article","isPartOf":{"@id":"https:\/\/activacostablanca.com\/en\/eventos-en\/hogueras-de-san-juan-de-alicante-2019\/"},"author":{"name":"Activa Costablanca","@id":"https:\/\/activacostablanca.com\/#\/schema\/person\/d48fc026c61c0eb79e3b0ade7ab35e79"},"headline":"Hogueras de San Juan de Alicante 2019","datePublished":"2019-05-22T22:07:14+00:00","dateModified":"2019-05-22T22:09:41+00:00","mainEntityOfPage":{"@id":"https:\/\/activacostablanca.com\/en\/eventos-en\/hogueras-de-san-juan-de-alicante-2019\/"},"wordCount":755,"commentCount":0,"publisher":{"@id":"https:\/\/activacostablanca.com\/#organization"},"image":{"@id":"https:\/\/activacostablanca.com\/en\/eventos-en\/hogueras-de-san-juan-de-alicante-2019\/#primaryimage"},"thumbnailUrl":"https:\/\/activacostablanca.com\/wp-content\/uploads\/2019\/05\/50110904e18f1dfae10892db7db32627.jpg","keywords":["The official programme in English for this years Fogueres de Sant Joan"],"inLanguage":"en-US","potentialAction":[{"@type":"CommentAction","name":"Comment","target":["https:\/\/activacostablanca.com\/en\/eventos-en\/hogueras-de-san-juan-de-alicante-2019\/#respond"]}]},{"@type":"WebPage","@id":"https:\/\/activacostablanca.com\/en\/eventos-en\/hogueras-de-san-juan-de-alicante-2019\/","url":"https:\/\/activacostablanca.com\/en\/eventos-en\/hogueras-de-san-juan-de-alicante-2019\/","name":"Hogueras de San Juan de Alicante 2019 - Activa Costa Blanca","isPartOf":{"@id":"https:\/\/activacostablanca.com\/#website"},"primaryImageOfPage":{"@id":"https:\/\/activacostablanca.com\/en\/eventos-en\/hogueras-de-san-juan-de-alicante-2019\/#primaryimage"},"image":{"@id":"https:\/\/activacostablanca.com\/en\/eventos-en\/hogueras-de-san-juan-de-alicante-2019\/#primaryimage"},"thumbnailUrl":"https:\/\/activacostablanca.com\/wp-content\/uploads\/2019\/05\/50110904e18f1dfae10892db7db32627.jpg","datePublished":"2019-05-22T22:07:14+00:00","dateModified":"2019-05-22T22:09:41+00:00","breadcrumb":{"@id":"https:\/\/activacostablanca.com\/en\/eventos-en\/hogueras-de-san-juan-de-alicante-2019\/#breadcrumb"},"inLanguage":"en-US","potentialAction":[{"@type":"ReadAction","target":["https:\/\/activacostablanca.com\/en\/eventos-en\/hogueras-de-san-juan-de-alicante-2019\/"]}]},{"@type":"ImageObject","inLanguage":"en-US","@id":"https:\/\/activacostablanca.com\/en\/eventos-en\/hogueras-de-san-juan-de-alicante-2019\/#primaryimage","url":"https:\/\/activacostablanca.com\/wp-content\/uploads\/2019\/05\/50110904e18f1dfae10892db7db32627.jpg","contentUrl":"https:\/\/activacostablanca.com\/wp-content\/uploads\/2019\/05\/50110904e18f1dfae10892db7db32627.jpg","width":600,"height":400},{"@type":"BreadcrumbList","@id":"https:\/\/activacostablanca.com\/en\/eventos-en\/hogueras-de-san-juan-de-alicante-2019\/#breadcrumb","itemListElement":[{"@type":"ListItem","position":1,"name":"Portada","item":"https:\/\/activacostablanca.com\/en\/"},{"@type":"ListItem","position":2,"name":"Hogueras de San Juan de Alicante 2019"}]},{"@type":"WebSite","@id":"https:\/\/activacostablanca.com\/#website","url":"https:\/\/activacostablanca.com\/","name":"Activa Costa Blanca","description":"Activities and Excursions on the Costa Blanca","publisher":{"@id":"https:\/\/activacostablanca.com\/#organization"},"potentialAction":[{"@type":"SearchAction","target":{"@type":"EntryPoint","urlTemplate":"https:\/\/activacostablanca.com\/?s={search_term_string}"},"query-input":{"@type":"PropertyValueSpecification","valueRequired":true,"valueName":"search_term_string"}}],"inLanguage":"en-US"},{"@type":"Organization","@id":"https:\/\/activacostablanca.com\/#organization","name":"Activa Costa Blanca","url":"https:\/\/activacostablanca.com\/","logo":{"@type":"ImageObject","inLanguage":"en-US","@id":"https:\/\/activacostablanca.com\/#\/schema\/logo\/image\/","url":"https:\/\/activacostablanca.com\/wp-content\/uploads\/2019\/04\/weblogo.png","contentUrl":"https:\/\/activacostablanca.com\/wp-content\/uploads\/2019\/04\/weblogo.png","width":177,"height":46,"caption":"Activa Costa Blanca"},"image":{"@id":"https:\/\/activacostablanca.com\/#\/schema\/logo\/image\/"}},{"@type":"Person","@id":"https:\/\/activacostablanca.com\/#\/schema\/person\/d48fc026c61c0eb79e3b0ade7ab35e79","name":"Activa Costablanca","image":{"@type":"ImageObject","inLanguage":"en-US","@id":"https:\/\/activacostablanca.com\/#\/schema\/person\/image\/","url":"https:\/\/secure.gravatar.com\/avatar\/657de7470d8657c20722b4ee0e1d8f7106ae39ef32e2297fb70099296a80867a?s=96&d=mm&r=g","contentUrl":"https:\/\/secure.gravatar.com\/avatar\/657de7470d8657c20722b4ee0e1d8f7106ae39ef32e2297fb70099296a80867a?s=96&d=mm&r=g","caption":"Activa Costablanca"}}]}},"_links":{"self":[{"href":"https:\/\/activacostablanca.com\/en\/wp-json\/wp\/v2\/posts\/12488","targetHints":{"allow":["GET"]}}],"collection":[{"href":"https:\/\/activacostablanca.com\/en\/wp-json\/wp\/v2\/posts"}],"about":[{"href":"https:\/\/activacostablanca.com\/en\/wp-json\/wp\/v2\/types\/post"}],"author":[{"embeddable":true,"href":"https:\/\/activacostablanca.com\/en\/wp-json\/wp\/v2\/users\/2"}],"replies":[{"embeddable":true,"href":"https:\/\/activacostablanca.com\/en\/wp-json\/wp\/v2\/comments?post=12488"}],"version-history":[{"count":2,"href":"https:\/\/activacostablanca.com\/en\/wp-json\/wp\/v2\/posts\/12488\/revisions"}],"predecessor-version":[{"id":12492,"href":"https:\/\/activacostablanca.com\/en\/wp-json\/wp\/v2\/posts\/12488\/revisions\/12492"}],"wp:featuredmedia":[{"embeddable":true,"href":"https:\/\/activacostablanca.com\/en\/wp-json\/wp\/v2\/media\/12484"}],"wp:attachment":[{"href":"https:\/\/activacostablanca.com\/en\/wp-json\/wp\/v2\/media?parent=12488"}],"wp:term":[{"taxonomy":"category","embeddable":true,"href":"https:\/\/activacostablanca.com\/en\/wp-json\/wp\/v2\/categories?post=12488"},{"taxonomy":"post_tag","embeddable":true,"href":"https:\/\/activacostablanca.com\/en\/wp-json\/wp\/v2\/tags?post=12488"}],"curies":[{"name":"wp","href":"https:\/\/api.w.org\/{rel}","templated":true}]}}