{"id":11568,"date":"2016-02-08T00:00:00","date_gmt":"2016-02-08T00:00:00","guid":{"rendered":"http:\/\/dev.activacostablanca.com\/uncategorized\/ruta-sendersimo-a-la-sierra-olta-en-calpe\/"},"modified":"2016-02-08T00:00:00","modified_gmt":"2016-02-08T00:00:00","slug":"ruta-sendersimo-a-la-sierra-olta-en-calpe","status":"publish","type":"post","link":"https:\/\/activacostablanca.com\/en\/senderismo\/ruta-sendersimo-a-la-sierra-olta-en-calpe\/","title":{"rendered":"Ruta sendersimo a la Sierra Olta en Calpe"},"content":{"rendered":"<p>Un ruta por la Sierra de Olt\u00e1, marcada como sendero de peque\u00f1o recorrido PR CV 340. Pasamos por la estaci\u00f3n del Tram en Calpe&#8230;Pasamos primero por delante de la estaci\u00f3n de tram de Calpe..<br \/>\nLa ruta comienza en la zona de acampada, que se encuentra en las faldas de dicha sierra. Esta ruta est\u00e1 perfectamente marcada y con varias posibilidades de recorrido. <\/p>\n<p>Al principio de la ruta, nos encontramos con dos fuentes y un aljibe, un poco m\u00e1s adelante llegamos a la Ermita del Valle, un lugar con unas bonitas vistas. Proseguimos por una pista, hasta llegar a un desv\u00edo a la izquierda, tomamos un peque\u00f1o sendero que comienza a subir con fuerte pendiente, hasta llegar a una especie de antiplanicie. Se prosigue la subida hacia la Cima de Olt\u00e1, desde aqu\u00ed podemos ver la sierra de Bernia, impresiona cuando la ves rodedada por nubes en sus cumbres. <\/p>\n<p>El terreno es de piedra caliza, con bastantes huecos, hay que tener un poco de cuidado en la pisada. Volvemos sobre nuestros pasos, para descender por la la zona de La Pou de la Mola, una vaguada que nos lleva a una pista, la cual nos hace rodear la sierra por la parte norte. <\/p>\n<p>Antes de llegar de nuevo a la zona de acampada, tenemos otro peque\u00f1o repecho durante un kil\u00f3metro por pista, hasta llegar a la Pas de la Canal, y desde aqu\u00ed una bajada con fuerte pendiente, que hay que tener un poco de cuidado, pero que se hace bien. Una ruta f\u00e1cil , con vistas impresionantes : el mar mediterr\u00e1neo, el cielo azul increible de la Costa Blanca, la sierra de Bernia, el pe\u00f1on de Ifach..!!!<\/p>\n","protected":false},"excerpt":{"rendered":"<p>Un ruta por la Sierra de Olt\u00e1, marcada como sendero de peque\u00f1o recorrido PR CV 340. Pasamos por la estaci\u00f3n del Tram en Calpe&#8230;Pasamos primero por delante de la estaci\u00f3n de tram de Calpe.. La ruta comienza en la zona de acampada, que se encuentra en las faldas de dicha sierra. Esta ruta est\u00e1 perfectamente [&hellip;]<\/p>\n","protected":false},"author":1,"featured_media":10094,"comment_status":"closed","ping_status":"closed","sticky":false,"template":"","format":"standard","meta":{"_exactmetrics_skip_tracking":false,"_exactmetrics_sitenote_active":false,"_exactmetrics_sitenote_note":"","_exactmetrics_sitenote_category":0,"footnotes":""},"categories":[2894],"tags":[2895],"class_list":["post-11568","post","type-post","status-publish","format-standard","has-post-thumbnail","hentry","category-senderismo","tag-costa-blancaestacion-de-tram-calpemar-mediterraneopenon-de-ifachruta-sendersimo-a-la-sierra-olta-en-calpesierra-de-bernia"],"yoast_head":"<!-- This site is optimized with the Yoast SEO plugin v25.0 - https:\/\/yoast.com\/wordpress\/plugins\/seo\/ -->\n<title>Ruta sendersimo a la Sierra Olta en Calpe - Activa Costa Blanca<\/title>\n<meta name=\"robots\" content=\"index, follow, max-snippet:-1, max-image-preview:large, max-video-preview:-1\" \/>\n<link rel=\"canonical\" href=\"https:\/\/activacostablanca.com\/en\/senderismo-en\/ruta-sendersimo-a-la-sierra-olta-en-calpe\/\" \/>\n<meta property=\"og:locale\" content=\"en_US\" \/>\n<meta property=\"og:type\" content=\"article\" \/>\n<meta property=\"og:title\" content=\"Ruta sendersimo a la Sierra Olta en Calpe - Activa Costa Blanca\" \/>\n<meta property=\"og:description\" content=\"Un ruta por la Sierra de Olt\u00e1, marcada como sendero de peque\u00f1o recorrido PR CV 340. Pasamos por la estaci\u00f3n del Tram en Calpe&#8230;Pasamos primero por delante de la estaci\u00f3n de tram de Calpe.. La ruta comienza en la zona de acampada, que se encuentra en las faldas de dicha sierra. Esta ruta est\u00e1 perfectamente [&hellip;]\" \/>\n<meta property=\"og:url\" content=\"https:\/\/activacostablanca.com\/en\/senderismo-en\/ruta-sendersimo-a-la-sierra-olta-en-calpe\/\" \/>\n<meta property=\"og:site_name\" content=\"Activa Costa Blanca\" \/>\n<meta property=\"article:published_time\" content=\"2016-02-08T00:00:00+00:00\" \/>\n<meta property=\"og:image\" content=\"https:\/\/activacostablanca.com\/wp-content\/uploads\/2019\/05\/olta.jpg\" \/>\n\t<meta property=\"og:image:width\" content=\"720\" \/>\n\t<meta property=\"og:image:height\" content=\"328\" \/>\n\t<meta property=\"og:image:type\" content=\"image\/jpeg\" \/>\n<meta name=\"author\" content=\"demongrafix\" \/>\n<meta name=\"twitter:card\" content=\"summary_large_image\" \/>\n<meta name=\"twitter:label1\" content=\"Written by\" \/>\n\t<meta name=\"twitter:data1\" content=\"demongrafix\" \/>\n\t<meta name=\"twitter:label2\" content=\"Est. reading time\" \/>\n\t<meta name=\"twitter:data2\" content=\"1 minute\" \/>\n<script type=\"application\/ld+json\" class=\"yoast-schema-graph\">{\"@context\":\"https:\/\/schema.org\",\"@graph\":[{\"@type\":\"Article\",\"@id\":\"https:\/\/activacostablanca.com\/en\/senderismo-en\/ruta-sendersimo-a-la-sierra-olta-en-calpe\/#article\",\"isPartOf\":{\"@id\":\"https:\/\/activacostablanca.com\/en\/senderismo-en\/ruta-sendersimo-a-la-sierra-olta-en-calpe\/\"},\"author\":{\"name\":\"demongrafix\",\"@id\":\"https:\/\/activacostablanca.com\/#\/schema\/person\/84a6a4326d7c678f0239f6a057873335\"},\"headline\":\"Ruta sendersimo a la Sierra Olta en Calpe\",\"datePublished\":\"2016-02-08T00:00:00+00:00\",\"mainEntityOfPage\":{\"@id\":\"https:\/\/activacostablanca.com\/en\/senderismo-en\/ruta-sendersimo-a-la-sierra-olta-en-calpe\/\"},\"wordCount\":294,\"publisher\":{\"@id\":\"https:\/\/activacostablanca.com\/#organization\"},\"image\":{\"@id\":\"https:\/\/activacostablanca.com\/en\/senderismo-en\/ruta-sendersimo-a-la-sierra-olta-en-calpe\/#primaryimage\"},\"thumbnailUrl\":\"https:\/\/activacostablanca.com\/wp-content\/uploads\/2019\/05\/olta.jpg\",\"keywords\":[\"costa blanca|estaci\u00f3n de tram Calpe|mar mediterraneo|Pe\u00f1on de ifach|Ruta sendersimo a la Sierra Olta en Calpe|sierra de bernia\"],\"articleSection\":[\"Senderismo\"],\"inLanguage\":\"en-US\"},{\"@type\":\"WebPage\",\"@id\":\"https:\/\/activacostablanca.com\/en\/senderismo-en\/ruta-sendersimo-a-la-sierra-olta-en-calpe\/\",\"url\":\"https:\/\/activacostablanca.com\/en\/senderismo-en\/ruta-sendersimo-a-la-sierra-olta-en-calpe\/\",\"name\":\"Ruta sendersimo a la Sierra Olta en Calpe - Activa Costa Blanca\",\"isPartOf\":{\"@id\":\"https:\/\/activacostablanca.com\/#website\"},\"primaryImageOfPage\":{\"@id\":\"https:\/\/activacostablanca.com\/en\/senderismo-en\/ruta-sendersimo-a-la-sierra-olta-en-calpe\/#primaryimage\"},\"image\":{\"@id\":\"https:\/\/activacostablanca.com\/en\/senderismo-en\/ruta-sendersimo-a-la-sierra-olta-en-calpe\/#primaryimage\"},\"thumbnailUrl\":\"https:\/\/activacostablanca.com\/wp-content\/uploads\/2019\/05\/olta.jpg\",\"datePublished\":\"2016-02-08T00:00:00+00:00\",\"breadcrumb\":{\"@id\":\"https:\/\/activacostablanca.com\/en\/senderismo-en\/ruta-sendersimo-a-la-sierra-olta-en-calpe\/#breadcrumb\"},\"inLanguage\":\"en-US\",\"potentialAction\":[{\"@type\":\"ReadAction\",\"target\":[\"https:\/\/activacostablanca.com\/en\/senderismo-en\/ruta-sendersimo-a-la-sierra-olta-en-calpe\/\"]}]},{\"@type\":\"ImageObject\",\"inLanguage\":\"en-US\",\"@id\":\"https:\/\/activacostablanca.com\/en\/senderismo-en\/ruta-sendersimo-a-la-sierra-olta-en-calpe\/#primaryimage\",\"url\":\"https:\/\/activacostablanca.com\/wp-content\/uploads\/2019\/05\/olta.jpg\",\"contentUrl\":\"https:\/\/activacostablanca.com\/wp-content\/uploads\/2019\/05\/olta.jpg\",\"width\":720,\"height\":328},{\"@type\":\"BreadcrumbList\",\"@id\":\"https:\/\/activacostablanca.com\/en\/senderismo-en\/ruta-sendersimo-a-la-sierra-olta-en-calpe\/#breadcrumb\",\"itemListElement\":[{\"@type\":\"ListItem\",\"position\":1,\"name\":\"Portada\",\"item\":\"https:\/\/activacostablanca.com\/en\/\"},{\"@type\":\"ListItem\",\"position\":2,\"name\":\"Ruta sendersimo a la Sierra Olta en Calpe\"}]},{\"@type\":\"WebSite\",\"@id\":\"https:\/\/activacostablanca.com\/#website\",\"url\":\"https:\/\/activacostablanca.com\/\",\"name\":\"Activa Costa Blanca\",\"description\":\"Activities and Excursions on the Costa Blanca\",\"publisher\":{\"@id\":\"https:\/\/activacostablanca.com\/#organization\"},\"potentialAction\":[{\"@type\":\"SearchAction\",\"target\":{\"@type\":\"EntryPoint\",\"urlTemplate\":\"https:\/\/activacostablanca.com\/?s={search_term_string}\"},\"query-input\":{\"@type\":\"PropertyValueSpecification\",\"valueRequired\":true,\"valueName\":\"search_term_string\"}}],\"inLanguage\":\"en-US\"},{\"@type\":\"Organization\",\"@id\":\"https:\/\/activacostablanca.com\/#organization\",\"name\":\"Activa Costa Blanca\",\"url\":\"https:\/\/activacostablanca.com\/\",\"logo\":{\"@type\":\"ImageObject\",\"inLanguage\":\"en-US\",\"@id\":\"https:\/\/activacostablanca.com\/#\/schema\/logo\/image\/\",\"url\":\"https:\/\/activacostablanca.com\/wp-content\/uploads\/2019\/04\/weblogo.png\",\"contentUrl\":\"https:\/\/activacostablanca.com\/wp-content\/uploads\/2019\/04\/weblogo.png\",\"width\":177,\"height\":46,\"caption\":\"Activa Costa Blanca\"},\"image\":{\"@id\":\"https:\/\/activacostablanca.com\/#\/schema\/logo\/image\/\"}},{\"@type\":\"Person\",\"@id\":\"https:\/\/activacostablanca.com\/#\/schema\/person\/84a6a4326d7c678f0239f6a057873335\",\"name\":\"demongrafix\",\"image\":{\"@type\":\"ImageObject\",\"inLanguage\":\"en-US\",\"@id\":\"https:\/\/activacostablanca.com\/#\/schema\/person\/image\/\",\"url\":\"https:\/\/secure.gravatar.com\/avatar\/f066459475258318555b6213eeb0b4fac42480cd4fea55a5713050e43caa8a65?s=96&d=mm&r=g\",\"contentUrl\":\"https:\/\/secure.gravatar.com\/avatar\/f066459475258318555b6213eeb0b4fac42480cd4fea55a5713050e43caa8a65?s=96&d=mm&r=g\",\"caption\":\"demongrafix\"}}]}<\/script>\n<!-- \/ Yoast SEO plugin. -->","yoast_head_json":{"title":"Ruta sendersimo a la Sierra Olta en Calpe - Activa Costa Blanca","robots":{"index":"index","follow":"follow","max-snippet":"max-snippet:-1","max-image-preview":"max-image-preview:large","max-video-preview":"max-video-preview:-1"},"canonical":"https:\/\/activacostablanca.com\/en\/senderismo-en\/ruta-sendersimo-a-la-sierra-olta-en-calpe\/","og_locale":"en_US","og_type":"article","og_title":"Ruta sendersimo a la Sierra Olta en Calpe - Activa Costa Blanca","og_description":"Un ruta por la Sierra de Olt\u00e1, marcada como sendero de peque\u00f1o recorrido PR CV 340. Pasamos por la estaci\u00f3n del Tram en Calpe&#8230;Pasamos primero por delante de la estaci\u00f3n de tram de Calpe.. La ruta comienza en la zona de acampada, que se encuentra en las faldas de dicha sierra. Esta ruta est\u00e1 perfectamente [&hellip;]","og_url":"https:\/\/activacostablanca.com\/en\/senderismo-en\/ruta-sendersimo-a-la-sierra-olta-en-calpe\/","og_site_name":"Activa Costa Blanca","article_published_time":"2016-02-08T00:00:00+00:00","og_image":[{"width":720,"height":328,"url":"https:\/\/activacostablanca.com\/wp-content\/uploads\/2019\/05\/olta.jpg","type":"image\/jpeg"}],"author":"demongrafix","twitter_card":"summary_large_image","twitter_misc":{"Written by":"demongrafix","Est. reading time":"1 minute"},"schema":{"@context":"https:\/\/schema.org","@graph":[{"@type":"Article","@id":"https:\/\/activacostablanca.com\/en\/senderismo-en\/ruta-sendersimo-a-la-sierra-olta-en-calpe\/#article","isPartOf":{"@id":"https:\/\/activacostablanca.com\/en\/senderismo-en\/ruta-sendersimo-a-la-sierra-olta-en-calpe\/"},"author":{"name":"demongrafix","@id":"https:\/\/activacostablanca.com\/#\/schema\/person\/84a6a4326d7c678f0239f6a057873335"},"headline":"Ruta sendersimo a la Sierra Olta en Calpe","datePublished":"2016-02-08T00:00:00+00:00","mainEntityOfPage":{"@id":"https:\/\/activacostablanca.com\/en\/senderismo-en\/ruta-sendersimo-a-la-sierra-olta-en-calpe\/"},"wordCount":294,"publisher":{"@id":"https:\/\/activacostablanca.com\/#organization"},"image":{"@id":"https:\/\/activacostablanca.com\/en\/senderismo-en\/ruta-sendersimo-a-la-sierra-olta-en-calpe\/#primaryimage"},"thumbnailUrl":"https:\/\/activacostablanca.com\/wp-content\/uploads\/2019\/05\/olta.jpg","keywords":["costa blanca|estaci\u00f3n de tram Calpe|mar mediterraneo|Pe\u00f1on de ifach|Ruta sendersimo a la Sierra Olta en Calpe|sierra de bernia"],"articleSection":["Senderismo"],"inLanguage":"en-US"},{"@type":"WebPage","@id":"https:\/\/activacostablanca.com\/en\/senderismo-en\/ruta-sendersimo-a-la-sierra-olta-en-calpe\/","url":"https:\/\/activacostablanca.com\/en\/senderismo-en\/ruta-sendersimo-a-la-sierra-olta-en-calpe\/","name":"Ruta sendersimo a la Sierra Olta en Calpe - Activa Costa Blanca","isPartOf":{"@id":"https:\/\/activacostablanca.com\/#website"},"primaryImageOfPage":{"@id":"https:\/\/activacostablanca.com\/en\/senderismo-en\/ruta-sendersimo-a-la-sierra-olta-en-calpe\/#primaryimage"},"image":{"@id":"https:\/\/activacostablanca.com\/en\/senderismo-en\/ruta-sendersimo-a-la-sierra-olta-en-calpe\/#primaryimage"},"thumbnailUrl":"https:\/\/activacostablanca.com\/wp-content\/uploads\/2019\/05\/olta.jpg","datePublished":"2016-02-08T00:00:00+00:00","breadcrumb":{"@id":"https:\/\/activacostablanca.com\/en\/senderismo-en\/ruta-sendersimo-a-la-sierra-olta-en-calpe\/#breadcrumb"},"inLanguage":"en-US","potentialAction":[{"@type":"ReadAction","target":["https:\/\/activacostablanca.com\/en\/senderismo-en\/ruta-sendersimo-a-la-sierra-olta-en-calpe\/"]}]},{"@type":"ImageObject","inLanguage":"en-US","@id":"https:\/\/activacostablanca.com\/en\/senderismo-en\/ruta-sendersimo-a-la-sierra-olta-en-calpe\/#primaryimage","url":"https:\/\/activacostablanca.com\/wp-content\/uploads\/2019\/05\/olta.jpg","contentUrl":"https:\/\/activacostablanca.com\/wp-content\/uploads\/2019\/05\/olta.jpg","width":720,"height":328},{"@type":"BreadcrumbList","@id":"https:\/\/activacostablanca.com\/en\/senderismo-en\/ruta-sendersimo-a-la-sierra-olta-en-calpe\/#breadcrumb","itemListElement":[{"@type":"ListItem","position":1,"name":"Portada","item":"https:\/\/activacostablanca.com\/en\/"},{"@type":"ListItem","position":2,"name":"Ruta sendersimo a la Sierra Olta en Calpe"}]},{"@type":"WebSite","@id":"https:\/\/activacostablanca.com\/#website","url":"https:\/\/activacostablanca.com\/","name":"Activa Costa Blanca","description":"Activities and Excursions on the Costa Blanca","publisher":{"@id":"https:\/\/activacostablanca.com\/#organization"},"potentialAction":[{"@type":"SearchAction","target":{"@type":"EntryPoint","urlTemplate":"https:\/\/activacostablanca.com\/?s={search_term_string}"},"query-input":{"@type":"PropertyValueSpecification","valueRequired":true,"valueName":"search_term_string"}}],"inLanguage":"en-US"},{"@type":"Organization","@id":"https:\/\/activacostablanca.com\/#organization","name":"Activa Costa Blanca","url":"https:\/\/activacostablanca.com\/","logo":{"@type":"ImageObject","inLanguage":"en-US","@id":"https:\/\/activacostablanca.com\/#\/schema\/logo\/image\/","url":"https:\/\/activacostablanca.com\/wp-content\/uploads\/2019\/04\/weblogo.png","contentUrl":"https:\/\/activacostablanca.com\/wp-content\/uploads\/2019\/04\/weblogo.png","width":177,"height":46,"caption":"Activa Costa Blanca"},"image":{"@id":"https:\/\/activacostablanca.com\/#\/schema\/logo\/image\/"}},{"@type":"Person","@id":"https:\/\/activacostablanca.com\/#\/schema\/person\/84a6a4326d7c678f0239f6a057873335","name":"demongrafix","image":{"@type":"ImageObject","inLanguage":"en-US","@id":"https:\/\/activacostablanca.com\/#\/schema\/person\/image\/","url":"https:\/\/secure.gravatar.com\/avatar\/f066459475258318555b6213eeb0b4fac42480cd4fea55a5713050e43caa8a65?s=96&d=mm&r=g","contentUrl":"https:\/\/secure.gravatar.com\/avatar\/f066459475258318555b6213eeb0b4fac42480cd4fea55a5713050e43caa8a65?s=96&d=mm&r=g","caption":"demongrafix"}}]}},"_links":{"self":[{"href":"https:\/\/activacostablanca.com\/en\/wp-json\/wp\/v2\/posts\/11568","targetHints":{"allow":["GET"]}}],"collection":[{"href":"https:\/\/activacostablanca.com\/en\/wp-json\/wp\/v2\/posts"}],"about":[{"href":"https:\/\/activacostablanca.com\/en\/wp-json\/wp\/v2\/types\/post"}],"author":[{"embeddable":true,"href":"https:\/\/activacostablanca.com\/en\/wp-json\/wp\/v2\/users\/1"}],"replies":[{"embeddable":true,"href":"https:\/\/activacostablanca.com\/en\/wp-json\/wp\/v2\/comments?post=11568"}],"version-history":[{"count":0,"href":"https:\/\/activacostablanca.com\/en\/wp-json\/wp\/v2\/posts\/11568\/revisions"}],"wp:featuredmedia":[{"embeddable":true,"href":"https:\/\/activacostablanca.com\/en\/wp-json\/wp\/v2\/media\/10094"}],"wp:attachment":[{"href":"https:\/\/activacostablanca.com\/en\/wp-json\/wp\/v2\/media?parent=11568"}],"wp:term":[{"taxonomy":"category","embeddable":true,"href":"https:\/\/activacostablanca.com\/en\/wp-json\/wp\/v2\/categories?post=11568"},{"taxonomy":"post_tag","embeddable":true,"href":"https:\/\/activacostablanca.com\/en\/wp-json\/wp\/v2\/tags?post=11568"}],"curies":[{"name":"wp","href":"https:\/\/api.w.org\/{rel}","templated":true}]}}