{"id":14459,"date":"2021-02-10T21:13:05","date_gmt":"2021-02-10T20:13:05","guid":{"rendered":"https:\/\/activacostablanca.com\/unkategorisiert\/y-ahora-el-turno-de-subir-al-alto-del-gobernador-desde-la-playa-de-albir\/"},"modified":"2021-02-20T23:48:44","modified_gmt":"2021-02-20T22:48:44","slug":"y-ahora-el-turno-de-subir-al-alto-del-gobernador-desde-la-playa-de-albir","status":"publish","type":"post","link":"https:\/\/activacostablanca.com\/de\/unkategorisiert\/y-ahora-el-turno-de-subir-al-alto-del-gobernador-desde-la-playa-de-albir\/","title":{"rendered":"UND NUN WAR ES AN DER ZEIT, VOM STRAND VON ALBIR ZUM ALTO DEL GOBERNADOR AUFZUSTEIGEN."},"content":{"rendered":"<p>Der Tag war f\u00fcr eine gute Wanderung geeignet und da ich bereits die Route zum Leuchtturm von Albir gemacht hatte, entschied ich mich diesmal f\u00fcr eine Route mit mehr Action und Aktivit\u00e4t&#8230; Die Route zum Alto del Gobernador. SIERRA HELADA NATIONALPARK<\/p>\n<p><img loading=\"lazy\" decoding=\"async\" class=\"aligncenter wp-image-14342 size-large\" src=\"https:\/\/activacostablanca.com\/wp-content\/uploads\/2021\/02\/IMG_20210207_162221-01-1024x1024.jpeg\" alt=\"\" width=\"1024\" height=\"1024\" srcset=\"https:\/\/activacostablanca.com\/wp-content\/uploads\/2021\/02\/IMG_20210207_162221-01-1024x1024.jpeg 1024w, https:\/\/activacostablanca.com\/wp-content\/uploads\/2021\/02\/IMG_20210207_162221-01-150x150.jpeg 150w, https:\/\/activacostablanca.com\/wp-content\/uploads\/2021\/02\/IMG_20210207_162221-01-300x300.jpeg 300w\" sizes=\"auto, (max-width: 1024px) 100vw, 1024px\" \/><\/p>\n<p><img loading=\"lazy\" decoding=\"async\" class=\"aligncenter wp-image-14334 size-large\" src=\"https:\/\/activacostablanca.com\/wp-content\/uploads\/2021\/02\/IMG_20210207_141939__02-1024x1024.jpg\" alt=\"\" width=\"1024\" height=\"1024\" srcset=\"https:\/\/activacostablanca.com\/wp-content\/uploads\/2021\/02\/IMG_20210207_141939__02-1024x1024.jpg 1024w, https:\/\/activacostablanca.com\/wp-content\/uploads\/2021\/02\/IMG_20210207_141939__02-150x150.jpg 150w, https:\/\/activacostablanca.com\/wp-content\/uploads\/2021\/02\/IMG_20210207_141939__02-300x300.jpg 300w\" sizes=\"auto, (max-width: 1024px) 100vw, 1024px\" \/><\/p>\n<p><img loading=\"lazy\" decoding=\"async\" class=\"aligncenter wp-image-14338 size-large\" src=\"https:\/\/activacostablanca.com\/wp-content\/uploads\/2021\/02\/IMG_20210207_142539-01-1024x1024.jpeg\" alt=\"\" width=\"1024\" height=\"1024\" srcset=\"https:\/\/activacostablanca.com\/wp-content\/uploads\/2021\/02\/IMG_20210207_142539-01-1024x1024.jpeg 1024w, https:\/\/activacostablanca.com\/wp-content\/uploads\/2021\/02\/IMG_20210207_142539-01-150x150.jpeg 150w, https:\/\/activacostablanca.com\/wp-content\/uploads\/2021\/02\/IMG_20210207_142539-01-300x300.jpeg 300w\" sizes=\"auto, (max-width: 1024px) 100vw, 1024px\" \/><\/p>\n<p>Eine etwas k\u00fcrzere Route im Vergleich zum Leuchtturm, aber mit viel mehr Steigung und der H\u00f6he, die Sie erreichen, k\u00f6nnen Sie deutlich die St\u00e4dte CALPE, ALTEA, ALFAS DEL PI, LA NUCIA, BENIDORM sehen (wie ich Ihnen im Video zeige).<\/p>\n<div style=\"width: 1344px;\" class=\"wp-video\"><!--[if lt IE 9]><script>document.createElement('video');<\/script><![endif]-->\n<video class=\"wp-video-shortcode\" id=\"video-14459-1\" width=\"1344\" height=\"756\" preload=\"metadata\" controls=\"controls\"><source type=\"video\/mp4\" src=\"https:\/\/activacostablanca.com\/wp-content\/uploads\/2021\/02\/VID_20210207_144350-1.mp4?_=1\" \/><a href=\"https:\/\/activacostablanca.com\/wp-content\/uploads\/2021\/02\/VID_20210207_144350-1.mp4\">https:\/\/activacostablanca.com\/wp-content\/uploads\/2021\/02\/VID_20210207_144350-1.mp4<\/a><\/video><\/div>\n<p>Es ist eine moderate Route, aber ohne Risiken, ich pers\u00f6nlich mag sie wegen der konstanten Steigung. Machen Sie sich auf einen 2,1 km langen Aufstieg auf einem steinigen Pfad gefasst, der ca. 2 Stunden (hin und zur\u00fcck) dauert. Als Belohnung erwarten Sie spektakul\u00e4re Aussichten, die jede Anstrengung wert sind. Aber keine Sorge, etwa auf halber Strecke werden Sie eine kurze Pause einlegen (flacher Weg zwischen Kiefern), die Ihnen hilft, Ihre Batterien wieder aufzuladen und Ihr Ziel zu erreichen.<\/p>\n<p>&nbsp;<\/p>\n<p><img loading=\"lazy\" decoding=\"async\" class=\"aligncenter wp-image-14330 size-large\" src=\"https:\/\/activacostablanca.com\/wp-content\/uploads\/2021\/02\/IMG_20210207_144145-1024x1024.jpg\" alt=\"\" width=\"1024\" height=\"1024\" srcset=\"https:\/\/activacostablanca.com\/wp-content\/uploads\/2021\/02\/IMG_20210207_144145-1024x1024.jpg 1024w, https:\/\/activacostablanca.com\/wp-content\/uploads\/2021\/02\/IMG_20210207_144145-150x150.jpg 150w, https:\/\/activacostablanca.com\/wp-content\/uploads\/2021\/02\/IMG_20210207_144145-300x300.jpg 300w\" sizes=\"auto, (max-width: 1024px) 100vw, 1024px\" \/><\/p>\n<p>&nbsp;<\/p>\n<p><img loading=\"lazy\" decoding=\"async\" class=\"alignright wp-image-14446 size-large\" src=\"https:\/\/activacostablanca.com\/wp-content\/uploads\/2021\/02\/IMG_20210207_145254__01-1024x1024.jpg\" alt=\"\" width=\"1024\" height=\"1024\" srcset=\"https:\/\/activacostablanca.com\/wp-content\/uploads\/2021\/02\/IMG_20210207_145254__01-1024x1024.jpg 1024w, https:\/\/activacostablanca.com\/wp-content\/uploads\/2021\/02\/IMG_20210207_145254__01-150x150.jpg 150w, https:\/\/activacostablanca.com\/wp-content\/uploads\/2021\/02\/IMG_20210207_145254__01-300x300.jpg 300w\" sizes=\"auto, (max-width: 1024px) 100vw, 1024px\" \/><\/p>\n<p>&nbsp;<\/p>\n<p>&nbsp;<\/p>\n<p>&nbsp;<\/p>\n<p>&nbsp;<\/p>\n<p>&nbsp;<\/p>\n<p>&nbsp;<\/p>\n<p>&nbsp;<\/p>\n<p>&nbsp;<\/p>\n<p>&nbsp;<\/p>\n<p>&nbsp;<\/p>\n<p>Sie erreichen die Telekommunikationsantennen, den h\u00f6chsten Punkt der Wanderung (430 m) und den perfekten Ort, um sch\u00f6ne Fotos zu machen. Und wenn Sie noch Energie \u00fcbrig haben und mehr wollen, k\u00f6nnen Sie die Route zum Cruz de Benidorm am Rande der Sierra Helada mit einigen schwindelerregenden Klippen nehmen.<\/p>\n<p>&nbsp;<\/p>\n<p><img loading=\"lazy\" decoding=\"async\" class=\"aligncenter wp-image-14318 size-large\" src=\"https:\/\/activacostablanca.com\/wp-content\/uploads\/2021\/02\/IMG_20210207_151705-1024x1024.jpg\" alt=\"\" width=\"1024\" height=\"1024\" srcset=\"https:\/\/activacostablanca.com\/wp-content\/uploads\/2021\/02\/IMG_20210207_151705-1024x1024.jpg 1024w, https:\/\/activacostablanca.com\/wp-content\/uploads\/2021\/02\/IMG_20210207_151705-150x150.jpg 150w, https:\/\/activacostablanca.com\/wp-content\/uploads\/2021\/02\/IMG_20210207_151705-300x300.jpg 300w\" sizes=\"auto, (max-width: 1024px) 100vw, 1024px\" \/><\/p>\n<p><img loading=\"lazy\" decoding=\"async\" class=\"alignright wp-image-14450 size-large\" src=\"https:\/\/activacostablanca.com\/wp-content\/uploads\/2021\/02\/IMG_20210207_151844__01-1024x1024.jpg\" alt=\"\" width=\"1024\" height=\"1024\" srcset=\"https:\/\/activacostablanca.com\/wp-content\/uploads\/2021\/02\/IMG_20210207_151844__01-1024x1024.jpg 1024w, https:\/\/activacostablanca.com\/wp-content\/uploads\/2021\/02\/IMG_20210207_151844__01-150x150.jpg 150w, https:\/\/activacostablanca.com\/wp-content\/uploads\/2021\/02\/IMG_20210207_151844__01-300x300.jpg 300w\" sizes=\"auto, (max-width: 1024px) 100vw, 1024px\" \/><\/p>\n<p><img loading=\"lazy\" decoding=\"async\" class=\"aligncenter wp-image-14382 size-large\" src=\"https:\/\/activacostablanca.com\/wp-content\/uploads\/2021\/02\/albir-1024x1024.jpg\" alt=\"\" width=\"1024\" height=\"1024\" srcset=\"https:\/\/activacostablanca.com\/wp-content\/uploads\/2021\/02\/albir-1024x1024.jpg 1024w, https:\/\/activacostablanca.com\/wp-content\/uploads\/2021\/02\/albir-150x150.jpg 150w, https:\/\/activacostablanca.com\/wp-content\/uploads\/2021\/02\/albir-300x300.jpg 300w\" sizes=\"auto, (max-width: 1024px) 100vw, 1024px\" \/><\/p>\n","protected":false},"excerpt":{"rendered":"<p>Der Tag war f\u00fcr eine gute Wanderung geeignet und da ich bereits die Route zum Leuchtturm von Albir gemacht hatte, entschied ich mich diesmal f\u00fcr eine Route mit mehr Action und Aktivit\u00e4t&#8230; Die Route zum Alto del Gobernador. SIERRA HELADA NATIONALPARK Eine etwas k\u00fcrzere Route im Vergleich zum Leuchtturm, aber mit viel mehr Steigung und [&hellip;]<\/p>\n","protected":false},"author":2,"featured_media":14305,"comment_status":"open","ping_status":"open","sticky":false,"template":"","format":"standard","meta":{"_exactmetrics_skip_tracking":false,"_exactmetrics_sitenote_active":false,"_exactmetrics_sitenote_note":"","_exactmetrics_sitenote_category":0,"footnotes":""},"categories":[3912,2813],"tags":[3913,3823,3914,3824,3825,3915,3916,3917],"class_list":["post-14459","post","type-post","status-publish","format-standard","has-post-thumbnail","hentry","category-deporteshiking-mountain-walkingsenderismo-de","category-unkategorisiert","tag-alfas-del-pi-de","tag-altea-2-de","tag-alto-del-gobernador-de","tag-benidorm-de","tag-calpe-de","tag-la-cruz-de-benidorm-de","tag-la-nucia-de","tag-parque-nacional-de-la-sierra-helada-de"],"yoast_head":"<!-- This site is optimized with the Yoast SEO plugin v25.0 - https:\/\/yoast.com\/wordpress\/plugins\/seo\/ -->\n<title>UND NUN WAR ES AN DER ZEIT, VOM STRAND VON ALBIR ZUM ALTO DEL GOBERNADOR AUFZUSTEIGEN. - Activa Costa Blanca<\/title>\n<meta name=\"robots\" content=\"index, follow, max-snippet:-1, max-image-preview:large, max-video-preview:-1\" \/>\n<link rel=\"canonical\" href=\"https:\/\/activacostablanca.com\/de\/unkategorisiert\/y-ahora-el-turno-de-subir-al-alto-del-gobernador-desde-la-playa-de-albir\/\" \/>\n<meta property=\"og:locale\" content=\"de_DE\" \/>\n<meta property=\"og:type\" content=\"article\" \/>\n<meta property=\"og:title\" content=\"UND NUN WAR ES AN DER ZEIT, VOM STRAND VON ALBIR ZUM ALTO DEL GOBERNADOR AUFZUSTEIGEN. - Activa Costa Blanca\" \/>\n<meta property=\"og:description\" content=\"Der Tag war f\u00fcr eine gute Wanderung geeignet und da ich bereits die Route zum Leuchtturm von Albir gemacht hatte, entschied ich mich diesmal f\u00fcr eine Route mit mehr Action und Aktivit\u00e4t&#8230; Die Route zum Alto del Gobernador. SIERRA HELADA NATIONALPARK Eine etwas k\u00fcrzere Route im Vergleich zum Leuchtturm, aber mit viel mehr Steigung und [&hellip;]\" \/>\n<meta property=\"og:url\" content=\"https:\/\/activacostablanca.com\/de\/unkategorisiert\/y-ahora-el-turno-de-subir-al-alto-del-gobernador-desde-la-playa-de-albir\/\" \/>\n<meta property=\"og:site_name\" content=\"Activa Costa Blanca\" \/>\n<meta property=\"article:published_time\" content=\"2021-02-10T20:13:05+00:00\" \/>\n<meta property=\"article:modified_time\" content=\"2021-02-20T22:48:44+00:00\" \/>\n<meta property=\"og:image\" content=\"https:\/\/activacostablanca.com\/wp-content\/uploads\/2021\/02\/IMG_20210207_153214-01.jpeg\" \/>\n\t<meta property=\"og:image:width\" content=\"4608\" \/>\n\t<meta property=\"og:image:height\" content=\"3456\" \/>\n\t<meta property=\"og:image:type\" content=\"image\/jpeg\" \/>\n<meta name=\"author\" content=\"Activa Costablanca\" \/>\n<meta name=\"twitter:card\" content=\"summary_large_image\" \/>\n<meta name=\"twitter:label1\" content=\"Verfasst von\" \/>\n\t<meta name=\"twitter:data1\" content=\"Activa Costablanca\" \/>\n\t<meta name=\"twitter:label2\" content=\"Gesch\u00e4tzte Lesezeit\" \/>\n\t<meta name=\"twitter:data2\" content=\"1\u00a0Minute\" \/>\n<script type=\"application\/ld+json\" class=\"yoast-schema-graph\">{\"@context\":\"https:\/\/schema.org\",\"@graph\":[{\"@type\":\"Article\",\"@id\":\"https:\/\/activacostablanca.com\/de\/unkategorisiert\/y-ahora-el-turno-de-subir-al-alto-del-gobernador-desde-la-playa-de-albir\/#article\",\"isPartOf\":{\"@id\":\"https:\/\/activacostablanca.com\/de\/unkategorisiert\/y-ahora-el-turno-de-subir-al-alto-del-gobernador-desde-la-playa-de-albir\/\"},\"author\":{\"name\":\"Activa Costablanca\",\"@id\":\"https:\/\/activacostablanca.com\/#\/schema\/person\/d48fc026c61c0eb79e3b0ade7ab35e79\"},\"headline\":\"UND NUN WAR ES AN DER ZEIT, VOM STRAND VON ALBIR ZUM ALTO DEL GOBERNADOR AUFZUSTEIGEN.\",\"datePublished\":\"2021-02-10T20:13:05+00:00\",\"dateModified\":\"2021-02-20T22:48:44+00:00\",\"mainEntityOfPage\":{\"@id\":\"https:\/\/activacostablanca.com\/de\/unkategorisiert\/y-ahora-el-turno-de-subir-al-alto-del-gobernador-desde-la-playa-de-albir\/\"},\"wordCount\":258,\"commentCount\":2,\"publisher\":{\"@id\":\"https:\/\/activacostablanca.com\/#organization\"},\"image\":{\"@id\":\"https:\/\/activacostablanca.com\/de\/unkategorisiert\/y-ahora-el-turno-de-subir-al-alto-del-gobernador-desde-la-playa-de-albir\/#primaryimage\"},\"thumbnailUrl\":\"https:\/\/activacostablanca.com\/wp-content\/uploads\/2021\/02\/IMG_20210207_153214-01.jpeg\",\"keywords\":[\"ALFAS DEL PI\",\"Altea\",\"ALTO DEL GOBERNADOR\",\"Benidorm\",\"Calpe\",\"la Cruz de Benidorm\",\"LA NUCIA\",\"PARQUE NACIONAL DE LA SIERRA HELADA\"],\"articleSection\":[\"Deportes|Hiking \/ Mountain walking|Senderismo\",\"Unkategorisiert\"],\"inLanguage\":\"de\",\"potentialAction\":[{\"@type\":\"CommentAction\",\"name\":\"Comment\",\"target\":[\"https:\/\/activacostablanca.com\/de\/unkategorisiert\/y-ahora-el-turno-de-subir-al-alto-del-gobernador-desde-la-playa-de-albir\/#respond\"]}]},{\"@type\":\"WebPage\",\"@id\":\"https:\/\/activacostablanca.com\/de\/unkategorisiert\/y-ahora-el-turno-de-subir-al-alto-del-gobernador-desde-la-playa-de-albir\/\",\"url\":\"https:\/\/activacostablanca.com\/de\/unkategorisiert\/y-ahora-el-turno-de-subir-al-alto-del-gobernador-desde-la-playa-de-albir\/\",\"name\":\"UND NUN WAR ES AN DER ZEIT, VOM STRAND VON ALBIR ZUM ALTO DEL GOBERNADOR AUFZUSTEIGEN. - Activa Costa Blanca\",\"isPartOf\":{\"@id\":\"https:\/\/activacostablanca.com\/#website\"},\"primaryImageOfPage\":{\"@id\":\"https:\/\/activacostablanca.com\/de\/unkategorisiert\/y-ahora-el-turno-de-subir-al-alto-del-gobernador-desde-la-playa-de-albir\/#primaryimage\"},\"image\":{\"@id\":\"https:\/\/activacostablanca.com\/de\/unkategorisiert\/y-ahora-el-turno-de-subir-al-alto-del-gobernador-desde-la-playa-de-albir\/#primaryimage\"},\"thumbnailUrl\":\"https:\/\/activacostablanca.com\/wp-content\/uploads\/2021\/02\/IMG_20210207_153214-01.jpeg\",\"datePublished\":\"2021-02-10T20:13:05+00:00\",\"dateModified\":\"2021-02-20T22:48:44+00:00\",\"breadcrumb\":{\"@id\":\"https:\/\/activacostablanca.com\/de\/unkategorisiert\/y-ahora-el-turno-de-subir-al-alto-del-gobernador-desde-la-playa-de-albir\/#breadcrumb\"},\"inLanguage\":\"de\",\"potentialAction\":[{\"@type\":\"ReadAction\",\"target\":[\"https:\/\/activacostablanca.com\/de\/unkategorisiert\/y-ahora-el-turno-de-subir-al-alto-del-gobernador-desde-la-playa-de-albir\/\"]}]},{\"@type\":\"ImageObject\",\"inLanguage\":\"de\",\"@id\":\"https:\/\/activacostablanca.com\/de\/unkategorisiert\/y-ahora-el-turno-de-subir-al-alto-del-gobernador-desde-la-playa-de-albir\/#primaryimage\",\"url\":\"https:\/\/activacostablanca.com\/wp-content\/uploads\/2021\/02\/IMG_20210207_153214-01.jpeg\",\"contentUrl\":\"https:\/\/activacostablanca.com\/wp-content\/uploads\/2021\/02\/IMG_20210207_153214-01.jpeg\",\"width\":4608,\"height\":3456},{\"@type\":\"BreadcrumbList\",\"@id\":\"https:\/\/activacostablanca.com\/de\/unkategorisiert\/y-ahora-el-turno-de-subir-al-alto-del-gobernador-desde-la-playa-de-albir\/#breadcrumb\",\"itemListElement\":[{\"@type\":\"ListItem\",\"position\":1,\"name\":\"Portada\",\"item\":\"https:\/\/activacostablanca.com\/de\/\"},{\"@type\":\"ListItem\",\"position\":2,\"name\":\"UND NUN WAR ES AN DER ZEIT, VOM STRAND VON ALBIR ZUM ALTO DEL GOBERNADOR AUFZUSTEIGEN.\"}]},{\"@type\":\"WebSite\",\"@id\":\"https:\/\/activacostablanca.com\/#website\",\"url\":\"https:\/\/activacostablanca.com\/\",\"name\":\"Activa Costa Blanca\",\"description\":\"Aktivit\u00e4ten und Ausfl\u00fcge an der Costa Blanca\",\"publisher\":{\"@id\":\"https:\/\/activacostablanca.com\/#organization\"},\"potentialAction\":[{\"@type\":\"SearchAction\",\"target\":{\"@type\":\"EntryPoint\",\"urlTemplate\":\"https:\/\/activacostablanca.com\/?s={search_term_string}\"},\"query-input\":{\"@type\":\"PropertyValueSpecification\",\"valueRequired\":true,\"valueName\":\"search_term_string\"}}],\"inLanguage\":\"de\"},{\"@type\":\"Organization\",\"@id\":\"https:\/\/activacostablanca.com\/#organization\",\"name\":\"Activa Costa Blanca\",\"url\":\"https:\/\/activacostablanca.com\/\",\"logo\":{\"@type\":\"ImageObject\",\"inLanguage\":\"de\",\"@id\":\"https:\/\/activacostablanca.com\/#\/schema\/logo\/image\/\",\"url\":\"https:\/\/activacostablanca.com\/wp-content\/uploads\/2019\/04\/weblogo.png\",\"contentUrl\":\"https:\/\/activacostablanca.com\/wp-content\/uploads\/2019\/04\/weblogo.png\",\"width\":177,\"height\":46,\"caption\":\"Activa Costa Blanca\"},\"image\":{\"@id\":\"https:\/\/activacostablanca.com\/#\/schema\/logo\/image\/\"}},{\"@type\":\"Person\",\"@id\":\"https:\/\/activacostablanca.com\/#\/schema\/person\/d48fc026c61c0eb79e3b0ade7ab35e79\",\"name\":\"Activa Costablanca\",\"image\":{\"@type\":\"ImageObject\",\"inLanguage\":\"de\",\"@id\":\"https:\/\/activacostablanca.com\/#\/schema\/person\/image\/\",\"url\":\"https:\/\/secure.gravatar.com\/avatar\/657de7470d8657c20722b4ee0e1d8f7106ae39ef32e2297fb70099296a80867a?s=96&d=mm&r=g\",\"contentUrl\":\"https:\/\/secure.gravatar.com\/avatar\/657de7470d8657c20722b4ee0e1d8f7106ae39ef32e2297fb70099296a80867a?s=96&d=mm&r=g\",\"caption\":\"Activa Costablanca\"}}]}<\/script>\n<!-- \/ Yoast SEO plugin. -->","yoast_head_json":{"title":"UND NUN WAR ES AN DER ZEIT, VOM STRAND VON ALBIR ZUM ALTO DEL GOBERNADOR AUFZUSTEIGEN. - Activa Costa Blanca","robots":{"index":"index","follow":"follow","max-snippet":"max-snippet:-1","max-image-preview":"max-image-preview:large","max-video-preview":"max-video-preview:-1"},"canonical":"https:\/\/activacostablanca.com\/de\/unkategorisiert\/y-ahora-el-turno-de-subir-al-alto-del-gobernador-desde-la-playa-de-albir\/","og_locale":"de_DE","og_type":"article","og_title":"UND NUN WAR ES AN DER ZEIT, VOM STRAND VON ALBIR ZUM ALTO DEL GOBERNADOR AUFZUSTEIGEN. - Activa Costa Blanca","og_description":"Der Tag war f\u00fcr eine gute Wanderung geeignet und da ich bereits die Route zum Leuchtturm von Albir gemacht hatte, entschied ich mich diesmal f\u00fcr eine Route mit mehr Action und Aktivit\u00e4t&#8230; Die Route zum Alto del Gobernador. SIERRA HELADA NATIONALPARK Eine etwas k\u00fcrzere Route im Vergleich zum Leuchtturm, aber mit viel mehr Steigung und [&hellip;]","og_url":"https:\/\/activacostablanca.com\/de\/unkategorisiert\/y-ahora-el-turno-de-subir-al-alto-del-gobernador-desde-la-playa-de-albir\/","og_site_name":"Activa Costa Blanca","article_published_time":"2021-02-10T20:13:05+00:00","article_modified_time":"2021-02-20T22:48:44+00:00","og_image":[{"width":4608,"height":3456,"url":"https:\/\/activacostablanca.com\/wp-content\/uploads\/2021\/02\/IMG_20210207_153214-01.jpeg","type":"image\/jpeg"}],"author":"Activa Costablanca","twitter_card":"summary_large_image","twitter_misc":{"Verfasst von":"Activa Costablanca","Gesch\u00e4tzte Lesezeit":"1\u00a0Minute"},"schema":{"@context":"https:\/\/schema.org","@graph":[{"@type":"Article","@id":"https:\/\/activacostablanca.com\/de\/unkategorisiert\/y-ahora-el-turno-de-subir-al-alto-del-gobernador-desde-la-playa-de-albir\/#article","isPartOf":{"@id":"https:\/\/activacostablanca.com\/de\/unkategorisiert\/y-ahora-el-turno-de-subir-al-alto-del-gobernador-desde-la-playa-de-albir\/"},"author":{"name":"Activa Costablanca","@id":"https:\/\/activacostablanca.com\/#\/schema\/person\/d48fc026c61c0eb79e3b0ade7ab35e79"},"headline":"UND NUN WAR ES AN DER ZEIT, VOM STRAND VON ALBIR ZUM ALTO DEL GOBERNADOR AUFZUSTEIGEN.","datePublished":"2021-02-10T20:13:05+00:00","dateModified":"2021-02-20T22:48:44+00:00","mainEntityOfPage":{"@id":"https:\/\/activacostablanca.com\/de\/unkategorisiert\/y-ahora-el-turno-de-subir-al-alto-del-gobernador-desde-la-playa-de-albir\/"},"wordCount":258,"commentCount":2,"publisher":{"@id":"https:\/\/activacostablanca.com\/#organization"},"image":{"@id":"https:\/\/activacostablanca.com\/de\/unkategorisiert\/y-ahora-el-turno-de-subir-al-alto-del-gobernador-desde-la-playa-de-albir\/#primaryimage"},"thumbnailUrl":"https:\/\/activacostablanca.com\/wp-content\/uploads\/2021\/02\/IMG_20210207_153214-01.jpeg","keywords":["ALFAS DEL PI","Altea","ALTO DEL GOBERNADOR","Benidorm","Calpe","la Cruz de Benidorm","LA NUCIA","PARQUE NACIONAL DE LA SIERRA HELADA"],"articleSection":["Deportes|Hiking \/ Mountain walking|Senderismo","Unkategorisiert"],"inLanguage":"de","potentialAction":[{"@type":"CommentAction","name":"Comment","target":["https:\/\/activacostablanca.com\/de\/unkategorisiert\/y-ahora-el-turno-de-subir-al-alto-del-gobernador-desde-la-playa-de-albir\/#respond"]}]},{"@type":"WebPage","@id":"https:\/\/activacostablanca.com\/de\/unkategorisiert\/y-ahora-el-turno-de-subir-al-alto-del-gobernador-desde-la-playa-de-albir\/","url":"https:\/\/activacostablanca.com\/de\/unkategorisiert\/y-ahora-el-turno-de-subir-al-alto-del-gobernador-desde-la-playa-de-albir\/","name":"UND NUN WAR ES AN DER ZEIT, VOM STRAND VON ALBIR ZUM ALTO DEL GOBERNADOR AUFZUSTEIGEN. - Activa Costa Blanca","isPartOf":{"@id":"https:\/\/activacostablanca.com\/#website"},"primaryImageOfPage":{"@id":"https:\/\/activacostablanca.com\/de\/unkategorisiert\/y-ahora-el-turno-de-subir-al-alto-del-gobernador-desde-la-playa-de-albir\/#primaryimage"},"image":{"@id":"https:\/\/activacostablanca.com\/de\/unkategorisiert\/y-ahora-el-turno-de-subir-al-alto-del-gobernador-desde-la-playa-de-albir\/#primaryimage"},"thumbnailUrl":"https:\/\/activacostablanca.com\/wp-content\/uploads\/2021\/02\/IMG_20210207_153214-01.jpeg","datePublished":"2021-02-10T20:13:05+00:00","dateModified":"2021-02-20T22:48:44+00:00","breadcrumb":{"@id":"https:\/\/activacostablanca.com\/de\/unkategorisiert\/y-ahora-el-turno-de-subir-al-alto-del-gobernador-desde-la-playa-de-albir\/#breadcrumb"},"inLanguage":"de","potentialAction":[{"@type":"ReadAction","target":["https:\/\/activacostablanca.com\/de\/unkategorisiert\/y-ahora-el-turno-de-subir-al-alto-del-gobernador-desde-la-playa-de-albir\/"]}]},{"@type":"ImageObject","inLanguage":"de","@id":"https:\/\/activacostablanca.com\/de\/unkategorisiert\/y-ahora-el-turno-de-subir-al-alto-del-gobernador-desde-la-playa-de-albir\/#primaryimage","url":"https:\/\/activacostablanca.com\/wp-content\/uploads\/2021\/02\/IMG_20210207_153214-01.jpeg","contentUrl":"https:\/\/activacostablanca.com\/wp-content\/uploads\/2021\/02\/IMG_20210207_153214-01.jpeg","width":4608,"height":3456},{"@type":"BreadcrumbList","@id":"https:\/\/activacostablanca.com\/de\/unkategorisiert\/y-ahora-el-turno-de-subir-al-alto-del-gobernador-desde-la-playa-de-albir\/#breadcrumb","itemListElement":[{"@type":"ListItem","position":1,"name":"Portada","item":"https:\/\/activacostablanca.com\/de\/"},{"@type":"ListItem","position":2,"name":"UND NUN WAR ES AN DER ZEIT, VOM STRAND VON ALBIR ZUM ALTO DEL GOBERNADOR AUFZUSTEIGEN."}]},{"@type":"WebSite","@id":"https:\/\/activacostablanca.com\/#website","url":"https:\/\/activacostablanca.com\/","name":"Activa Costa Blanca","description":"Aktivit\u00e4ten und Ausfl\u00fcge an der Costa Blanca","publisher":{"@id":"https:\/\/activacostablanca.com\/#organization"},"potentialAction":[{"@type":"SearchAction","target":{"@type":"EntryPoint","urlTemplate":"https:\/\/activacostablanca.com\/?s={search_term_string}"},"query-input":{"@type":"PropertyValueSpecification","valueRequired":true,"valueName":"search_term_string"}}],"inLanguage":"de"},{"@type":"Organization","@id":"https:\/\/activacostablanca.com\/#organization","name":"Activa Costa Blanca","url":"https:\/\/activacostablanca.com\/","logo":{"@type":"ImageObject","inLanguage":"de","@id":"https:\/\/activacostablanca.com\/#\/schema\/logo\/image\/","url":"https:\/\/activacostablanca.com\/wp-content\/uploads\/2019\/04\/weblogo.png","contentUrl":"https:\/\/activacostablanca.com\/wp-content\/uploads\/2019\/04\/weblogo.png","width":177,"height":46,"caption":"Activa Costa Blanca"},"image":{"@id":"https:\/\/activacostablanca.com\/#\/schema\/logo\/image\/"}},{"@type":"Person","@id":"https:\/\/activacostablanca.com\/#\/schema\/person\/d48fc026c61c0eb79e3b0ade7ab35e79","name":"Activa Costablanca","image":{"@type":"ImageObject","inLanguage":"de","@id":"https:\/\/activacostablanca.com\/#\/schema\/person\/image\/","url":"https:\/\/secure.gravatar.com\/avatar\/657de7470d8657c20722b4ee0e1d8f7106ae39ef32e2297fb70099296a80867a?s=96&d=mm&r=g","contentUrl":"https:\/\/secure.gravatar.com\/avatar\/657de7470d8657c20722b4ee0e1d8f7106ae39ef32e2297fb70099296a80867a?s=96&d=mm&r=g","caption":"Activa Costablanca"}}]}},"_links":{"self":[{"href":"https:\/\/activacostablanca.com\/de\/wp-json\/wp\/v2\/posts\/14459","targetHints":{"allow":["GET"]}}],"collection":[{"href":"https:\/\/activacostablanca.com\/de\/wp-json\/wp\/v2\/posts"}],"about":[{"href":"https:\/\/activacostablanca.com\/de\/wp-json\/wp\/v2\/types\/post"}],"author":[{"embeddable":true,"href":"https:\/\/activacostablanca.com\/de\/wp-json\/wp\/v2\/users\/2"}],"replies":[{"embeddable":true,"href":"https:\/\/activacostablanca.com\/de\/wp-json\/wp\/v2\/comments?post=14459"}],"version-history":[{"count":2,"href":"https:\/\/activacostablanca.com\/de\/wp-json\/wp\/v2\/posts\/14459\/revisions"}],"predecessor-version":[{"id":14463,"href":"https:\/\/activacostablanca.com\/de\/wp-json\/wp\/v2\/posts\/14459\/revisions\/14463"}],"wp:featuredmedia":[{"embeddable":true,"href":"https:\/\/activacostablanca.com\/de\/wp-json\/wp\/v2\/media\/14305"}],"wp:attachment":[{"href":"https:\/\/activacostablanca.com\/de\/wp-json\/wp\/v2\/media?parent=14459"}],"wp:term":[{"taxonomy":"category","embeddable":true,"href":"https:\/\/activacostablanca.com\/de\/wp-json\/wp\/v2\/categories?post=14459"},{"taxonomy":"post_tag","embeddable":true,"href":"https:\/\/activacostablanca.com\/de\/wp-json\/wp\/v2\/tags?post=14459"}],"curies":[{"name":"wp","href":"https:\/\/api.w.org\/{rel}","templated":true}]}}