{"id":14267,"date":"2021-01-31T20:48:55","date_gmt":"2021-01-31T19:48:55","guid":{"rendered":"https:\/\/activacostablanca.com\/unkategorisiert\/la-circular-cumbre-del-sol-cala-y-castell-de-granadella\/"},"modified":"2021-02-02T00:06:20","modified_gmt":"2021-02-01T23:06:20","slug":"la-circular-cumbre-del-sol-cala-y-castell-de-granadella","status":"publish","type":"post","link":"https:\/\/activacostablanca.com\/de\/unkategorisiert\/la-circular-cumbre-del-sol-cala-y-castell-de-granadella\/","title":{"rendered":"DER RUNDWEG: CUMBRE DEL SOL, BUCHT UND CASTELL DE GRANADELLA"},"content":{"rendered":"<p>Alles begann im Reitzentrum Cumbre del Sol. Wir verlie\u00dfen das Auto und folgten einem ziemlich einfachen Weg ohne viel Aufregung, aber das \u00e4nderte sich nach etwa einem Kilometer, als diese wundersch\u00f6ne Landschaft auftauchte, die ich unten zeige. Ein Moment, der begeistert, und w\u00e4hrend Sie weiterfahren, werden Sie sich an der sch\u00f6nen Landschaft und den Erinnerungsfotos erfreuen.<\/p>\n<p><img loading=\"lazy\" decoding=\"async\" class=\"size-medium wp-image-14239 aligncenter\" src=\"https:\/\/activacostablanca.com\/wp-content\/uploads\/2021\/01\/IMG_20210124_143206__01__01__01__01__01__01-1-300x300.jpg\" alt=\"\" width=\"300\" height=\"300\" srcset=\"https:\/\/activacostablanca.com\/wp-content\/uploads\/2021\/01\/IMG_20210124_143206__01__01__01__01__01__01-1-300x300.jpg 300w, https:\/\/activacostablanca.com\/wp-content\/uploads\/2021\/01\/IMG_20210124_143206__01__01__01__01__01__01-1-150x150.jpg 150w, https:\/\/activacostablanca.com\/wp-content\/uploads\/2021\/01\/IMG_20210124_143206__01__01__01__01__01__01-1-1024x1024.jpg 1024w\" sizes=\"auto, (max-width: 300px) 100vw, 300px\" \/><\/p>\n<p><img loading=\"lazy\" decoding=\"async\" class=\"size-medium wp-image-14144 aligncenter\" src=\"https:\/\/activacostablanca.com\/wp-content\/uploads\/2021\/01\/IMG_20210124_143206__01__03-300x300.jpg\" alt=\"\" width=\"300\" height=\"300\" srcset=\"https:\/\/activacostablanca.com\/wp-content\/uploads\/2021\/01\/IMG_20210124_143206__01__03-300x300.jpg 300w, https:\/\/activacostablanca.com\/wp-content\/uploads\/2021\/01\/IMG_20210124_143206__01__03-150x150.jpg 150w, https:\/\/activacostablanca.com\/wp-content\/uploads\/2021\/01\/IMG_20210124_143206__01__03-1024x1024.jpg 1024w\" sizes=\"auto, (max-width: 300px) 100vw, 300px\" \/><\/p>\n<p>&nbsp;<\/p>\n<p>Nach etwa einer Stunde Fu\u00dfmarsch zwischen Pfaden mit H\u00f6hen und Tiefen, aber mit minimaler Schwierigkeit, fanden wir die Cala Granadella. Eine Bucht, die als eine der besten in Spanien mit der Blauen Flagge nominiert ist. Das t\u00fcrkisfarbene Wasser und die ruhige Umgebung (seit ein paar Jahren ist das Parken von Autos in diesem Gebiet verboten, um die Umwelt zu sch\u00fctzen) machen diese Bucht zu einem faszinierenden Ort.<\/p>\n<p><img loading=\"lazy\" decoding=\"async\" class=\"size-medium wp-image-14168 aligncenter\" src=\"https:\/\/activacostablanca.com\/wp-content\/uploads\/2021\/01\/IMG_20210124_122239__01-300x300.jpg\" alt=\"\" width=\"300\" height=\"300\" srcset=\"https:\/\/activacostablanca.com\/wp-content\/uploads\/2021\/01\/IMG_20210124_122239__01-300x300.jpg 300w, https:\/\/activacostablanca.com\/wp-content\/uploads\/2021\/01\/IMG_20210124_122239__01-150x150.jpg 150w, https:\/\/activacostablanca.com\/wp-content\/uploads\/2021\/01\/IMG_20210124_122239__01-1024x1024.jpg 1024w, https:\/\/activacostablanca.com\/wp-content\/uploads\/2021\/01\/IMG_20210124_122239__01-266x266.jpg 266w\" sizes=\"auto, (max-width: 300px) 100vw, 300px\" \/><\/p>\n<p><img loading=\"lazy\" decoding=\"async\" class=\"size-medium wp-image-14235 aligncenter\" src=\"https:\/\/activacostablanca.com\/wp-content\/uploads\/2021\/01\/IMG_20210124_125632-300x300.jpg\" alt=\"\" width=\"300\" height=\"300\" srcset=\"https:\/\/activacostablanca.com\/wp-content\/uploads\/2021\/01\/IMG_20210124_125632-300x300.jpg 300w, https:\/\/activacostablanca.com\/wp-content\/uploads\/2021\/01\/IMG_20210124_125632-150x150.jpg 150w, https:\/\/activacostablanca.com\/wp-content\/uploads\/2021\/01\/IMG_20210124_125632-1024x1024.jpg 1024w, https:\/\/activacostablanca.com\/wp-content\/uploads\/2021\/01\/IMG_20210124_125632-266x266.jpg 266w, https:\/\/activacostablanca.com\/wp-content\/uploads\/2021\/01\/IMG_20210124_125632-100x100.jpg 100w\" sizes=\"auto, (max-width: 300px) 100vw, 300px\" \/><\/p>\n<p>&nbsp;<\/p>\n<p>Nach einer kurzen Pause, um Kraft zu tanken, beginnen wir unseren Aufstieg zum Castell de Granadella.<\/p>\n<p>Wir gehen einen asphaltierten Weg hinauf und folgen den wei\u00dfen und gelben Schildern, die uns an der Kreuzung zum Weg f\u00fchren.<\/p>\n<p><img loading=\"lazy\" decoding=\"async\" class=\"size-medium wp-image-14176 aligncenter\" src=\"https:\/\/activacostablanca.com\/wp-content\/uploads\/2021\/01\/IMG_20210124_123646-01-1-300x300.jpg\" alt=\"\" width=\"300\" height=\"300\" srcset=\"https:\/\/activacostablanca.com\/wp-content\/uploads\/2021\/01\/IMG_20210124_123646-01-1-300x300.jpg 300w, https:\/\/activacostablanca.com\/wp-content\/uploads\/2021\/01\/IMG_20210124_123646-01-1-150x150.jpg 150w, https:\/\/activacostablanca.com\/wp-content\/uploads\/2021\/01\/IMG_20210124_123646-01-1-1024x1024.jpg 1024w\" sizes=\"auto, (max-width: 300px) 100vw, 300px\" \/><\/p>\n<p>&nbsp;<\/p>\n<p>Ein gro\u00dfer Teil der Strecke verl\u00e4uft in der N\u00e4he des Meeres (Klippenkanten), mit sch\u00f6nen Aussichten. Sie werden Stufen, Handl\u00e4ufe und Ketten finden, die Ihnen an den kompliziertesten Stellen helfen werden, aber das alles ist es wert f\u00fcr die atemberaubende Aussicht, die Sie genie\u00dfen werden.<\/p>\n<p><img loading=\"lazy\" decoding=\"async\" class=\"size-medium wp-image-14196 aligncenter\" src=\"https:\/\/activacostablanca.com\/wp-content\/uploads\/2021\/01\/IMG_20210124_123638__01-300x300.jpg\" alt=\"\" width=\"300\" height=\"300\" srcset=\"https:\/\/activacostablanca.com\/wp-content\/uploads\/2021\/01\/IMG_20210124_123638__01-300x300.jpg 300w, https:\/\/activacostablanca.com\/wp-content\/uploads\/2021\/01\/IMG_20210124_123638__01-150x150.jpg 150w, https:\/\/activacostablanca.com\/wp-content\/uploads\/2021\/01\/IMG_20210124_123638__01-1024x1024.jpg 1024w\" sizes=\"auto, (max-width: 300px) 100vw, 300px\" \/><img loading=\"lazy\" decoding=\"async\" class=\"size-medium wp-image-14184 aligncenter\" src=\"https:\/\/activacostablanca.com\/wp-content\/uploads\/2021\/01\/IMG-20210124-WA0052__01-300x300.jpg\" alt=\"\" width=\"300\" height=\"300\" srcset=\"https:\/\/activacostablanca.com\/wp-content\/uploads\/2021\/01\/IMG-20210124-WA0052__01-300x300.jpg 300w, https:\/\/activacostablanca.com\/wp-content\/uploads\/2021\/01\/IMG-20210124-WA0052__01-150x150.jpg 150w, https:\/\/activacostablanca.com\/wp-content\/uploads\/2021\/01\/IMG-20210124-WA0052__01-1024x1024.jpg 1024w\" sizes=\"auto, (max-width: 300px) 100vw, 300px\" \/><\/p>\n<p>&nbsp;<\/p>\n<p>Und nach diesen Aussichten, die einem ein gutes Gef\u00fchl geben, erscheint das Castell de Granadella, eine alte Festung in Form eines Hufeisens, die im 18. Jahrhundert erbaut wurde.<\/p>\n<p><img loading=\"lazy\" decoding=\"async\" class=\"size-medium wp-image-14201 aligncenter\" src=\"https:\/\/activacostablanca.com\/wp-content\/uploads\/2021\/01\/IMG_20210124_125007__01__01__01-300x300.jpg\" alt=\"\" width=\"300\" height=\"300\" srcset=\"https:\/\/activacostablanca.com\/wp-content\/uploads\/2021\/01\/IMG_20210124_125007__01__01__01-300x300.jpg 300w, https:\/\/activacostablanca.com\/wp-content\/uploads\/2021\/01\/IMG_20210124_125007__01__01__01-150x150.jpg 150w, https:\/\/activacostablanca.com\/wp-content\/uploads\/2021\/01\/IMG_20210124_125007__01__01__01-1024x1024.jpg 1024w\" sizes=\"auto, (max-width: 300px) 100vw, 300px\" \/><\/p>\n<p>&nbsp;<\/p>\n<p><img loading=\"lazy\" decoding=\"async\" class=\"size-medium wp-image-14209 aligncenter\" src=\"https:\/\/activacostablanca.com\/wp-content\/uploads\/2021\/01\/IMG-20210124-WA0054__01-300x300.jpg\" alt=\"\" width=\"300\" height=\"300\" srcset=\"https:\/\/activacostablanca.com\/wp-content\/uploads\/2021\/01\/IMG-20210124-WA0054__01-300x300.jpg 300w, https:\/\/activacostablanca.com\/wp-content\/uploads\/2021\/01\/IMG-20210124-WA0054__01-150x150.jpg 150w, https:\/\/activacostablanca.com\/wp-content\/uploads\/2021\/01\/IMG-20210124-WA0054__01-1024x1024.jpg 1024w\" sizes=\"auto, (max-width: 300px) 100vw, 300px\" \/><\/p>\n<p>&nbsp;<\/p>\n<p>Nachdem wir die Burg hinter uns gelassen haben, bietet sich uns der Blick auf einige beeindruckende Klippen, denen es sich lohnt, auf dieser Reise zu folgen.<\/p>\n<p><img loading=\"lazy\" decoding=\"async\" class=\"size-medium wp-image-14213 aligncenter\" src=\"https:\/\/activacostablanca.com\/wp-content\/uploads\/2021\/01\/IMG_20210124_133530__01-300x300.jpg\" alt=\"\" width=\"300\" height=\"300\" srcset=\"https:\/\/activacostablanca.com\/wp-content\/uploads\/2021\/01\/IMG_20210124_133530__01-300x300.jpg 300w, https:\/\/activacostablanca.com\/wp-content\/uploads\/2021\/01\/IMG_20210124_133530__01-150x150.jpg 150w, https:\/\/activacostablanca.com\/wp-content\/uploads\/2021\/01\/IMG_20210124_133530__01-1024x1024.jpg 1024w\" sizes=\"auto, (max-width: 300px) 100vw, 300px\" \/><\/p>\n<p>&nbsp;<\/p>\n<p><img loading=\"lazy\" decoding=\"async\" class=\"size-medium wp-image-14228 aligncenter\" src=\"https:\/\/activacostablanca.com\/wp-content\/uploads\/2021\/01\/IMG_20210124_133351-1-e1612220469494-300x300.jpg\" alt=\"\" width=\"300\" height=\"300\" srcset=\"https:\/\/activacostablanca.com\/wp-content\/uploads\/2021\/01\/IMG_20210124_133351-1-e1612220469494-300x300.jpg 300w, https:\/\/activacostablanca.com\/wp-content\/uploads\/2021\/01\/IMG_20210124_133351-1-e1612220469494-150x150.jpg 150w, https:\/\/activacostablanca.com\/wp-content\/uploads\/2021\/01\/IMG_20210124_133351-1-e1612220469494-1024x1024.jpg 1024w\" sizes=\"auto, (max-width: 300px) 100vw, 300px\" \/><\/p>\n<p>&nbsp;<\/p>\n<p><img loading=\"lazy\" decoding=\"async\" class=\"size-medium wp-image-14221 aligncenter\" src=\"https:\/\/activacostablanca.com\/wp-content\/uploads\/2021\/01\/IMG-20210124-WA0061-01-1-300x300.jpg\" alt=\"\" width=\"300\" height=\"300\" srcset=\"https:\/\/activacostablanca.com\/wp-content\/uploads\/2021\/01\/IMG-20210124-WA0061-01-1-300x300.jpg 300w, https:\/\/activacostablanca.com\/wp-content\/uploads\/2021\/01\/IMG-20210124-WA0061-01-1-150x150.jpg 150w, https:\/\/activacostablanca.com\/wp-content\/uploads\/2021\/01\/IMG-20210124-WA0061-01-1-1024x1024.jpg 1024w\" sizes=\"auto, (max-width: 300px) 100vw, 300px\" \/><\/p>\n<p>&nbsp;<\/p>\n<p>In der N\u00e4he des Mirador de Levante haben Sie eine beeindruckende Aussicht in s\u00fcdlicher Richtung. Sie k\u00f6nnen die Bucht Cala Moraig von Benitachell bis hin zum Cap Dor von Moraira sehen,<\/p>\n","protected":false},"excerpt":{"rendered":"<p>Alles begann im Reitzentrum Cumbre del Sol. Wir verlie\u00dfen das Auto und folgten einem ziemlich einfachen Weg ohne viel Aufregung, aber das \u00e4nderte sich nach etwa einem Kilometer, als diese wundersch\u00f6ne Landschaft auftauchte, die ich unten zeige. Ein Moment, der begeistert, und w\u00e4hrend Sie weiterfahren, werden Sie sich an der sch\u00f6nen Landschaft und den Erinnerungsfotos [&hellip;]<\/p>\n","protected":false},"author":2,"featured_media":14238,"comment_status":"open","ping_status":"open","sticky":false,"template":"","format":"standard","meta":{"_exactmetrics_skip_tracking":false,"_exactmetrics_sitenote_active":false,"_exactmetrics_sitenote_note":"","_exactmetrics_sitenote_category":0,"footnotes":""},"categories":[3620,2813],"tags":[3871,3872,3873,3826],"class_list":["post-14267","post","type-post","status-publish","format-standard","has-post-thumbnail","hentry","category-bergwandern","category-unkategorisiert","tag-cala-granadella-de","tag-castell-de-granadella-de","tag-cumbre-del-sol-de","tag-javea-de"],"yoast_head":"<!-- This site is optimized with the Yoast SEO plugin v25.0 - https:\/\/yoast.com\/wordpress\/plugins\/seo\/ -->\n<title>DER RUNDWEG: CUMBRE DEL SOL, BUCHT UND CASTELL DE GRANADELLA - Activa Costa Blanca<\/title>\n<meta name=\"robots\" content=\"index, follow, max-snippet:-1, max-image-preview:large, max-video-preview:-1\" \/>\n<link rel=\"canonical\" href=\"https:\/\/activacostablanca.com\/de\/unkategorisiert\/la-circular-cumbre-del-sol-cala-y-castell-de-granadella\/\" \/>\n<meta property=\"og:locale\" content=\"de_DE\" \/>\n<meta property=\"og:type\" content=\"article\" \/>\n<meta property=\"og:title\" content=\"DER RUNDWEG: CUMBRE DEL SOL, BUCHT UND CASTELL DE GRANADELLA - Activa Costa Blanca\" \/>\n<meta property=\"og:description\" content=\"Alles begann im Reitzentrum Cumbre del Sol. Wir verlie\u00dfen das Auto und folgten einem ziemlich einfachen Weg ohne viel Aufregung, aber das \u00e4nderte sich nach etwa einem Kilometer, als diese wundersch\u00f6ne Landschaft auftauchte, die ich unten zeige. Ein Moment, der begeistert, und w\u00e4hrend Sie weiterfahren, werden Sie sich an der sch\u00f6nen Landschaft und den Erinnerungsfotos [&hellip;]\" \/>\n<meta property=\"og:url\" content=\"https:\/\/activacostablanca.com\/de\/unkategorisiert\/la-circular-cumbre-del-sol-cala-y-castell-de-granadella\/\" \/>\n<meta property=\"og:site_name\" content=\"Activa Costa Blanca\" \/>\n<meta property=\"article:published_time\" content=\"2021-01-31T19:48:55+00:00\" \/>\n<meta property=\"article:modified_time\" content=\"2021-02-01T23:06:20+00:00\" \/>\n<meta property=\"og:image\" content=\"https:\/\/activacostablanca.com\/wp-content\/uploads\/2021\/01\/IMG_20210124_125632.jpg\" \/>\n\t<meta property=\"og:image:width\" content=\"4608\" \/>\n\t<meta property=\"og:image:height\" content=\"2112\" \/>\n\t<meta property=\"og:image:type\" content=\"image\/jpeg\" \/>\n<meta name=\"author\" content=\"Activa Costablanca\" \/>\n<meta name=\"twitter:card\" content=\"summary_large_image\" \/>\n<meta name=\"twitter:label1\" content=\"Verfasst von\" \/>\n\t<meta name=\"twitter:data1\" content=\"Activa Costablanca\" \/>\n\t<meta name=\"twitter:label2\" content=\"Gesch\u00e4tzte Lesezeit\" \/>\n\t<meta name=\"twitter:data2\" content=\"2\u00a0Minuten\" \/>\n<script type=\"application\/ld+json\" class=\"yoast-schema-graph\">{\"@context\":\"https:\/\/schema.org\",\"@graph\":[{\"@type\":\"Article\",\"@id\":\"https:\/\/activacostablanca.com\/de\/unkategorisiert\/la-circular-cumbre-del-sol-cala-y-castell-de-granadella\/#article\",\"isPartOf\":{\"@id\":\"https:\/\/activacostablanca.com\/de\/unkategorisiert\/la-circular-cumbre-del-sol-cala-y-castell-de-granadella\/\"},\"author\":{\"name\":\"Activa Costablanca\",\"@id\":\"https:\/\/activacostablanca.com\/#\/schema\/person\/d48fc026c61c0eb79e3b0ade7ab35e79\"},\"headline\":\"DER RUNDWEG: CUMBRE DEL SOL, BUCHT UND CASTELL DE GRANADELLA\",\"datePublished\":\"2021-01-31T19:48:55+00:00\",\"dateModified\":\"2021-02-01T23:06:20+00:00\",\"mainEntityOfPage\":{\"@id\":\"https:\/\/activacostablanca.com\/de\/unkategorisiert\/la-circular-cumbre-del-sol-cala-y-castell-de-granadella\/\"},\"wordCount\":328,\"commentCount\":1,\"publisher\":{\"@id\":\"https:\/\/activacostablanca.com\/#organization\"},\"image\":{\"@id\":\"https:\/\/activacostablanca.com\/de\/unkategorisiert\/la-circular-cumbre-del-sol-cala-y-castell-de-granadella\/#primaryimage\"},\"thumbnailUrl\":\"https:\/\/activacostablanca.com\/wp-content\/uploads\/2021\/01\/IMG_20210124_125632.jpg\",\"keywords\":[\"Cala Granadella\",\"Castell de Granadella\",\"Cumbre del sol\",\"J\u00e1vea\"],\"articleSection\":[\"Bergwandern\",\"Unkategorisiert\"],\"inLanguage\":\"de\",\"potentialAction\":[{\"@type\":\"CommentAction\",\"name\":\"Comment\",\"target\":[\"https:\/\/activacostablanca.com\/de\/unkategorisiert\/la-circular-cumbre-del-sol-cala-y-castell-de-granadella\/#respond\"]}]},{\"@type\":\"WebPage\",\"@id\":\"https:\/\/activacostablanca.com\/de\/unkategorisiert\/la-circular-cumbre-del-sol-cala-y-castell-de-granadella\/\",\"url\":\"https:\/\/activacostablanca.com\/de\/unkategorisiert\/la-circular-cumbre-del-sol-cala-y-castell-de-granadella\/\",\"name\":\"DER RUNDWEG: CUMBRE DEL SOL, BUCHT UND CASTELL DE GRANADELLA - Activa Costa Blanca\",\"isPartOf\":{\"@id\":\"https:\/\/activacostablanca.com\/#website\"},\"primaryImageOfPage\":{\"@id\":\"https:\/\/activacostablanca.com\/de\/unkategorisiert\/la-circular-cumbre-del-sol-cala-y-castell-de-granadella\/#primaryimage\"},\"image\":{\"@id\":\"https:\/\/activacostablanca.com\/de\/unkategorisiert\/la-circular-cumbre-del-sol-cala-y-castell-de-granadella\/#primaryimage\"},\"thumbnailUrl\":\"https:\/\/activacostablanca.com\/wp-content\/uploads\/2021\/01\/IMG_20210124_125632.jpg\",\"datePublished\":\"2021-01-31T19:48:55+00:00\",\"dateModified\":\"2021-02-01T23:06:20+00:00\",\"breadcrumb\":{\"@id\":\"https:\/\/activacostablanca.com\/de\/unkategorisiert\/la-circular-cumbre-del-sol-cala-y-castell-de-granadella\/#breadcrumb\"},\"inLanguage\":\"de\",\"potentialAction\":[{\"@type\":\"ReadAction\",\"target\":[\"https:\/\/activacostablanca.com\/de\/unkategorisiert\/la-circular-cumbre-del-sol-cala-y-castell-de-granadella\/\"]}]},{\"@type\":\"ImageObject\",\"inLanguage\":\"de\",\"@id\":\"https:\/\/activacostablanca.com\/de\/unkategorisiert\/la-circular-cumbre-del-sol-cala-y-castell-de-granadella\/#primaryimage\",\"url\":\"https:\/\/activacostablanca.com\/wp-content\/uploads\/2021\/01\/IMG_20210124_125632.jpg\",\"contentUrl\":\"https:\/\/activacostablanca.com\/wp-content\/uploads\/2021\/01\/IMG_20210124_125632.jpg\",\"width\":4608,\"height\":2112},{\"@type\":\"BreadcrumbList\",\"@id\":\"https:\/\/activacostablanca.com\/de\/unkategorisiert\/la-circular-cumbre-del-sol-cala-y-castell-de-granadella\/#breadcrumb\",\"itemListElement\":[{\"@type\":\"ListItem\",\"position\":1,\"name\":\"Portada\",\"item\":\"https:\/\/activacostablanca.com\/de\/\"},{\"@type\":\"ListItem\",\"position\":2,\"name\":\"DER RUNDWEG: CUMBRE DEL SOL, BUCHT UND CASTELL DE GRANADELLA\"}]},{\"@type\":\"WebSite\",\"@id\":\"https:\/\/activacostablanca.com\/#website\",\"url\":\"https:\/\/activacostablanca.com\/\",\"name\":\"Activa Costa Blanca\",\"description\":\"Aktivit\u00e4ten und Ausfl\u00fcge an der Costa Blanca\",\"publisher\":{\"@id\":\"https:\/\/activacostablanca.com\/#organization\"},\"potentialAction\":[{\"@type\":\"SearchAction\",\"target\":{\"@type\":\"EntryPoint\",\"urlTemplate\":\"https:\/\/activacostablanca.com\/?s={search_term_string}\"},\"query-input\":{\"@type\":\"PropertyValueSpecification\",\"valueRequired\":true,\"valueName\":\"search_term_string\"}}],\"inLanguage\":\"de\"},{\"@type\":\"Organization\",\"@id\":\"https:\/\/activacostablanca.com\/#organization\",\"name\":\"Activa Costa Blanca\",\"url\":\"https:\/\/activacostablanca.com\/\",\"logo\":{\"@type\":\"ImageObject\",\"inLanguage\":\"de\",\"@id\":\"https:\/\/activacostablanca.com\/#\/schema\/logo\/image\/\",\"url\":\"https:\/\/activacostablanca.com\/wp-content\/uploads\/2019\/04\/weblogo.png\",\"contentUrl\":\"https:\/\/activacostablanca.com\/wp-content\/uploads\/2019\/04\/weblogo.png\",\"width\":177,\"height\":46,\"caption\":\"Activa Costa Blanca\"},\"image\":{\"@id\":\"https:\/\/activacostablanca.com\/#\/schema\/logo\/image\/\"}},{\"@type\":\"Person\",\"@id\":\"https:\/\/activacostablanca.com\/#\/schema\/person\/d48fc026c61c0eb79e3b0ade7ab35e79\",\"name\":\"Activa Costablanca\",\"image\":{\"@type\":\"ImageObject\",\"inLanguage\":\"de\",\"@id\":\"https:\/\/activacostablanca.com\/#\/schema\/person\/image\/\",\"url\":\"https:\/\/secure.gravatar.com\/avatar\/657de7470d8657c20722b4ee0e1d8f7106ae39ef32e2297fb70099296a80867a?s=96&d=mm&r=g\",\"contentUrl\":\"https:\/\/secure.gravatar.com\/avatar\/657de7470d8657c20722b4ee0e1d8f7106ae39ef32e2297fb70099296a80867a?s=96&d=mm&r=g\",\"caption\":\"Activa Costablanca\"}}]}<\/script>\n<!-- \/ Yoast SEO plugin. -->","yoast_head_json":{"title":"DER RUNDWEG: CUMBRE DEL SOL, BUCHT UND CASTELL DE GRANADELLA - Activa Costa Blanca","robots":{"index":"index","follow":"follow","max-snippet":"max-snippet:-1","max-image-preview":"max-image-preview:large","max-video-preview":"max-video-preview:-1"},"canonical":"https:\/\/activacostablanca.com\/de\/unkategorisiert\/la-circular-cumbre-del-sol-cala-y-castell-de-granadella\/","og_locale":"de_DE","og_type":"article","og_title":"DER RUNDWEG: CUMBRE DEL SOL, BUCHT UND CASTELL DE GRANADELLA - Activa Costa Blanca","og_description":"Alles begann im Reitzentrum Cumbre del Sol. Wir verlie\u00dfen das Auto und folgten einem ziemlich einfachen Weg ohne viel Aufregung, aber das \u00e4nderte sich nach etwa einem Kilometer, als diese wundersch\u00f6ne Landschaft auftauchte, die ich unten zeige. Ein Moment, der begeistert, und w\u00e4hrend Sie weiterfahren, werden Sie sich an der sch\u00f6nen Landschaft und den Erinnerungsfotos [&hellip;]","og_url":"https:\/\/activacostablanca.com\/de\/unkategorisiert\/la-circular-cumbre-del-sol-cala-y-castell-de-granadella\/","og_site_name":"Activa Costa Blanca","article_published_time":"2021-01-31T19:48:55+00:00","article_modified_time":"2021-02-01T23:06:20+00:00","og_image":[{"width":4608,"height":2112,"url":"https:\/\/activacostablanca.com\/wp-content\/uploads\/2021\/01\/IMG_20210124_125632.jpg","type":"image\/jpeg"}],"author":"Activa Costablanca","twitter_card":"summary_large_image","twitter_misc":{"Verfasst von":"Activa Costablanca","Gesch\u00e4tzte Lesezeit":"2\u00a0Minuten"},"schema":{"@context":"https:\/\/schema.org","@graph":[{"@type":"Article","@id":"https:\/\/activacostablanca.com\/de\/unkategorisiert\/la-circular-cumbre-del-sol-cala-y-castell-de-granadella\/#article","isPartOf":{"@id":"https:\/\/activacostablanca.com\/de\/unkategorisiert\/la-circular-cumbre-del-sol-cala-y-castell-de-granadella\/"},"author":{"name":"Activa Costablanca","@id":"https:\/\/activacostablanca.com\/#\/schema\/person\/d48fc026c61c0eb79e3b0ade7ab35e79"},"headline":"DER RUNDWEG: CUMBRE DEL SOL, BUCHT UND CASTELL DE GRANADELLA","datePublished":"2021-01-31T19:48:55+00:00","dateModified":"2021-02-01T23:06:20+00:00","mainEntityOfPage":{"@id":"https:\/\/activacostablanca.com\/de\/unkategorisiert\/la-circular-cumbre-del-sol-cala-y-castell-de-granadella\/"},"wordCount":328,"commentCount":1,"publisher":{"@id":"https:\/\/activacostablanca.com\/#organization"},"image":{"@id":"https:\/\/activacostablanca.com\/de\/unkategorisiert\/la-circular-cumbre-del-sol-cala-y-castell-de-granadella\/#primaryimage"},"thumbnailUrl":"https:\/\/activacostablanca.com\/wp-content\/uploads\/2021\/01\/IMG_20210124_125632.jpg","keywords":["Cala Granadella","Castell de Granadella","Cumbre del sol","J\u00e1vea"],"articleSection":["Bergwandern","Unkategorisiert"],"inLanguage":"de","potentialAction":[{"@type":"CommentAction","name":"Comment","target":["https:\/\/activacostablanca.com\/de\/unkategorisiert\/la-circular-cumbre-del-sol-cala-y-castell-de-granadella\/#respond"]}]},{"@type":"WebPage","@id":"https:\/\/activacostablanca.com\/de\/unkategorisiert\/la-circular-cumbre-del-sol-cala-y-castell-de-granadella\/","url":"https:\/\/activacostablanca.com\/de\/unkategorisiert\/la-circular-cumbre-del-sol-cala-y-castell-de-granadella\/","name":"DER RUNDWEG: CUMBRE DEL SOL, BUCHT UND CASTELL DE GRANADELLA - Activa Costa Blanca","isPartOf":{"@id":"https:\/\/activacostablanca.com\/#website"},"primaryImageOfPage":{"@id":"https:\/\/activacostablanca.com\/de\/unkategorisiert\/la-circular-cumbre-del-sol-cala-y-castell-de-granadella\/#primaryimage"},"image":{"@id":"https:\/\/activacostablanca.com\/de\/unkategorisiert\/la-circular-cumbre-del-sol-cala-y-castell-de-granadella\/#primaryimage"},"thumbnailUrl":"https:\/\/activacostablanca.com\/wp-content\/uploads\/2021\/01\/IMG_20210124_125632.jpg","datePublished":"2021-01-31T19:48:55+00:00","dateModified":"2021-02-01T23:06:20+00:00","breadcrumb":{"@id":"https:\/\/activacostablanca.com\/de\/unkategorisiert\/la-circular-cumbre-del-sol-cala-y-castell-de-granadella\/#breadcrumb"},"inLanguage":"de","potentialAction":[{"@type":"ReadAction","target":["https:\/\/activacostablanca.com\/de\/unkategorisiert\/la-circular-cumbre-del-sol-cala-y-castell-de-granadella\/"]}]},{"@type":"ImageObject","inLanguage":"de","@id":"https:\/\/activacostablanca.com\/de\/unkategorisiert\/la-circular-cumbre-del-sol-cala-y-castell-de-granadella\/#primaryimage","url":"https:\/\/activacostablanca.com\/wp-content\/uploads\/2021\/01\/IMG_20210124_125632.jpg","contentUrl":"https:\/\/activacostablanca.com\/wp-content\/uploads\/2021\/01\/IMG_20210124_125632.jpg","width":4608,"height":2112},{"@type":"BreadcrumbList","@id":"https:\/\/activacostablanca.com\/de\/unkategorisiert\/la-circular-cumbre-del-sol-cala-y-castell-de-granadella\/#breadcrumb","itemListElement":[{"@type":"ListItem","position":1,"name":"Portada","item":"https:\/\/activacostablanca.com\/de\/"},{"@type":"ListItem","position":2,"name":"DER RUNDWEG: CUMBRE DEL SOL, BUCHT UND CASTELL DE GRANADELLA"}]},{"@type":"WebSite","@id":"https:\/\/activacostablanca.com\/#website","url":"https:\/\/activacostablanca.com\/","name":"Activa Costa Blanca","description":"Aktivit\u00e4ten und Ausfl\u00fcge an der Costa Blanca","publisher":{"@id":"https:\/\/activacostablanca.com\/#organization"},"potentialAction":[{"@type":"SearchAction","target":{"@type":"EntryPoint","urlTemplate":"https:\/\/activacostablanca.com\/?s={search_term_string}"},"query-input":{"@type":"PropertyValueSpecification","valueRequired":true,"valueName":"search_term_string"}}],"inLanguage":"de"},{"@type":"Organization","@id":"https:\/\/activacostablanca.com\/#organization","name":"Activa Costa Blanca","url":"https:\/\/activacostablanca.com\/","logo":{"@type":"ImageObject","inLanguage":"de","@id":"https:\/\/activacostablanca.com\/#\/schema\/logo\/image\/","url":"https:\/\/activacostablanca.com\/wp-content\/uploads\/2019\/04\/weblogo.png","contentUrl":"https:\/\/activacostablanca.com\/wp-content\/uploads\/2019\/04\/weblogo.png","width":177,"height":46,"caption":"Activa Costa Blanca"},"image":{"@id":"https:\/\/activacostablanca.com\/#\/schema\/logo\/image\/"}},{"@type":"Person","@id":"https:\/\/activacostablanca.com\/#\/schema\/person\/d48fc026c61c0eb79e3b0ade7ab35e79","name":"Activa Costablanca","image":{"@type":"ImageObject","inLanguage":"de","@id":"https:\/\/activacostablanca.com\/#\/schema\/person\/image\/","url":"https:\/\/secure.gravatar.com\/avatar\/657de7470d8657c20722b4ee0e1d8f7106ae39ef32e2297fb70099296a80867a?s=96&d=mm&r=g","contentUrl":"https:\/\/secure.gravatar.com\/avatar\/657de7470d8657c20722b4ee0e1d8f7106ae39ef32e2297fb70099296a80867a?s=96&d=mm&r=g","caption":"Activa Costablanca"}}]}},"_links":{"self":[{"href":"https:\/\/activacostablanca.com\/de\/wp-json\/wp\/v2\/posts\/14267","targetHints":{"allow":["GET"]}}],"collection":[{"href":"https:\/\/activacostablanca.com\/de\/wp-json\/wp\/v2\/posts"}],"about":[{"href":"https:\/\/activacostablanca.com\/de\/wp-json\/wp\/v2\/types\/post"}],"author":[{"embeddable":true,"href":"https:\/\/activacostablanca.com\/de\/wp-json\/wp\/v2\/users\/2"}],"replies":[{"embeddable":true,"href":"https:\/\/activacostablanca.com\/de\/wp-json\/wp\/v2\/comments?post=14267"}],"version-history":[{"count":2,"href":"https:\/\/activacostablanca.com\/de\/wp-json\/wp\/v2\/posts\/14267\/revisions"}],"predecessor-version":[{"id":14271,"href":"https:\/\/activacostablanca.com\/de\/wp-json\/wp\/v2\/posts\/14267\/revisions\/14271"}],"wp:featuredmedia":[{"embeddable":true,"href":"https:\/\/activacostablanca.com\/de\/wp-json\/wp\/v2\/media\/14238"}],"wp:attachment":[{"href":"https:\/\/activacostablanca.com\/de\/wp-json\/wp\/v2\/media?parent=14267"}],"wp:term":[{"taxonomy":"category","embeddable":true,"href":"https:\/\/activacostablanca.com\/de\/wp-json\/wp\/v2\/categories?post=14267"},{"taxonomy":"post_tag","embeddable":true,"href":"https:\/\/activacostablanca.com\/de\/wp-json\/wp\/v2\/tags?post=14267"}],"curies":[{"name":"wp","href":"https:\/\/api.w.org\/{rel}","templated":true}]}}