{"id":12618,"date":"2019-04-26T20:52:08","date_gmt":"2019-04-26T20:52:08","guid":{"rendered":"http:\/\/activacostablanca.com\/unkategorisiert\/salon-nautico-denia\/"},"modified":"2019-06-04T21:56:59","modified_gmt":"2019-06-04T21:56:59","slug":"salon-nautico-denia","status":"publish","type":"post","link":"https:\/\/activacostablanca.com\/de\/unkategorisiert\/salon-nautico-denia\/","title":{"rendered":"Sal\u00f3n N\u00e1utico D\u00e9nia"},"content":{"rendered":"<p>DIE DATEN DER VERANSTALTUNG<\/p>\n<p>Gemeinde:D\u00e9niaZentrale:Puerto Deportivo y Tur\u00edstico Marina de D\u00e9nia<\/p>\n<p>Art der Aussteller: Nautische Charter, einzigartiger nautischer Sport, Kauf und Verkauf von Booten, Gastronomie, nautische Ausbildung, Kinderfreizeit.<\/p>\n<p>Ziele: Verbreitung des Wassersports, F\u00f6rderung des Kaufs und Verkaufs von Booten und Angebot von Freizeitalternativen durch den Wassertourismus. AKTIVIT\u00c4TEN VON 13. bis 17. Mai Freier Zugang, von 10 bis 20 Uhr.\u00a0Mittwoche 1. Mai 11:00 &#8211; 14:00 Uhr FREIER Besuch der SAAVEDRA CERVANTES BALL. 10:00-14:00\/16:00-20:00 Uhr. KOSTENLOSER TOURISTISCHER ZUG*.10:00\/11:30\/13.00 H. KATAMARANAUSFL\u00dcGE IN DAS MEERESRESERVAT*. KOLLEKTION F\u00dcR APAD UND ALDEA FELINA D\u00c9NIA.10:00-14:00\/16:00-20:00 H. KINDERWORKSHOPS.10:00 H &#8211; 19:00 H BESUCHE DES BOOTES NAO VICTORIA*.10:00-14:00\/16:00-20:00 H. KUNSTAUSSTELLUNG IN DER MARINA GALERIE IN D\u00c9NIA.10:00 UHR. AT 14:00 UHR. TAUFEN PADDELSURFEN, HAWAIIANISCHES KANU, SUP UND BIG SUP.10:00 UHR. AT 14:00 UHR. SEETESTS F\u00dcR DIE RUDER-, KANU- UND SURFCLUBS DER MARINA DE D\u00c9NIA.11:00 UHR. EINWEIHUNG DER NAUTISCHEN SHOW VON D\u00c9NIA.11:00 H. MARINE GYMKANA F\u00dcR KINDER.12:30 UHR. JET-SURF-AUSSTELLUNG (MOTORISIERTE SURFBOARDS) VON JETSURF D\u00c9NIA.17:00 UHR. MARINE GYMKHANA F\u00dcR KINDER. 18:00 &#8211; 23:00 UHR. LIVE-MUSIK IM ZENTRALEN ZELTTAG MAI 210:00-14:00\/16:00-20:00 UHR KOSTENLOSER TOURISTENZUG*.10:00-14:00\/16:00-20:00 UHR. KINDERWORKSHOPS.10.00 &#8211; 19.00 UHR. BOOTBESUCHE NAO VICTORIA*.10:00-14:00\/16:00-20:00 H. KUNSTAUSSTELLUNG IN DER MARINA GALERIE IN DENA.\u00a010:00-14:00 H. TAUFEN PADDELN SURFEN, HAWAIIANISCHE KANUS, SUP UND BIG SUP.12:30 H. KATAMARANABFAHRTEN ZUM MEERESRESERVAT, ABHOLUNG F\u00dcR DAS ROTE KREUZ*.18:00 &#8211; 23:00 UHR. LIVE-MUSIK AM ZENTRALEN ZELTTAG 3. MAI 10:30-14:00\/16:00-20:00 UHR. KOSTENLOSER TOURISTENZUG*.10:00-14:00\/16:00-20:00 UHR. KINDERWORKSHOPS.10.00 H &#8211; 19.00 H BESUCHE DES BOOTES NAO VICTORIA*.10:00-14:00\/16:00-20:00 H. KUNSTAUSSTELLUNG IN DER MARINA GALERIE VON D\u00c9NIA.10.00H BIS 12.00H. TAUFEN PADDELSURFEN, HAWAIIANISCHE KANUS, SUP UND BIG SUP.13.00 UHR. KATAMARANABFAHRTEN ZUM MEERESRESERVAT, ABHOLUNG F\u00dcR DAS ROTE KREUZ*.18:00 &#8211; 23:00 UHR. LIVEMUSIK IM ZENTRALEN ZELT SAMSTAGS 4. MAI 10:00-14:00\/16:00-20:00 KOSTENLOSER TOURISTENZUG*.10:00\/11:30\/13.00 UHR. KATAMARANABFAHRTEN ZUM MEERESRESERVAT, SPENDENSAMMLUNG ZUR BEK\u00c4MPFUNG VON KREBS*.10:00-14:00\/16:00-20:00 UHR. KINDERWORKSHOPS. 10:00 &#8211; 19:00 UHR. BESUCHE DES BOOT NAO VICTORIA*.10:00-14:00\/16:00-20:00 H. KUNSTAUSSTELLUNG IN DER MARINAGALERIE IN D\u00c9NIA.10.00 H. AT 14.00 UHR. TAUFEN PADDELSURFEN, HAWAIIANISCHE KANUS, SUP UND BIG SUP.10:00 UHR. AT 14:00 UHR. SEETESTS F\u00dcR DIE CLUBS F\u00dcR RUDERN, KANUFAHREN UND MARINES SURFEN IN D\u00c9NIA.11:00 H. FREISETZUNG SCHILDKR\u00d6TEN-RESERVAT MARINE &#8211; BERATUNGSUMGEBUNG.11:00 H. MALWORKSHOP F\u00dcR KINDER ZUM THEMA &#8222;DAS MEER&#8220;. VORHERIGE INSCHRIFT DURCH DAS FACEBOOK DER NAUTIK-SHOW D\u00c9NIA. BEGRENZTE SITZPL\u00c4TZE F\u00dcR 15 KINDER. *MINDESTALTER 6 JAHRE.11:00 UHR. MARINE GYMKANA F\u00dcR KINDER. 12:00 UHR. SIMULIERTER HUBSCHRAUBER RESCASTE HELIMER-SASEMAR.12:30 UHR. FLYBOARD-AUSSTELLUNG MIT FLUTWELLE. FLYBOARD17:00 UHR. MALWORKSHOP F\u00dcR KINDER ZUM THEMA &#8222;DAS MEER&#8220;. VORHERIGE INSCHRIFT DURCH DAS FACEBOOK DER NAUTIK-SHOW D\u00c9NIA. BEGRENZTE SITZPL\u00c4TZE F\u00dcR 15 KINDER.17:00 UHR. MARINE GYMKANA F\u00dcR KINDER. 18:00 &#8211; 23:00 UHR. LIVEMUSIK IM ZENTRALZELT SONNTAG 5. MAI 10:00-14:00\/16:00-20:00 UHR KOSTENLOSER TOURISTENZUG*.10:00\/11:30\/13.00 UHR. KATAMARANAUSFL\u00dcGE IN DAS MEERESRESERVAT, TURKANA*.10:00-14:00\/16:00-20:00 UHR. KINDERWORKSHOPS. 10.00 UHR &#8211; 19.00 UHR BESUCHE DES BOOTES NAO VICTORIA*.10:00-14:00 UHR. KUNSTAUSSTELLUNG IN DER MARINAGALERIE IN D\u00c9NIA.10:00-14:00\/16:00-20:00 H TAUFEN PADDELN SURFEN, HAWAIIANISCHE KANUS, SUP UND BIG SUP.10.00H BIS 14.00 H. SEETESTS F\u00dcR DIE RUDER-, KANU- UND SURFCLUBS DER MARINA DE D\u00c9NIA.11.00 UHR.\u00a0MARINE GYMKANA F\u00dcR KINDER.11:30 UHR.\u00a0NEUFUNDLAND RETTUNGSAUSSTELLUNG VON MARENOSTRUM.12:30 UHR.\u00a0BATUCADA ONDARATTACK ESCOLA DE SAMBA I PERCUSI\u00d3.18:00 &#8211; 23:00 UHR. LIVE-MUSIK IM ZENTRALZELT*TOURISTISCHE ZUGH\u00c4FTE: Destination Marina de D\u00e9nia.1\u00aa Final de Marques de Campo, neben Cruz Roja.2\u00aa Bushaltestelle nahe der Lonja.3\u00aa Vor dem Parkplatz auf der Plaza Benidorm.\u00a0*CATAMARAN OUTPUTS: Preis 2\u20ac Erwachsene, 1\u20ac Kinder bis 12 Jahre. Sammlung f\u00fcr Apad, Aldea Felina D\u00e9nia, Asociaci\u00f3n Turkana, Asociaci\u00f3n Amunt Contra el C\u00e1ncer und Rotes Kreuz. Verkauf von Tickets eine Stunde vor jeder Abfahrt *VISITAS NAO VICTORIA BOAT: Preis 5\u20ac Erwachsene. 3\u20ac Kind. 12\u20ac Familien. Kinder zwischen 5-10 Jahren. Kostenlos f\u00fcr Kinder unter 5 Jahren, die von einem Erwachsenen begleitet werden m\u00fcssen. Familienpaket f\u00fcr zwei Erwachsene und bis zu drei Kinder zwischen 5 und 10 Jahren. Das vierte Kind bezahlt normal. F\u00fchrungen f\u00fcr Gruppen oder Schulen Kontakt<\/p>\n","protected":false},"excerpt":{"rendered":"<p>Tipo de expositores: Ch\u00e1rter n\u00e1utico, deportes n\u00e1uticos singulares, compra venta de embarcaciones, gastronom\u00eda, formaci\u00f3n n\u00e1utica, ocio infantil<\/p>\n","protected":false},"author":2,"featured_media":12619,"comment_status":"open","ping_status":"open","sticky":false,"template":"","format":"standard","meta":{"_exactmetrics_skip_tracking":false,"_exactmetrics_sitenote_active":false,"_exactmetrics_sitenote_note":"","_exactmetrics_sitenote_category":0,"footnotes":""},"categories":[],"tags":[],"class_list":["post-12618","post","type-post","status-publish","format-standard","has-post-thumbnail","hentry"],"yoast_head":"<!-- This site is optimized with the Yoast SEO plugin v25.0 - https:\/\/yoast.com\/wordpress\/plugins\/seo\/ -->\n<title>Sal\u00f3n N\u00e1utico D\u00e9nia - Activa Costa Blanca<\/title>\n<meta name=\"robots\" content=\"index, follow, max-snippet:-1, max-image-preview:large, max-video-preview:-1\" \/>\n<link rel=\"canonical\" href=\"https:\/\/activacostablanca.com\/de\/eventos-de\/salon-nautico-denia\/\" \/>\n<meta property=\"og:locale\" content=\"de_DE\" \/>\n<meta property=\"og:type\" content=\"article\" \/>\n<meta property=\"og:title\" content=\"Sal\u00f3n N\u00e1utico D\u00e9nia - Activa Costa Blanca\" \/>\n<meta property=\"og:description\" content=\"Tipo de expositores: Ch\u00e1rter n\u00e1utico, deportes n\u00e1uticos singulares, compra venta de embarcaciones, gastronom\u00eda, formaci\u00f3n n\u00e1utica, ocio infantil\" \/>\n<meta property=\"og:url\" content=\"https:\/\/activacostablanca.com\/de\/eventos-de\/salon-nautico-denia\/\" \/>\n<meta property=\"og:site_name\" content=\"Activa Costa Blanca\" \/>\n<meta property=\"article:published_time\" content=\"2019-04-26T20:52:08+00:00\" \/>\n<meta property=\"article:modified_time\" content=\"2019-06-04T21:56:59+00:00\" \/>\n<meta property=\"og:image\" content=\"https:\/\/activacostablanca.com\/wp-content\/uploads\/2019\/04\/ProgramaXIISND.jpg\" \/>\n\t<meta property=\"og:image:width\" content=\"583\" \/>\n\t<meta property=\"og:image:height\" content=\"827\" \/>\n\t<meta property=\"og:image:type\" content=\"image\/jpeg\" \/>\n<meta name=\"author\" content=\"Activa Costablanca\" \/>\n<meta name=\"twitter:card\" content=\"summary_large_image\" \/>\n<meta name=\"twitter:label1\" content=\"Verfasst von\" \/>\n\t<meta name=\"twitter:data1\" content=\"Activa Costablanca\" \/>\n\t<meta name=\"twitter:label2\" content=\"Gesch\u00e4tzte Lesezeit\" \/>\n\t<meta name=\"twitter:data2\" content=\"3\u00a0Minuten\" \/>\n<script type=\"application\/ld+json\" class=\"yoast-schema-graph\">{\"@context\":\"https:\/\/schema.org\",\"@graph\":[{\"@type\":\"Article\",\"@id\":\"https:\/\/activacostablanca.com\/de\/eventos-de\/salon-nautico-denia\/#article\",\"isPartOf\":{\"@id\":\"https:\/\/activacostablanca.com\/de\/eventos-de\/salon-nautico-denia\/\"},\"author\":{\"name\":\"Activa Costablanca\",\"@id\":\"https:\/\/activacostablanca.com\/#\/schema\/person\/d48fc026c61c0eb79e3b0ade7ab35e79\"},\"headline\":\"Sal\u00f3n N\u00e1utico D\u00e9nia\",\"datePublished\":\"2019-04-26T20:52:08+00:00\",\"dateModified\":\"2019-06-04T21:56:59+00:00\",\"mainEntityOfPage\":{\"@id\":\"https:\/\/activacostablanca.com\/de\/eventos-de\/salon-nautico-denia\/\"},\"wordCount\":643,\"commentCount\":0,\"publisher\":{\"@id\":\"https:\/\/activacostablanca.com\/#organization\"},\"image\":{\"@id\":\"https:\/\/activacostablanca.com\/de\/eventos-de\/salon-nautico-denia\/#primaryimage\"},\"thumbnailUrl\":\"https:\/\/activacostablanca.com\/wp-content\/uploads\/2019\/04\/ProgramaXIISND.jpg\",\"inLanguage\":\"de\",\"potentialAction\":[{\"@type\":\"CommentAction\",\"name\":\"Comment\",\"target\":[\"https:\/\/activacostablanca.com\/de\/eventos-de\/salon-nautico-denia\/#respond\"]}]},{\"@type\":\"WebPage\",\"@id\":\"https:\/\/activacostablanca.com\/de\/eventos-de\/salon-nautico-denia\/\",\"url\":\"https:\/\/activacostablanca.com\/de\/eventos-de\/salon-nautico-denia\/\",\"name\":\"Sal\u00f3n N\u00e1utico D\u00e9nia - Activa Costa Blanca\",\"isPartOf\":{\"@id\":\"https:\/\/activacostablanca.com\/#website\"},\"primaryImageOfPage\":{\"@id\":\"https:\/\/activacostablanca.com\/de\/eventos-de\/salon-nautico-denia\/#primaryimage\"},\"image\":{\"@id\":\"https:\/\/activacostablanca.com\/de\/eventos-de\/salon-nautico-denia\/#primaryimage\"},\"thumbnailUrl\":\"https:\/\/activacostablanca.com\/wp-content\/uploads\/2019\/04\/ProgramaXIISND.jpg\",\"datePublished\":\"2019-04-26T20:52:08+00:00\",\"dateModified\":\"2019-06-04T21:56:59+00:00\",\"breadcrumb\":{\"@id\":\"https:\/\/activacostablanca.com\/de\/eventos-de\/salon-nautico-denia\/#breadcrumb\"},\"inLanguage\":\"de\",\"potentialAction\":[{\"@type\":\"ReadAction\",\"target\":[\"https:\/\/activacostablanca.com\/de\/eventos-de\/salon-nautico-denia\/\"]}]},{\"@type\":\"ImageObject\",\"inLanguage\":\"de\",\"@id\":\"https:\/\/activacostablanca.com\/de\/eventos-de\/salon-nautico-denia\/#primaryimage\",\"url\":\"https:\/\/activacostablanca.com\/wp-content\/uploads\/2019\/04\/ProgramaXIISND.jpg\",\"contentUrl\":\"https:\/\/activacostablanca.com\/wp-content\/uploads\/2019\/04\/ProgramaXIISND.jpg\",\"width\":583,\"height\":827},{\"@type\":\"BreadcrumbList\",\"@id\":\"https:\/\/activacostablanca.com\/de\/eventos-de\/salon-nautico-denia\/#breadcrumb\",\"itemListElement\":[{\"@type\":\"ListItem\",\"position\":1,\"name\":\"Portada\",\"item\":\"https:\/\/activacostablanca.com\/de\/\"},{\"@type\":\"ListItem\",\"position\":2,\"name\":\"Sal\u00f3n N\u00e1utico D\u00e9nia\"}]},{\"@type\":\"WebSite\",\"@id\":\"https:\/\/activacostablanca.com\/#website\",\"url\":\"https:\/\/activacostablanca.com\/\",\"name\":\"Activa Costa Blanca\",\"description\":\"Aktivit\u00e4ten und Ausfl\u00fcge an der Costa Blanca\",\"publisher\":{\"@id\":\"https:\/\/activacostablanca.com\/#organization\"},\"potentialAction\":[{\"@type\":\"SearchAction\",\"target\":{\"@type\":\"EntryPoint\",\"urlTemplate\":\"https:\/\/activacostablanca.com\/?s={search_term_string}\"},\"query-input\":{\"@type\":\"PropertyValueSpecification\",\"valueRequired\":true,\"valueName\":\"search_term_string\"}}],\"inLanguage\":\"de\"},{\"@type\":\"Organization\",\"@id\":\"https:\/\/activacostablanca.com\/#organization\",\"name\":\"Activa Costa Blanca\",\"url\":\"https:\/\/activacostablanca.com\/\",\"logo\":{\"@type\":\"ImageObject\",\"inLanguage\":\"de\",\"@id\":\"https:\/\/activacostablanca.com\/#\/schema\/logo\/image\/\",\"url\":\"https:\/\/activacostablanca.com\/wp-content\/uploads\/2019\/04\/weblogo.png\",\"contentUrl\":\"https:\/\/activacostablanca.com\/wp-content\/uploads\/2019\/04\/weblogo.png\",\"width\":177,\"height\":46,\"caption\":\"Activa Costa Blanca\"},\"image\":{\"@id\":\"https:\/\/activacostablanca.com\/#\/schema\/logo\/image\/\"}},{\"@type\":\"Person\",\"@id\":\"https:\/\/activacostablanca.com\/#\/schema\/person\/d48fc026c61c0eb79e3b0ade7ab35e79\",\"name\":\"Activa Costablanca\",\"image\":{\"@type\":\"ImageObject\",\"inLanguage\":\"de\",\"@id\":\"https:\/\/activacostablanca.com\/#\/schema\/person\/image\/\",\"url\":\"https:\/\/secure.gravatar.com\/avatar\/657de7470d8657c20722b4ee0e1d8f7106ae39ef32e2297fb70099296a80867a?s=96&d=mm&r=g\",\"contentUrl\":\"https:\/\/secure.gravatar.com\/avatar\/657de7470d8657c20722b4ee0e1d8f7106ae39ef32e2297fb70099296a80867a?s=96&d=mm&r=g\",\"caption\":\"Activa Costablanca\"}}]}<\/script>\n<!-- \/ Yoast SEO plugin. -->","yoast_head_json":{"title":"Sal\u00f3n N\u00e1utico D\u00e9nia - Activa Costa Blanca","robots":{"index":"index","follow":"follow","max-snippet":"max-snippet:-1","max-image-preview":"max-image-preview:large","max-video-preview":"max-video-preview:-1"},"canonical":"https:\/\/activacostablanca.com\/de\/eventos-de\/salon-nautico-denia\/","og_locale":"de_DE","og_type":"article","og_title":"Sal\u00f3n N\u00e1utico D\u00e9nia - Activa Costa Blanca","og_description":"Tipo de expositores: Ch\u00e1rter n\u00e1utico, deportes n\u00e1uticos singulares, compra venta de embarcaciones, gastronom\u00eda, formaci\u00f3n n\u00e1utica, ocio infantil","og_url":"https:\/\/activacostablanca.com\/de\/eventos-de\/salon-nautico-denia\/","og_site_name":"Activa Costa Blanca","article_published_time":"2019-04-26T20:52:08+00:00","article_modified_time":"2019-06-04T21:56:59+00:00","og_image":[{"width":583,"height":827,"url":"https:\/\/activacostablanca.com\/wp-content\/uploads\/2019\/04\/ProgramaXIISND.jpg","type":"image\/jpeg"}],"author":"Activa Costablanca","twitter_card":"summary_large_image","twitter_misc":{"Verfasst von":"Activa Costablanca","Gesch\u00e4tzte Lesezeit":"3\u00a0Minuten"},"schema":{"@context":"https:\/\/schema.org","@graph":[{"@type":"Article","@id":"https:\/\/activacostablanca.com\/de\/eventos-de\/salon-nautico-denia\/#article","isPartOf":{"@id":"https:\/\/activacostablanca.com\/de\/eventos-de\/salon-nautico-denia\/"},"author":{"name":"Activa Costablanca","@id":"https:\/\/activacostablanca.com\/#\/schema\/person\/d48fc026c61c0eb79e3b0ade7ab35e79"},"headline":"Sal\u00f3n N\u00e1utico D\u00e9nia","datePublished":"2019-04-26T20:52:08+00:00","dateModified":"2019-06-04T21:56:59+00:00","mainEntityOfPage":{"@id":"https:\/\/activacostablanca.com\/de\/eventos-de\/salon-nautico-denia\/"},"wordCount":643,"commentCount":0,"publisher":{"@id":"https:\/\/activacostablanca.com\/#organization"},"image":{"@id":"https:\/\/activacostablanca.com\/de\/eventos-de\/salon-nautico-denia\/#primaryimage"},"thumbnailUrl":"https:\/\/activacostablanca.com\/wp-content\/uploads\/2019\/04\/ProgramaXIISND.jpg","inLanguage":"de","potentialAction":[{"@type":"CommentAction","name":"Comment","target":["https:\/\/activacostablanca.com\/de\/eventos-de\/salon-nautico-denia\/#respond"]}]},{"@type":"WebPage","@id":"https:\/\/activacostablanca.com\/de\/eventos-de\/salon-nautico-denia\/","url":"https:\/\/activacostablanca.com\/de\/eventos-de\/salon-nautico-denia\/","name":"Sal\u00f3n N\u00e1utico D\u00e9nia - Activa Costa Blanca","isPartOf":{"@id":"https:\/\/activacostablanca.com\/#website"},"primaryImageOfPage":{"@id":"https:\/\/activacostablanca.com\/de\/eventos-de\/salon-nautico-denia\/#primaryimage"},"image":{"@id":"https:\/\/activacostablanca.com\/de\/eventos-de\/salon-nautico-denia\/#primaryimage"},"thumbnailUrl":"https:\/\/activacostablanca.com\/wp-content\/uploads\/2019\/04\/ProgramaXIISND.jpg","datePublished":"2019-04-26T20:52:08+00:00","dateModified":"2019-06-04T21:56:59+00:00","breadcrumb":{"@id":"https:\/\/activacostablanca.com\/de\/eventos-de\/salon-nautico-denia\/#breadcrumb"},"inLanguage":"de","potentialAction":[{"@type":"ReadAction","target":["https:\/\/activacostablanca.com\/de\/eventos-de\/salon-nautico-denia\/"]}]},{"@type":"ImageObject","inLanguage":"de","@id":"https:\/\/activacostablanca.com\/de\/eventos-de\/salon-nautico-denia\/#primaryimage","url":"https:\/\/activacostablanca.com\/wp-content\/uploads\/2019\/04\/ProgramaXIISND.jpg","contentUrl":"https:\/\/activacostablanca.com\/wp-content\/uploads\/2019\/04\/ProgramaXIISND.jpg","width":583,"height":827},{"@type":"BreadcrumbList","@id":"https:\/\/activacostablanca.com\/de\/eventos-de\/salon-nautico-denia\/#breadcrumb","itemListElement":[{"@type":"ListItem","position":1,"name":"Portada","item":"https:\/\/activacostablanca.com\/de\/"},{"@type":"ListItem","position":2,"name":"Sal\u00f3n N\u00e1utico D\u00e9nia"}]},{"@type":"WebSite","@id":"https:\/\/activacostablanca.com\/#website","url":"https:\/\/activacostablanca.com\/","name":"Activa Costa Blanca","description":"Aktivit\u00e4ten und Ausfl\u00fcge an der Costa Blanca","publisher":{"@id":"https:\/\/activacostablanca.com\/#organization"},"potentialAction":[{"@type":"SearchAction","target":{"@type":"EntryPoint","urlTemplate":"https:\/\/activacostablanca.com\/?s={search_term_string}"},"query-input":{"@type":"PropertyValueSpecification","valueRequired":true,"valueName":"search_term_string"}}],"inLanguage":"de"},{"@type":"Organization","@id":"https:\/\/activacostablanca.com\/#organization","name":"Activa Costa Blanca","url":"https:\/\/activacostablanca.com\/","logo":{"@type":"ImageObject","inLanguage":"de","@id":"https:\/\/activacostablanca.com\/#\/schema\/logo\/image\/","url":"https:\/\/activacostablanca.com\/wp-content\/uploads\/2019\/04\/weblogo.png","contentUrl":"https:\/\/activacostablanca.com\/wp-content\/uploads\/2019\/04\/weblogo.png","width":177,"height":46,"caption":"Activa Costa Blanca"},"image":{"@id":"https:\/\/activacostablanca.com\/#\/schema\/logo\/image\/"}},{"@type":"Person","@id":"https:\/\/activacostablanca.com\/#\/schema\/person\/d48fc026c61c0eb79e3b0ade7ab35e79","name":"Activa Costablanca","image":{"@type":"ImageObject","inLanguage":"de","@id":"https:\/\/activacostablanca.com\/#\/schema\/person\/image\/","url":"https:\/\/secure.gravatar.com\/avatar\/657de7470d8657c20722b4ee0e1d8f7106ae39ef32e2297fb70099296a80867a?s=96&d=mm&r=g","contentUrl":"https:\/\/secure.gravatar.com\/avatar\/657de7470d8657c20722b4ee0e1d8f7106ae39ef32e2297fb70099296a80867a?s=96&d=mm&r=g","caption":"Activa Costablanca"}}]}},"_links":{"self":[{"href":"https:\/\/activacostablanca.com\/de\/wp-json\/wp\/v2\/posts\/12618","targetHints":{"allow":["GET"]}}],"collection":[{"href":"https:\/\/activacostablanca.com\/de\/wp-json\/wp\/v2\/posts"}],"about":[{"href":"https:\/\/activacostablanca.com\/de\/wp-json\/wp\/v2\/types\/post"}],"author":[{"embeddable":true,"href":"https:\/\/activacostablanca.com\/de\/wp-json\/wp\/v2\/users\/2"}],"replies":[{"embeddable":true,"href":"https:\/\/activacostablanca.com\/de\/wp-json\/wp\/v2\/comments?post=12618"}],"version-history":[{"count":1,"href":"https:\/\/activacostablanca.com\/de\/wp-json\/wp\/v2\/posts\/12618\/revisions"}],"predecessor-version":[{"id":12622,"href":"https:\/\/activacostablanca.com\/de\/wp-json\/wp\/v2\/posts\/12618\/revisions\/12622"}],"wp:featuredmedia":[{"embeddable":true,"href":"https:\/\/activacostablanca.com\/de\/wp-json\/wp\/v2\/media\/12619"}],"wp:attachment":[{"href":"https:\/\/activacostablanca.com\/de\/wp-json\/wp\/v2\/media?parent=12618"}],"wp:term":[{"taxonomy":"category","embeddable":true,"href":"https:\/\/activacostablanca.com\/de\/wp-json\/wp\/v2\/categories?post=12618"},{"taxonomy":"post_tag","embeddable":true,"href":"https:\/\/activacostablanca.com\/de\/wp-json\/wp\/v2\/tags?post=12618"}],"curies":[{"name":"wp","href":"https:\/\/api.w.org\/{rel}","templated":true}]}}