{"id":12586,"date":"2019-05-22T22:07:14","date_gmt":"2019-05-22T22:07:14","guid":{"rendered":"http:\/\/activacostablanca.com\/unkategorisiert\/hogueras-de-san-juan-de-alicante-2019\/"},"modified":"2019-06-04T21:34:49","modified_gmt":"2019-06-04T21:34:49","slug":"hogueras-de-san-juan-de-alicante-2019","status":"publish","type":"post","link":"https:\/\/activacostablanca.com\/de\/unkategorisiert\/hogueras-de-san-juan-de-alicante-2019\/","title":{"rendered":"Freudenfeuer von San Juan de Alicante 2019"},"content":{"rendered":"<h2><strong>Freudenfeuer von San Juan<\/strong><\/h2>\n<p>Das offizielle Programm der Freudenfeueraktionen Anfang Juni mit der Einweihung der k\u00fcnstlerischen Illumination und der Proklamation vom Balkon des Stadtrates wird ebenfalls die ersten Masclet\u00e0s erklingen lassen.<\/p>\n<p>Zuvor im Mai werden die folgenden Handlungen durchgef\u00fchrt: Proklamation Bellesa des Infantile Foc im Stadtrat. Bellesa del Foc Proklamation im Rathaus. Einweihung der Ausstellung des Ninot auf dem Platz von S\u00e8neca. Die Masclet\u00e1s werden jeden Tag um 14 Uhr auf der Plaza Luceros hergestellt. Paraden von Bands, Tribute, Makro-Partys und Masclet\u00e1s sind die ersten Auftritte im Juni, zusammen mit Wettbewerben der Pyrotechnik und Lichtspielen.<\/p>\n<p>Am 20. Juni werden die Lagerfeuer mit der Planta de Hogueras und Barracas um Mitternacht angez\u00fcndet. Erwachen in allen Lagerfeuervierteln. Blumengabe in der Kathedrale von San Nicol\u00e1s. Eisenkraut in Rac\u00f3s und Barracas. Preisverleihungsparade f\u00fcr das Portal de Elche. Parade der&#8217;Nanos i Gegants&#8216; vom Rathausplatz zur Plaza de los Luceros. Dans\u00e0 d&#8217;Alacant am Rathausplatz.<\/p>\n<p>Internationale Folkloreparade: Plaza de los Luceros, Alfonso El Sabio, Rambla de M\u00e9ndez N\u00fa\u00f1ez, Calle Altamira und Plaza del Ayuntamiento. Messe des Heiligen Johannes in der Kathedrale des Heiligen Nikolaus von Bari.<\/p>\n<h3><\/h3>\n","protected":false},"excerpt":{"rendered":"<p>Freudenfeuer von San Juan Das offizielle Programm der Freudenfeueraktionen Anfang Juni mit der Einweihung der k\u00fcnstlerischen Illumination und der Proklamation vom Balkon des Stadtrates wird ebenfalls die ersten Masclet\u00e0s erklingen lassen. Zuvor im Mai werden die folgenden Handlungen durchgef\u00fchrt: Proklamation Bellesa des Infantile Foc im Stadtrat. Bellesa del Foc Proklamation im Rathaus. Einweihung der Ausstellung [&hellip;]<\/p>\n","protected":false},"author":2,"featured_media":12486,"comment_status":"open","ping_status":"open","sticky":false,"template":"","format":"standard","meta":{"_exactmetrics_skip_tracking":false,"_exactmetrics_sitenote_active":false,"_exactmetrics_sitenote_note":"","_exactmetrics_sitenote_category":0,"footnotes":""},"categories":[],"tags":[3388],"class_list":["post-12586","post","type-post","status-publish","format-standard","has-post-thumbnail","hentry","tag-freudenfeuer-von-san-juan-de-alicante-2019"],"yoast_head":"<!-- This site is optimized with the Yoast SEO plugin v25.0 - https:\/\/yoast.com\/wordpress\/plugins\/seo\/ -->\n<title>Freudenfeuer von San Juan de Alicante 2019 - Activa Costa Blanca<\/title>\n<meta name=\"robots\" content=\"index, follow, max-snippet:-1, max-image-preview:large, max-video-preview:-1\" \/>\n<link rel=\"canonical\" href=\"https:\/\/activacostablanca.com\/de\/fiestas-de\/hogueras-de-san-juan-de-alicante-2019\/\" \/>\n<meta property=\"og:locale\" content=\"de_DE\" \/>\n<meta property=\"og:type\" content=\"article\" \/>\n<meta property=\"og:title\" content=\"Freudenfeuer von San Juan de Alicante 2019 - Activa Costa Blanca\" \/>\n<meta property=\"og:description\" content=\"Freudenfeuer von San Juan Das offizielle Programm der Freudenfeueraktionen Anfang Juni mit der Einweihung der k\u00fcnstlerischen Illumination und der Proklamation vom Balkon des Stadtrates wird ebenfalls die ersten Masclet\u00e0s erklingen lassen. Zuvor im Mai werden die folgenden Handlungen durchgef\u00fchrt: Proklamation Bellesa des Infantile Foc im Stadtrat. Bellesa del Foc Proklamation im Rathaus. Einweihung der Ausstellung [&hellip;]\" \/>\n<meta property=\"og:url\" content=\"https:\/\/activacostablanca.com\/de\/fiestas-de\/hogueras-de-san-juan-de-alicante-2019\/\" \/>\n<meta property=\"og:site_name\" content=\"Activa Costa Blanca\" \/>\n<meta property=\"article:published_time\" content=\"2019-05-22T22:07:14+00:00\" \/>\n<meta property=\"article:modified_time\" content=\"2019-06-04T21:34:49+00:00\" \/>\n<meta property=\"og:image\" content=\"https:\/\/activacostablanca.com\/wp-content\/uploads\/2019\/05\/50110904e18f1dfae10892db7db32627.jpg\" \/>\n\t<meta property=\"og:image:width\" content=\"600\" \/>\n\t<meta property=\"og:image:height\" content=\"400\" \/>\n\t<meta property=\"og:image:type\" content=\"image\/jpeg\" \/>\n<meta name=\"author\" content=\"Activa Costablanca\" \/>\n<meta name=\"twitter:card\" content=\"summary_large_image\" \/>\n<meta name=\"twitter:label1\" content=\"Verfasst von\" \/>\n\t<meta name=\"twitter:data1\" content=\"Activa Costablanca\" \/>\n\t<meta name=\"twitter:label2\" content=\"Gesch\u00e4tzte Lesezeit\" \/>\n\t<meta name=\"twitter:data2\" content=\"1\u00a0Minute\" \/>\n<script type=\"application\/ld+json\" class=\"yoast-schema-graph\">{\"@context\":\"https:\/\/schema.org\",\"@graph\":[{\"@type\":\"Article\",\"@id\":\"https:\/\/activacostablanca.com\/de\/fiestas-de\/hogueras-de-san-juan-de-alicante-2019\/#article\",\"isPartOf\":{\"@id\":\"https:\/\/activacostablanca.com\/de\/fiestas-de\/hogueras-de-san-juan-de-alicante-2019\/\"},\"author\":{\"name\":\"Activa Costablanca\",\"@id\":\"https:\/\/activacostablanca.com\/#\/schema\/person\/d48fc026c61c0eb79e3b0ade7ab35e79\"},\"headline\":\"Freudenfeuer von San Juan de Alicante 2019\",\"datePublished\":\"2019-05-22T22:07:14+00:00\",\"dateModified\":\"2019-06-04T21:34:49+00:00\",\"mainEntityOfPage\":{\"@id\":\"https:\/\/activacostablanca.com\/de\/fiestas-de\/hogueras-de-san-juan-de-alicante-2019\/\"},\"wordCount\":195,\"commentCount\":12,\"publisher\":{\"@id\":\"https:\/\/activacostablanca.com\/#organization\"},\"image\":{\"@id\":\"https:\/\/activacostablanca.com\/de\/fiestas-de\/hogueras-de-san-juan-de-alicante-2019\/#primaryimage\"},\"thumbnailUrl\":\"https:\/\/activacostablanca.com\/wp-content\/uploads\/2019\/05\/50110904e18f1dfae10892db7db32627.jpg\",\"keywords\":[\"Freudenfeuer von San Juan de Alicante 2019\"],\"inLanguage\":\"de\",\"potentialAction\":[{\"@type\":\"CommentAction\",\"name\":\"Comment\",\"target\":[\"https:\/\/activacostablanca.com\/de\/fiestas-de\/hogueras-de-san-juan-de-alicante-2019\/#respond\"]}]},{\"@type\":\"WebPage\",\"@id\":\"https:\/\/activacostablanca.com\/de\/fiestas-de\/hogueras-de-san-juan-de-alicante-2019\/\",\"url\":\"https:\/\/activacostablanca.com\/de\/fiestas-de\/hogueras-de-san-juan-de-alicante-2019\/\",\"name\":\"Freudenfeuer von San Juan de Alicante 2019 - Activa Costa Blanca\",\"isPartOf\":{\"@id\":\"https:\/\/activacostablanca.com\/#website\"},\"primaryImageOfPage\":{\"@id\":\"https:\/\/activacostablanca.com\/de\/fiestas-de\/hogueras-de-san-juan-de-alicante-2019\/#primaryimage\"},\"image\":{\"@id\":\"https:\/\/activacostablanca.com\/de\/fiestas-de\/hogueras-de-san-juan-de-alicante-2019\/#primaryimage\"},\"thumbnailUrl\":\"https:\/\/activacostablanca.com\/wp-content\/uploads\/2019\/05\/50110904e18f1dfae10892db7db32627.jpg\",\"datePublished\":\"2019-05-22T22:07:14+00:00\",\"dateModified\":\"2019-06-04T21:34:49+00:00\",\"breadcrumb\":{\"@id\":\"https:\/\/activacostablanca.com\/de\/fiestas-de\/hogueras-de-san-juan-de-alicante-2019\/#breadcrumb\"},\"inLanguage\":\"de\",\"potentialAction\":[{\"@type\":\"ReadAction\",\"target\":[\"https:\/\/activacostablanca.com\/de\/fiestas-de\/hogueras-de-san-juan-de-alicante-2019\/\"]}]},{\"@type\":\"ImageObject\",\"inLanguage\":\"de\",\"@id\":\"https:\/\/activacostablanca.com\/de\/fiestas-de\/hogueras-de-san-juan-de-alicante-2019\/#primaryimage\",\"url\":\"https:\/\/activacostablanca.com\/wp-content\/uploads\/2019\/05\/50110904e18f1dfae10892db7db32627.jpg\",\"contentUrl\":\"https:\/\/activacostablanca.com\/wp-content\/uploads\/2019\/05\/50110904e18f1dfae10892db7db32627.jpg\",\"width\":600,\"height\":400},{\"@type\":\"BreadcrumbList\",\"@id\":\"https:\/\/activacostablanca.com\/de\/fiestas-de\/hogueras-de-san-juan-de-alicante-2019\/#breadcrumb\",\"itemListElement\":[{\"@type\":\"ListItem\",\"position\":1,\"name\":\"Portada\",\"item\":\"https:\/\/activacostablanca.com\/de\/\"},{\"@type\":\"ListItem\",\"position\":2,\"name\":\"Freudenfeuer von San Juan de Alicante 2019\"}]},{\"@type\":\"WebSite\",\"@id\":\"https:\/\/activacostablanca.com\/#website\",\"url\":\"https:\/\/activacostablanca.com\/\",\"name\":\"Activa Costa Blanca\",\"description\":\"Aktivit\u00e4ten und Ausfl\u00fcge an der Costa Blanca\",\"publisher\":{\"@id\":\"https:\/\/activacostablanca.com\/#organization\"},\"potentialAction\":[{\"@type\":\"SearchAction\",\"target\":{\"@type\":\"EntryPoint\",\"urlTemplate\":\"https:\/\/activacostablanca.com\/?s={search_term_string}\"},\"query-input\":{\"@type\":\"PropertyValueSpecification\",\"valueRequired\":true,\"valueName\":\"search_term_string\"}}],\"inLanguage\":\"de\"},{\"@type\":\"Organization\",\"@id\":\"https:\/\/activacostablanca.com\/#organization\",\"name\":\"Activa Costa Blanca\",\"url\":\"https:\/\/activacostablanca.com\/\",\"logo\":{\"@type\":\"ImageObject\",\"inLanguage\":\"de\",\"@id\":\"https:\/\/activacostablanca.com\/#\/schema\/logo\/image\/\",\"url\":\"https:\/\/activacostablanca.com\/wp-content\/uploads\/2019\/04\/weblogo.png\",\"contentUrl\":\"https:\/\/activacostablanca.com\/wp-content\/uploads\/2019\/04\/weblogo.png\",\"width\":177,\"height\":46,\"caption\":\"Activa Costa Blanca\"},\"image\":{\"@id\":\"https:\/\/activacostablanca.com\/#\/schema\/logo\/image\/\"}},{\"@type\":\"Person\",\"@id\":\"https:\/\/activacostablanca.com\/#\/schema\/person\/d48fc026c61c0eb79e3b0ade7ab35e79\",\"name\":\"Activa Costablanca\",\"image\":{\"@type\":\"ImageObject\",\"inLanguage\":\"de\",\"@id\":\"https:\/\/activacostablanca.com\/#\/schema\/person\/image\/\",\"url\":\"https:\/\/secure.gravatar.com\/avatar\/657de7470d8657c20722b4ee0e1d8f7106ae39ef32e2297fb70099296a80867a?s=96&d=mm&r=g\",\"contentUrl\":\"https:\/\/secure.gravatar.com\/avatar\/657de7470d8657c20722b4ee0e1d8f7106ae39ef32e2297fb70099296a80867a?s=96&d=mm&r=g\",\"caption\":\"Activa Costablanca\"}}]}<\/script>\n<!-- \/ Yoast SEO plugin. -->","yoast_head_json":{"title":"Freudenfeuer von San Juan de Alicante 2019 - Activa Costa Blanca","robots":{"index":"index","follow":"follow","max-snippet":"max-snippet:-1","max-image-preview":"max-image-preview:large","max-video-preview":"max-video-preview:-1"},"canonical":"https:\/\/activacostablanca.com\/de\/fiestas-de\/hogueras-de-san-juan-de-alicante-2019\/","og_locale":"de_DE","og_type":"article","og_title":"Freudenfeuer von San Juan de Alicante 2019 - Activa Costa Blanca","og_description":"Freudenfeuer von San Juan Das offizielle Programm der Freudenfeueraktionen Anfang Juni mit der Einweihung der k\u00fcnstlerischen Illumination und der Proklamation vom Balkon des Stadtrates wird ebenfalls die ersten Masclet\u00e0s erklingen lassen. Zuvor im Mai werden die folgenden Handlungen durchgef\u00fchrt: Proklamation Bellesa des Infantile Foc im Stadtrat. Bellesa del Foc Proklamation im Rathaus. Einweihung der Ausstellung [&hellip;]","og_url":"https:\/\/activacostablanca.com\/de\/fiestas-de\/hogueras-de-san-juan-de-alicante-2019\/","og_site_name":"Activa Costa Blanca","article_published_time":"2019-05-22T22:07:14+00:00","article_modified_time":"2019-06-04T21:34:49+00:00","og_image":[{"width":600,"height":400,"url":"https:\/\/activacostablanca.com\/wp-content\/uploads\/2019\/05\/50110904e18f1dfae10892db7db32627.jpg","type":"image\/jpeg"}],"author":"Activa Costablanca","twitter_card":"summary_large_image","twitter_misc":{"Verfasst von":"Activa Costablanca","Gesch\u00e4tzte Lesezeit":"1\u00a0Minute"},"schema":{"@context":"https:\/\/schema.org","@graph":[{"@type":"Article","@id":"https:\/\/activacostablanca.com\/de\/fiestas-de\/hogueras-de-san-juan-de-alicante-2019\/#article","isPartOf":{"@id":"https:\/\/activacostablanca.com\/de\/fiestas-de\/hogueras-de-san-juan-de-alicante-2019\/"},"author":{"name":"Activa Costablanca","@id":"https:\/\/activacostablanca.com\/#\/schema\/person\/d48fc026c61c0eb79e3b0ade7ab35e79"},"headline":"Freudenfeuer von San Juan de Alicante 2019","datePublished":"2019-05-22T22:07:14+00:00","dateModified":"2019-06-04T21:34:49+00:00","mainEntityOfPage":{"@id":"https:\/\/activacostablanca.com\/de\/fiestas-de\/hogueras-de-san-juan-de-alicante-2019\/"},"wordCount":195,"commentCount":12,"publisher":{"@id":"https:\/\/activacostablanca.com\/#organization"},"image":{"@id":"https:\/\/activacostablanca.com\/de\/fiestas-de\/hogueras-de-san-juan-de-alicante-2019\/#primaryimage"},"thumbnailUrl":"https:\/\/activacostablanca.com\/wp-content\/uploads\/2019\/05\/50110904e18f1dfae10892db7db32627.jpg","keywords":["Freudenfeuer von San Juan de Alicante 2019"],"inLanguage":"de","potentialAction":[{"@type":"CommentAction","name":"Comment","target":["https:\/\/activacostablanca.com\/de\/fiestas-de\/hogueras-de-san-juan-de-alicante-2019\/#respond"]}]},{"@type":"WebPage","@id":"https:\/\/activacostablanca.com\/de\/fiestas-de\/hogueras-de-san-juan-de-alicante-2019\/","url":"https:\/\/activacostablanca.com\/de\/fiestas-de\/hogueras-de-san-juan-de-alicante-2019\/","name":"Freudenfeuer von San Juan de Alicante 2019 - Activa Costa Blanca","isPartOf":{"@id":"https:\/\/activacostablanca.com\/#website"},"primaryImageOfPage":{"@id":"https:\/\/activacostablanca.com\/de\/fiestas-de\/hogueras-de-san-juan-de-alicante-2019\/#primaryimage"},"image":{"@id":"https:\/\/activacostablanca.com\/de\/fiestas-de\/hogueras-de-san-juan-de-alicante-2019\/#primaryimage"},"thumbnailUrl":"https:\/\/activacostablanca.com\/wp-content\/uploads\/2019\/05\/50110904e18f1dfae10892db7db32627.jpg","datePublished":"2019-05-22T22:07:14+00:00","dateModified":"2019-06-04T21:34:49+00:00","breadcrumb":{"@id":"https:\/\/activacostablanca.com\/de\/fiestas-de\/hogueras-de-san-juan-de-alicante-2019\/#breadcrumb"},"inLanguage":"de","potentialAction":[{"@type":"ReadAction","target":["https:\/\/activacostablanca.com\/de\/fiestas-de\/hogueras-de-san-juan-de-alicante-2019\/"]}]},{"@type":"ImageObject","inLanguage":"de","@id":"https:\/\/activacostablanca.com\/de\/fiestas-de\/hogueras-de-san-juan-de-alicante-2019\/#primaryimage","url":"https:\/\/activacostablanca.com\/wp-content\/uploads\/2019\/05\/50110904e18f1dfae10892db7db32627.jpg","contentUrl":"https:\/\/activacostablanca.com\/wp-content\/uploads\/2019\/05\/50110904e18f1dfae10892db7db32627.jpg","width":600,"height":400},{"@type":"BreadcrumbList","@id":"https:\/\/activacostablanca.com\/de\/fiestas-de\/hogueras-de-san-juan-de-alicante-2019\/#breadcrumb","itemListElement":[{"@type":"ListItem","position":1,"name":"Portada","item":"https:\/\/activacostablanca.com\/de\/"},{"@type":"ListItem","position":2,"name":"Freudenfeuer von San Juan de Alicante 2019"}]},{"@type":"WebSite","@id":"https:\/\/activacostablanca.com\/#website","url":"https:\/\/activacostablanca.com\/","name":"Activa Costa Blanca","description":"Aktivit\u00e4ten und Ausfl\u00fcge an der Costa Blanca","publisher":{"@id":"https:\/\/activacostablanca.com\/#organization"},"potentialAction":[{"@type":"SearchAction","target":{"@type":"EntryPoint","urlTemplate":"https:\/\/activacostablanca.com\/?s={search_term_string}"},"query-input":{"@type":"PropertyValueSpecification","valueRequired":true,"valueName":"search_term_string"}}],"inLanguage":"de"},{"@type":"Organization","@id":"https:\/\/activacostablanca.com\/#organization","name":"Activa Costa Blanca","url":"https:\/\/activacostablanca.com\/","logo":{"@type":"ImageObject","inLanguage":"de","@id":"https:\/\/activacostablanca.com\/#\/schema\/logo\/image\/","url":"https:\/\/activacostablanca.com\/wp-content\/uploads\/2019\/04\/weblogo.png","contentUrl":"https:\/\/activacostablanca.com\/wp-content\/uploads\/2019\/04\/weblogo.png","width":177,"height":46,"caption":"Activa Costa Blanca"},"image":{"@id":"https:\/\/activacostablanca.com\/#\/schema\/logo\/image\/"}},{"@type":"Person","@id":"https:\/\/activacostablanca.com\/#\/schema\/person\/d48fc026c61c0eb79e3b0ade7ab35e79","name":"Activa Costablanca","image":{"@type":"ImageObject","inLanguage":"de","@id":"https:\/\/activacostablanca.com\/#\/schema\/person\/image\/","url":"https:\/\/secure.gravatar.com\/avatar\/657de7470d8657c20722b4ee0e1d8f7106ae39ef32e2297fb70099296a80867a?s=96&d=mm&r=g","contentUrl":"https:\/\/secure.gravatar.com\/avatar\/657de7470d8657c20722b4ee0e1d8f7106ae39ef32e2297fb70099296a80867a?s=96&d=mm&r=g","caption":"Activa Costablanca"}}]}},"_links":{"self":[{"href":"https:\/\/activacostablanca.com\/de\/wp-json\/wp\/v2\/posts\/12586","targetHints":{"allow":["GET"]}}],"collection":[{"href":"https:\/\/activacostablanca.com\/de\/wp-json\/wp\/v2\/posts"}],"about":[{"href":"https:\/\/activacostablanca.com\/de\/wp-json\/wp\/v2\/types\/post"}],"author":[{"embeddable":true,"href":"https:\/\/activacostablanca.com\/de\/wp-json\/wp\/v2\/users\/2"}],"replies":[{"embeddable":true,"href":"https:\/\/activacostablanca.com\/de\/wp-json\/wp\/v2\/comments?post=12586"}],"version-history":[{"count":2,"href":"https:\/\/activacostablanca.com\/de\/wp-json\/wp\/v2\/posts\/12586\/revisions"}],"predecessor-version":[{"id":12590,"href":"https:\/\/activacostablanca.com\/de\/wp-json\/wp\/v2\/posts\/12586\/revisions\/12590"}],"wp:featuredmedia":[{"embeddable":true,"href":"https:\/\/activacostablanca.com\/de\/wp-json\/wp\/v2\/media\/12486"}],"wp:attachment":[{"href":"https:\/\/activacostablanca.com\/de\/wp-json\/wp\/v2\/media?parent=12586"}],"wp:term":[{"taxonomy":"category","embeddable":true,"href":"https:\/\/activacostablanca.com\/de\/wp-json\/wp\/v2\/categories?post=12586"},{"taxonomy":"post_tag","embeddable":true,"href":"https:\/\/activacostablanca.com\/de\/wp-json\/wp\/v2\/tags?post=12586"}],"curies":[{"name":"wp","href":"https:\/\/api.w.org\/{rel}","templated":true}]}}