{"id":12571,"date":"2019-06-04T21:12:04","date_gmt":"2019-06-04T21:12:04","guid":{"rendered":"http:\/\/activacostablanca.com\/?p=12571"},"modified":"2019-06-04T21:13:11","modified_gmt":"2019-06-04T21:13:11","slug":"mauren-und-christen-moraira-2019","status":"publish","type":"post","link":"https:\/\/activacostablanca.com\/de\/unkategorisiert\/mauren-und-christen-moraira-2019\/","title":{"rendered":"Mauren und Christen Moraira 2019"},"content":{"rendered":"<p><strong>Mauren und Christen zu Ehren des Sant\u00edsimo Cristo (Moraira) <\/strong><\/p>\n<p><strong>Festivals der Mauren und Christen zu Ehren des Sant\u00edsimo Cristo de Moraira, Anfang Juni. <\/strong><\/p>\n<p>Vor mehr als f\u00fcnfundzwanzig Jahren dachte eine kleine Gruppe von Freunden, meist einheimische Einheimische und Kaufleute, dar\u00fcber nach, ein Festival zu organisieren, um den Beginn der Sommersaison zu f\u00f6rdern. sofort kam mir das Festival der Mauren und Christen in den Sinn. &#8222;Von Anfang an war die Burg, der alte Verteidigungsturm der ersten Bewohner, von dem aus man die Ankunft von Booten aus Nordafrika sehen konnte, das Symbol eines Festivals, das sechsundzwanzig Jahre sp\u00e4ter gro\u00dfe Pracht und Brillanz erlangt hat.Tausende von Menschen sind Zeugen der Parade, an der mehr als tausend Menschen teilnehmen, die Zuschauer, meist Menschen aus dem Ausland, begeistert, angezogen von der Farbe und dem Glanz der Kost\u00fcme, der Musik und allem, was das Fest der Mauren und Christen bringt.<\/p>\n<p>&nbsp;<\/p>\n<p>&nbsp;<\/p>\n<p>&nbsp;<\/p>\n","protected":false},"excerpt":{"rendered":"<p>Mauren und Christen zu Ehren des Sant\u00edsimo Cristo (Moraira) Festivals der Mauren und Christen zu Ehren des Sant\u00edsimo Cristo de Moraira, Anfang Juni. Vor mehr als f\u00fcnfundzwanzig Jahren dachte eine kleine Gruppe von Freunden, meist einheimische Einheimische und Kaufleute, dar\u00fcber nach, ein Festival zu organisieren, um den Beginn der Sommersaison zu f\u00f6rdern. sofort kam mir [&hellip;]<\/p>\n","protected":false},"author":2,"featured_media":12560,"comment_status":"open","ping_status":"open","sticky":false,"template":"","format":"standard","meta":{"_exactmetrics_skip_tracking":false,"_exactmetrics_sitenote_active":false,"_exactmetrics_sitenote_note":"","_exactmetrics_sitenote_category":0,"footnotes":""},"categories":[],"tags":[3373,3372],"class_list":["post-12571","post","type-post","status-publish","format-standard","has-post-thumbnail","hentry","tag-festivals-der-mauren-und-christen-zu-ehren-des-santisimo-cristo-de-moraira","tag-mauren-und-christen-zu-ehren-des-santisimo-cristo-moraira"],"yoast_head":"<!-- This site is optimized with the Yoast SEO plugin v25.0 - https:\/\/yoast.com\/wordpress\/plugins\/seo\/ -->\n<title>Mauren und Christen Moraira 2019 - Activa Costa Blanca<\/title>\n<meta name=\"robots\" content=\"index, follow, max-snippet:-1, max-image-preview:large, max-video-preview:-1\" \/>\n<link rel=\"canonical\" href=\"https:\/\/activacostablanca.com\/de\/unkategorisiert\/mauren-und-christen-moraira-2019\/\" \/>\n<meta property=\"og:locale\" content=\"de_DE\" \/>\n<meta property=\"og:type\" content=\"article\" \/>\n<meta property=\"og:title\" content=\"Mauren und Christen Moraira 2019 - Activa Costa Blanca\" \/>\n<meta property=\"og:description\" content=\"Mauren und Christen zu Ehren des Sant\u00edsimo Cristo (Moraira) Festivals der Mauren und Christen zu Ehren des Sant\u00edsimo Cristo de Moraira, Anfang Juni. Vor mehr als f\u00fcnfundzwanzig Jahren dachte eine kleine Gruppe von Freunden, meist einheimische Einheimische und Kaufleute, dar\u00fcber nach, ein Festival zu organisieren, um den Beginn der Sommersaison zu f\u00f6rdern. sofort kam mir [&hellip;]\" \/>\n<meta property=\"og:url\" content=\"https:\/\/activacostablanca.com\/de\/unkategorisiert\/mauren-und-christen-moraira-2019\/\" \/>\n<meta property=\"og:site_name\" content=\"Activa Costa Blanca\" \/>\n<meta property=\"article:published_time\" content=\"2019-06-04T21:12:04+00:00\" \/>\n<meta property=\"article:modified_time\" content=\"2019-06-04T21:13:11+00:00\" \/>\n<meta property=\"og:image\" content=\"https:\/\/activacostablanca.com\/wp-content\/uploads\/2019\/06\/moraira-moros-y-cristianos.jpg\" \/>\n\t<meta property=\"og:image:width\" content=\"234\" \/>\n\t<meta property=\"og:image:height\" content=\"200\" \/>\n\t<meta property=\"og:image:type\" content=\"image\/jpeg\" \/>\n<meta name=\"author\" content=\"Activa Costablanca\" \/>\n<meta name=\"twitter:card\" content=\"summary_large_image\" \/>\n<meta name=\"twitter:label1\" content=\"Verfasst von\" \/>\n\t<meta name=\"twitter:data1\" content=\"Activa Costablanca\" \/>\n\t<meta name=\"twitter:label2\" content=\"Gesch\u00e4tzte Lesezeit\" \/>\n\t<meta name=\"twitter:data2\" content=\"1\u00a0Minute\" \/>\n<script type=\"application\/ld+json\" class=\"yoast-schema-graph\">{\"@context\":\"https:\/\/schema.org\",\"@graph\":[{\"@type\":\"Article\",\"@id\":\"https:\/\/activacostablanca.com\/de\/unkategorisiert\/mauren-und-christen-moraira-2019\/#article\",\"isPartOf\":{\"@id\":\"https:\/\/activacostablanca.com\/de\/unkategorisiert\/mauren-und-christen-moraira-2019\/\"},\"author\":{\"name\":\"Activa Costablanca\",\"@id\":\"https:\/\/activacostablanca.com\/#\/schema\/person\/d48fc026c61c0eb79e3b0ade7ab35e79\"},\"headline\":\"Mauren und Christen Moraira 2019\",\"datePublished\":\"2019-06-04T21:12:04+00:00\",\"dateModified\":\"2019-06-04T21:13:11+00:00\",\"mainEntityOfPage\":{\"@id\":\"https:\/\/activacostablanca.com\/de\/unkategorisiert\/mauren-und-christen-moraira-2019\/\"},\"wordCount\":160,\"commentCount\":0,\"publisher\":{\"@id\":\"https:\/\/activacostablanca.com\/#organization\"},\"image\":{\"@id\":\"https:\/\/activacostablanca.com\/de\/unkategorisiert\/mauren-und-christen-moraira-2019\/#primaryimage\"},\"thumbnailUrl\":\"https:\/\/activacostablanca.com\/wp-content\/uploads\/2019\/06\/moraira-moros-y-cristianos.jpg\",\"keywords\":[\"Festivals der Mauren und Christen zu Ehren des Sant\u00edsimo Cristo de Moraira\",\"Mauren und Christen zu Ehren des Sant\u00edsimo Cristo (Moraira)\"],\"inLanguage\":\"de\",\"potentialAction\":[{\"@type\":\"CommentAction\",\"name\":\"Comment\",\"target\":[\"https:\/\/activacostablanca.com\/de\/unkategorisiert\/mauren-und-christen-moraira-2019\/#respond\"]}]},{\"@type\":\"WebPage\",\"@id\":\"https:\/\/activacostablanca.com\/de\/unkategorisiert\/mauren-und-christen-moraira-2019\/\",\"url\":\"https:\/\/activacostablanca.com\/de\/unkategorisiert\/mauren-und-christen-moraira-2019\/\",\"name\":\"Mauren und Christen Moraira 2019 - Activa Costa Blanca\",\"isPartOf\":{\"@id\":\"https:\/\/activacostablanca.com\/#website\"},\"primaryImageOfPage\":{\"@id\":\"https:\/\/activacostablanca.com\/de\/unkategorisiert\/mauren-und-christen-moraira-2019\/#primaryimage\"},\"image\":{\"@id\":\"https:\/\/activacostablanca.com\/de\/unkategorisiert\/mauren-und-christen-moraira-2019\/#primaryimage\"},\"thumbnailUrl\":\"https:\/\/activacostablanca.com\/wp-content\/uploads\/2019\/06\/moraira-moros-y-cristianos.jpg\",\"datePublished\":\"2019-06-04T21:12:04+00:00\",\"dateModified\":\"2019-06-04T21:13:11+00:00\",\"breadcrumb\":{\"@id\":\"https:\/\/activacostablanca.com\/de\/unkategorisiert\/mauren-und-christen-moraira-2019\/#breadcrumb\"},\"inLanguage\":\"de\",\"potentialAction\":[{\"@type\":\"ReadAction\",\"target\":[\"https:\/\/activacostablanca.com\/de\/unkategorisiert\/mauren-und-christen-moraira-2019\/\"]}]},{\"@type\":\"ImageObject\",\"inLanguage\":\"de\",\"@id\":\"https:\/\/activacostablanca.com\/de\/unkategorisiert\/mauren-und-christen-moraira-2019\/#primaryimage\",\"url\":\"https:\/\/activacostablanca.com\/wp-content\/uploads\/2019\/06\/moraira-moros-y-cristianos.jpg\",\"contentUrl\":\"https:\/\/activacostablanca.com\/wp-content\/uploads\/2019\/06\/moraira-moros-y-cristianos.jpg\",\"width\":234,\"height\":200},{\"@type\":\"BreadcrumbList\",\"@id\":\"https:\/\/activacostablanca.com\/de\/unkategorisiert\/mauren-und-christen-moraira-2019\/#breadcrumb\",\"itemListElement\":[{\"@type\":\"ListItem\",\"position\":1,\"name\":\"Portada\",\"item\":\"https:\/\/activacostablanca.com\/de\/\"},{\"@type\":\"ListItem\",\"position\":2,\"name\":\"Mauren und Christen Moraira 2019\"}]},{\"@type\":\"WebSite\",\"@id\":\"https:\/\/activacostablanca.com\/#website\",\"url\":\"https:\/\/activacostablanca.com\/\",\"name\":\"Activa Costa Blanca\",\"description\":\"Aktivit\u00e4ten und Ausfl\u00fcge an der Costa Blanca\",\"publisher\":{\"@id\":\"https:\/\/activacostablanca.com\/#organization\"},\"potentialAction\":[{\"@type\":\"SearchAction\",\"target\":{\"@type\":\"EntryPoint\",\"urlTemplate\":\"https:\/\/activacostablanca.com\/?s={search_term_string}\"},\"query-input\":{\"@type\":\"PropertyValueSpecification\",\"valueRequired\":true,\"valueName\":\"search_term_string\"}}],\"inLanguage\":\"de\"},{\"@type\":\"Organization\",\"@id\":\"https:\/\/activacostablanca.com\/#organization\",\"name\":\"Activa Costa Blanca\",\"url\":\"https:\/\/activacostablanca.com\/\",\"logo\":{\"@type\":\"ImageObject\",\"inLanguage\":\"de\",\"@id\":\"https:\/\/activacostablanca.com\/#\/schema\/logo\/image\/\",\"url\":\"https:\/\/activacostablanca.com\/wp-content\/uploads\/2019\/04\/weblogo.png\",\"contentUrl\":\"https:\/\/activacostablanca.com\/wp-content\/uploads\/2019\/04\/weblogo.png\",\"width\":177,\"height\":46,\"caption\":\"Activa Costa Blanca\"},\"image\":{\"@id\":\"https:\/\/activacostablanca.com\/#\/schema\/logo\/image\/\"}},{\"@type\":\"Person\",\"@id\":\"https:\/\/activacostablanca.com\/#\/schema\/person\/d48fc026c61c0eb79e3b0ade7ab35e79\",\"name\":\"Activa Costablanca\",\"image\":{\"@type\":\"ImageObject\",\"inLanguage\":\"de\",\"@id\":\"https:\/\/activacostablanca.com\/#\/schema\/person\/image\/\",\"url\":\"https:\/\/secure.gravatar.com\/avatar\/657de7470d8657c20722b4ee0e1d8f7106ae39ef32e2297fb70099296a80867a?s=96&d=mm&r=g\",\"contentUrl\":\"https:\/\/secure.gravatar.com\/avatar\/657de7470d8657c20722b4ee0e1d8f7106ae39ef32e2297fb70099296a80867a?s=96&d=mm&r=g\",\"caption\":\"Activa Costablanca\"}}]}<\/script>\n<!-- \/ Yoast SEO plugin. -->","yoast_head_json":{"title":"Mauren und Christen Moraira 2019 - Activa Costa Blanca","robots":{"index":"index","follow":"follow","max-snippet":"max-snippet:-1","max-image-preview":"max-image-preview:large","max-video-preview":"max-video-preview:-1"},"canonical":"https:\/\/activacostablanca.com\/de\/unkategorisiert\/mauren-und-christen-moraira-2019\/","og_locale":"de_DE","og_type":"article","og_title":"Mauren und Christen Moraira 2019 - Activa Costa Blanca","og_description":"Mauren und Christen zu Ehren des Sant\u00edsimo Cristo (Moraira) Festivals der Mauren und Christen zu Ehren des Sant\u00edsimo Cristo de Moraira, Anfang Juni. Vor mehr als f\u00fcnfundzwanzig Jahren dachte eine kleine Gruppe von Freunden, meist einheimische Einheimische und Kaufleute, dar\u00fcber nach, ein Festival zu organisieren, um den Beginn der Sommersaison zu f\u00f6rdern. sofort kam mir [&hellip;]","og_url":"https:\/\/activacostablanca.com\/de\/unkategorisiert\/mauren-und-christen-moraira-2019\/","og_site_name":"Activa Costa Blanca","article_published_time":"2019-06-04T21:12:04+00:00","article_modified_time":"2019-06-04T21:13:11+00:00","og_image":[{"width":234,"height":200,"url":"https:\/\/activacostablanca.com\/wp-content\/uploads\/2019\/06\/moraira-moros-y-cristianos.jpg","type":"image\/jpeg"}],"author":"Activa Costablanca","twitter_card":"summary_large_image","twitter_misc":{"Verfasst von":"Activa Costablanca","Gesch\u00e4tzte Lesezeit":"1\u00a0Minute"},"schema":{"@context":"https:\/\/schema.org","@graph":[{"@type":"Article","@id":"https:\/\/activacostablanca.com\/de\/unkategorisiert\/mauren-und-christen-moraira-2019\/#article","isPartOf":{"@id":"https:\/\/activacostablanca.com\/de\/unkategorisiert\/mauren-und-christen-moraira-2019\/"},"author":{"name":"Activa Costablanca","@id":"https:\/\/activacostablanca.com\/#\/schema\/person\/d48fc026c61c0eb79e3b0ade7ab35e79"},"headline":"Mauren und Christen Moraira 2019","datePublished":"2019-06-04T21:12:04+00:00","dateModified":"2019-06-04T21:13:11+00:00","mainEntityOfPage":{"@id":"https:\/\/activacostablanca.com\/de\/unkategorisiert\/mauren-und-christen-moraira-2019\/"},"wordCount":160,"commentCount":0,"publisher":{"@id":"https:\/\/activacostablanca.com\/#organization"},"image":{"@id":"https:\/\/activacostablanca.com\/de\/unkategorisiert\/mauren-und-christen-moraira-2019\/#primaryimage"},"thumbnailUrl":"https:\/\/activacostablanca.com\/wp-content\/uploads\/2019\/06\/moraira-moros-y-cristianos.jpg","keywords":["Festivals der Mauren und Christen zu Ehren des Sant\u00edsimo Cristo de Moraira","Mauren und Christen zu Ehren des Sant\u00edsimo Cristo (Moraira)"],"inLanguage":"de","potentialAction":[{"@type":"CommentAction","name":"Comment","target":["https:\/\/activacostablanca.com\/de\/unkategorisiert\/mauren-und-christen-moraira-2019\/#respond"]}]},{"@type":"WebPage","@id":"https:\/\/activacostablanca.com\/de\/unkategorisiert\/mauren-und-christen-moraira-2019\/","url":"https:\/\/activacostablanca.com\/de\/unkategorisiert\/mauren-und-christen-moraira-2019\/","name":"Mauren und Christen Moraira 2019 - Activa Costa Blanca","isPartOf":{"@id":"https:\/\/activacostablanca.com\/#website"},"primaryImageOfPage":{"@id":"https:\/\/activacostablanca.com\/de\/unkategorisiert\/mauren-und-christen-moraira-2019\/#primaryimage"},"image":{"@id":"https:\/\/activacostablanca.com\/de\/unkategorisiert\/mauren-und-christen-moraira-2019\/#primaryimage"},"thumbnailUrl":"https:\/\/activacostablanca.com\/wp-content\/uploads\/2019\/06\/moraira-moros-y-cristianos.jpg","datePublished":"2019-06-04T21:12:04+00:00","dateModified":"2019-06-04T21:13:11+00:00","breadcrumb":{"@id":"https:\/\/activacostablanca.com\/de\/unkategorisiert\/mauren-und-christen-moraira-2019\/#breadcrumb"},"inLanguage":"de","potentialAction":[{"@type":"ReadAction","target":["https:\/\/activacostablanca.com\/de\/unkategorisiert\/mauren-und-christen-moraira-2019\/"]}]},{"@type":"ImageObject","inLanguage":"de","@id":"https:\/\/activacostablanca.com\/de\/unkategorisiert\/mauren-und-christen-moraira-2019\/#primaryimage","url":"https:\/\/activacostablanca.com\/wp-content\/uploads\/2019\/06\/moraira-moros-y-cristianos.jpg","contentUrl":"https:\/\/activacostablanca.com\/wp-content\/uploads\/2019\/06\/moraira-moros-y-cristianos.jpg","width":234,"height":200},{"@type":"BreadcrumbList","@id":"https:\/\/activacostablanca.com\/de\/unkategorisiert\/mauren-und-christen-moraira-2019\/#breadcrumb","itemListElement":[{"@type":"ListItem","position":1,"name":"Portada","item":"https:\/\/activacostablanca.com\/de\/"},{"@type":"ListItem","position":2,"name":"Mauren und Christen Moraira 2019"}]},{"@type":"WebSite","@id":"https:\/\/activacostablanca.com\/#website","url":"https:\/\/activacostablanca.com\/","name":"Activa Costa Blanca","description":"Aktivit\u00e4ten und Ausfl\u00fcge an der Costa Blanca","publisher":{"@id":"https:\/\/activacostablanca.com\/#organization"},"potentialAction":[{"@type":"SearchAction","target":{"@type":"EntryPoint","urlTemplate":"https:\/\/activacostablanca.com\/?s={search_term_string}"},"query-input":{"@type":"PropertyValueSpecification","valueRequired":true,"valueName":"search_term_string"}}],"inLanguage":"de"},{"@type":"Organization","@id":"https:\/\/activacostablanca.com\/#organization","name":"Activa Costa Blanca","url":"https:\/\/activacostablanca.com\/","logo":{"@type":"ImageObject","inLanguage":"de","@id":"https:\/\/activacostablanca.com\/#\/schema\/logo\/image\/","url":"https:\/\/activacostablanca.com\/wp-content\/uploads\/2019\/04\/weblogo.png","contentUrl":"https:\/\/activacostablanca.com\/wp-content\/uploads\/2019\/04\/weblogo.png","width":177,"height":46,"caption":"Activa Costa Blanca"},"image":{"@id":"https:\/\/activacostablanca.com\/#\/schema\/logo\/image\/"}},{"@type":"Person","@id":"https:\/\/activacostablanca.com\/#\/schema\/person\/d48fc026c61c0eb79e3b0ade7ab35e79","name":"Activa Costablanca","image":{"@type":"ImageObject","inLanguage":"de","@id":"https:\/\/activacostablanca.com\/#\/schema\/person\/image\/","url":"https:\/\/secure.gravatar.com\/avatar\/657de7470d8657c20722b4ee0e1d8f7106ae39ef32e2297fb70099296a80867a?s=96&d=mm&r=g","contentUrl":"https:\/\/secure.gravatar.com\/avatar\/657de7470d8657c20722b4ee0e1d8f7106ae39ef32e2297fb70099296a80867a?s=96&d=mm&r=g","caption":"Activa Costablanca"}}]}},"_links":{"self":[{"href":"https:\/\/activacostablanca.com\/de\/wp-json\/wp\/v2\/posts\/12571","targetHints":{"allow":["GET"]}}],"collection":[{"href":"https:\/\/activacostablanca.com\/de\/wp-json\/wp\/v2\/posts"}],"about":[{"href":"https:\/\/activacostablanca.com\/de\/wp-json\/wp\/v2\/types\/post"}],"author":[{"embeddable":true,"href":"https:\/\/activacostablanca.com\/de\/wp-json\/wp\/v2\/users\/2"}],"replies":[{"embeddable":true,"href":"https:\/\/activacostablanca.com\/de\/wp-json\/wp\/v2\/comments?post=12571"}],"version-history":[{"count":1,"href":"https:\/\/activacostablanca.com\/de\/wp-json\/wp\/v2\/posts\/12571\/revisions"}],"predecessor-version":[{"id":12577,"href":"https:\/\/activacostablanca.com\/de\/wp-json\/wp\/v2\/posts\/12571\/revisions\/12577"}],"wp:featuredmedia":[{"embeddable":true,"href":"https:\/\/activacostablanca.com\/de\/wp-json\/wp\/v2\/media\/12560"}],"wp:attachment":[{"href":"https:\/\/activacostablanca.com\/de\/wp-json\/wp\/v2\/media?parent=12571"}],"wp:term":[{"taxonomy":"category","embeddable":true,"href":"https:\/\/activacostablanca.com\/de\/wp-json\/wp\/v2\/categories?post=12571"},{"taxonomy":"post_tag","embeddable":true,"href":"https:\/\/activacostablanca.com\/de\/wp-json\/wp\/v2\/tags?post=12571"}],"curies":[{"name":"wp","href":"https:\/\/api.w.org\/{rel}","templated":true}]}}