{"id":11737,"date":"2016-06-30T00:00:00","date_gmt":"2016-06-30T00:00:00","guid":{"rendered":"http:\/\/dev.activacostablanca.com\/unkategorisiert\/javea-international-festival-2016\/"},"modified":"2019-05-17T10:22:07","modified_gmt":"2019-05-17T10:22:07","slug":"javea-international-festival-2016","status":"publish","type":"post","link":"https:\/\/activacostablanca.com\/de\/eventos-veranstaltungengastronomische-veranstaltungen\/javea-international-festival-2016\/","title":{"rendered":"Javea International Festival 2016"},"content":{"rendered":"<p>X\u00c0BIA INTERNATIONAL FESTIVAL 2016<\/p>\n<p>Dies ist Javeas bestes und wichtigstes Internationales Ereignis \u00a0, das vor mehr als 20 Jahren begann.<\/p>\n<p><span class=\"goog-text-highlight\">Dieses multikulturelle Festival findet auf der Via Augusta in J\u00e1vea statt, einem strategischen Punkt in der Gemeinde und mit einem herrlichen Blick auf den Montgo und in <\/span><span class=\"goog-text-highlight\">unmittelbarer N\u00e4he zum Meer. <\/span><\/p>\n<p><span class=\"goog-text-highlight\">Das Internationale Festival in J\u00e1vea ist eine gro\u00dfe Chance , <\/span><span class=\"goog-text-highlight\">in drei Tagen die kulinarischen Spezialit\u00e4ten aus 20 Nationen zu verkosten, ihre Traditionen und Kulturen kennen zu lernen. <\/span><\/p>\n<p>In diesem Jahr, die Ukraine und Madagaskar nehmen zum ersten Mal teil.<\/p>\n<p>Sonderst\u00e4nde wie auch aus Andalusien und J\u00e1vea sind ebenfalls pr\u00e4sent, die ihre neue Marke GastroX\u00e0bia (typisch lokale Produkte mit hohen Qualit\u00e4tsstandards)<\/p>\n<p>Besuchen Sie das <strong>Internationale Festival in J\u00e1vea<\/strong> &#8211; eine Party mit Musik und Tanz auf der B\u00fchne, kulinarische Spezialit\u00e4ten von Wirten verschiedener Nationalit\u00e4ten, die stolz sind, das beste aus ihren L\u00e4ndern zu zeigen<\/p>\n<p>&nbsp;<\/p>\n","protected":false},"excerpt":{"rendered":"<p>X\u00c0BIA INTERNATIONAL FESTIVAL 2016 Dies ist Javeas bestes und wichtigstes Internationales Ereignis \u00a0, das vor mehr als 20 Jahren begann. Dieses multikulturelle Festival findet auf der Via Augusta in J\u00e1vea statt, einem strategischen Punkt in der Gemeinde und mit einem herrlichen Blick auf den Montgo und in unmittelbarer N\u00e4he zum Meer. Das Internationale Festival in [&hellip;]<\/p>\n","protected":false},"author":2,"featured_media":10209,"comment_status":"closed","ping_status":"closed","sticky":false,"template":"","format":"standard","meta":{"_exactmetrics_skip_tracking":false,"_exactmetrics_sitenote_active":false,"_exactmetrics_sitenote_note":"","_exactmetrics_sitenote_category":0,"footnotes":""},"categories":[3149],"tags":[],"class_list":["post-11737","post","type-post","status-publish","format-standard","has-post-thumbnail","hentry","category-eventos-veranstaltungengastronomische-veranstaltungen"],"yoast_head":"<!-- This site is optimized with the Yoast SEO plugin v25.0 - https:\/\/yoast.com\/wordpress\/plugins\/seo\/ -->\n<title>Javea International Festival 2016 - Activa Costa Blanca<\/title>\n<meta name=\"robots\" content=\"index, follow, max-snippet:-1, max-image-preview:large, max-video-preview:-1\" \/>\n<link rel=\"canonical\" href=\"https:\/\/activacostablanca.com\/de\/eventos-veranstaltungengastronomische-veranstaltungen\/javea-international-festival-2016\/\" \/>\n<meta property=\"og:locale\" content=\"de_DE\" \/>\n<meta property=\"og:type\" content=\"article\" \/>\n<meta property=\"og:title\" content=\"Javea International Festival 2016 - Activa Costa Blanca\" \/>\n<meta property=\"og:description\" content=\"X\u00c0BIA INTERNATIONAL FESTIVAL 2016 Dies ist Javeas bestes und wichtigstes Internationales Ereignis \u00a0, das vor mehr als 20 Jahren begann. Dieses multikulturelle Festival findet auf der Via Augusta in J\u00e1vea statt, einem strategischen Punkt in der Gemeinde und mit einem herrlichen Blick auf den Montgo und in unmittelbarer N\u00e4he zum Meer. Das Internationale Festival in [&hellip;]\" \/>\n<meta property=\"og:url\" content=\"https:\/\/activacostablanca.com\/de\/eventos-veranstaltungengastronomische-veranstaltungen\/javea-international-festival-2016\/\" \/>\n<meta property=\"og:site_name\" content=\"Activa Costa Blanca\" \/>\n<meta property=\"article:published_time\" content=\"2016-06-30T00:00:00+00:00\" \/>\n<meta property=\"article:modified_time\" content=\"2019-05-17T10:22:07+00:00\" \/>\n<meta property=\"og:image\" content=\"https:\/\/activacostablanca.com\/wp-content\/uploads\/2019\/05\/CABECERA-1.jpg\" \/>\n\t<meta property=\"og:image:width\" content=\"580\" \/>\n\t<meta property=\"og:image:height\" content=\"230\" \/>\n\t<meta property=\"og:image:type\" content=\"image\/jpeg\" \/>\n<meta name=\"author\" content=\"Activa Costablanca\" \/>\n<meta name=\"twitter:card\" content=\"summary_large_image\" \/>\n<meta name=\"twitter:label1\" content=\"Verfasst von\" \/>\n\t<meta name=\"twitter:data1\" content=\"Activa Costablanca\" \/>\n\t<meta name=\"twitter:label2\" content=\"Gesch\u00e4tzte Lesezeit\" \/>\n\t<meta name=\"twitter:data2\" content=\"1\u00a0Minute\" \/>\n<script type=\"application\/ld+json\" class=\"yoast-schema-graph\">{\"@context\":\"https:\/\/schema.org\",\"@graph\":[{\"@type\":\"Article\",\"@id\":\"https:\/\/activacostablanca.com\/de\/eventos-veranstaltungengastronomische-veranstaltungen\/javea-international-festival-2016\/#article\",\"isPartOf\":{\"@id\":\"https:\/\/activacostablanca.com\/de\/eventos-veranstaltungengastronomische-veranstaltungen\/javea-international-festival-2016\/\"},\"author\":{\"name\":\"Activa Costablanca\",\"@id\":\"https:\/\/activacostablanca.com\/#\/schema\/person\/d48fc026c61c0eb79e3b0ade7ab35e79\"},\"headline\":\"Javea International Festival 2016\",\"datePublished\":\"2016-06-30T00:00:00+00:00\",\"dateModified\":\"2019-05-17T10:22:07+00:00\",\"mainEntityOfPage\":{\"@id\":\"https:\/\/activacostablanca.com\/de\/eventos-veranstaltungengastronomische-veranstaltungen\/javea-international-festival-2016\/\"},\"wordCount\":160,\"publisher\":{\"@id\":\"https:\/\/activacostablanca.com\/#organization\"},\"image\":{\"@id\":\"https:\/\/activacostablanca.com\/de\/eventos-veranstaltungengastronomische-veranstaltungen\/javea-international-festival-2016\/#primaryimage\"},\"thumbnailUrl\":\"https:\/\/activacostablanca.com\/wp-content\/uploads\/2019\/05\/CABECERA-1.jpg\",\"articleSection\":[\"Eventos\/Veranstaltungen|Gastronomische Veranstaltungen\"],\"inLanguage\":\"de\"},{\"@type\":\"WebPage\",\"@id\":\"https:\/\/activacostablanca.com\/de\/eventos-veranstaltungengastronomische-veranstaltungen\/javea-international-festival-2016\/\",\"url\":\"https:\/\/activacostablanca.com\/de\/eventos-veranstaltungengastronomische-veranstaltungen\/javea-international-festival-2016\/\",\"name\":\"Javea International Festival 2016 - Activa Costa Blanca\",\"isPartOf\":{\"@id\":\"https:\/\/activacostablanca.com\/#website\"},\"primaryImageOfPage\":{\"@id\":\"https:\/\/activacostablanca.com\/de\/eventos-veranstaltungengastronomische-veranstaltungen\/javea-international-festival-2016\/#primaryimage\"},\"image\":{\"@id\":\"https:\/\/activacostablanca.com\/de\/eventos-veranstaltungengastronomische-veranstaltungen\/javea-international-festival-2016\/#primaryimage\"},\"thumbnailUrl\":\"https:\/\/activacostablanca.com\/wp-content\/uploads\/2019\/05\/CABECERA-1.jpg\",\"datePublished\":\"2016-06-30T00:00:00+00:00\",\"dateModified\":\"2019-05-17T10:22:07+00:00\",\"breadcrumb\":{\"@id\":\"https:\/\/activacostablanca.com\/de\/eventos-veranstaltungengastronomische-veranstaltungen\/javea-international-festival-2016\/#breadcrumb\"},\"inLanguage\":\"de\",\"potentialAction\":[{\"@type\":\"ReadAction\",\"target\":[\"https:\/\/activacostablanca.com\/de\/eventos-veranstaltungengastronomische-veranstaltungen\/javea-international-festival-2016\/\"]}]},{\"@type\":\"ImageObject\",\"inLanguage\":\"de\",\"@id\":\"https:\/\/activacostablanca.com\/de\/eventos-veranstaltungengastronomische-veranstaltungen\/javea-international-festival-2016\/#primaryimage\",\"url\":\"https:\/\/activacostablanca.com\/wp-content\/uploads\/2019\/05\/CABECERA-1.jpg\",\"contentUrl\":\"https:\/\/activacostablanca.com\/wp-content\/uploads\/2019\/05\/CABECERA-1.jpg\",\"width\":580,\"height\":230},{\"@type\":\"BreadcrumbList\",\"@id\":\"https:\/\/activacostablanca.com\/de\/eventos-veranstaltungengastronomische-veranstaltungen\/javea-international-festival-2016\/#breadcrumb\",\"itemListElement\":[{\"@type\":\"ListItem\",\"position\":1,\"name\":\"Portada\",\"item\":\"https:\/\/activacostablanca.com\/de\/\"},{\"@type\":\"ListItem\",\"position\":2,\"name\":\"Javea International Festival 2016\"}]},{\"@type\":\"WebSite\",\"@id\":\"https:\/\/activacostablanca.com\/#website\",\"url\":\"https:\/\/activacostablanca.com\/\",\"name\":\"Activa Costa Blanca\",\"description\":\"Aktivit\u00e4ten und Ausfl\u00fcge an der Costa Blanca\",\"publisher\":{\"@id\":\"https:\/\/activacostablanca.com\/#organization\"},\"potentialAction\":[{\"@type\":\"SearchAction\",\"target\":{\"@type\":\"EntryPoint\",\"urlTemplate\":\"https:\/\/activacostablanca.com\/?s={search_term_string}\"},\"query-input\":{\"@type\":\"PropertyValueSpecification\",\"valueRequired\":true,\"valueName\":\"search_term_string\"}}],\"inLanguage\":\"de\"},{\"@type\":\"Organization\",\"@id\":\"https:\/\/activacostablanca.com\/#organization\",\"name\":\"Activa Costa Blanca\",\"url\":\"https:\/\/activacostablanca.com\/\",\"logo\":{\"@type\":\"ImageObject\",\"inLanguage\":\"de\",\"@id\":\"https:\/\/activacostablanca.com\/#\/schema\/logo\/image\/\",\"url\":\"https:\/\/activacostablanca.com\/wp-content\/uploads\/2019\/04\/weblogo.png\",\"contentUrl\":\"https:\/\/activacostablanca.com\/wp-content\/uploads\/2019\/04\/weblogo.png\",\"width\":177,\"height\":46,\"caption\":\"Activa Costa Blanca\"},\"image\":{\"@id\":\"https:\/\/activacostablanca.com\/#\/schema\/logo\/image\/\"}},{\"@type\":\"Person\",\"@id\":\"https:\/\/activacostablanca.com\/#\/schema\/person\/d48fc026c61c0eb79e3b0ade7ab35e79\",\"name\":\"Activa Costablanca\",\"image\":{\"@type\":\"ImageObject\",\"inLanguage\":\"de\",\"@id\":\"https:\/\/activacostablanca.com\/#\/schema\/person\/image\/\",\"url\":\"https:\/\/secure.gravatar.com\/avatar\/657de7470d8657c20722b4ee0e1d8f7106ae39ef32e2297fb70099296a80867a?s=96&d=mm&r=g\",\"contentUrl\":\"https:\/\/secure.gravatar.com\/avatar\/657de7470d8657c20722b4ee0e1d8f7106ae39ef32e2297fb70099296a80867a?s=96&d=mm&r=g\",\"caption\":\"Activa Costablanca\"}}]}<\/script>\n<!-- \/ Yoast SEO plugin. -->","yoast_head_json":{"title":"Javea International Festival 2016 - Activa Costa Blanca","robots":{"index":"index","follow":"follow","max-snippet":"max-snippet:-1","max-image-preview":"max-image-preview:large","max-video-preview":"max-video-preview:-1"},"canonical":"https:\/\/activacostablanca.com\/de\/eventos-veranstaltungengastronomische-veranstaltungen\/javea-international-festival-2016\/","og_locale":"de_DE","og_type":"article","og_title":"Javea International Festival 2016 - Activa Costa Blanca","og_description":"X\u00c0BIA INTERNATIONAL FESTIVAL 2016 Dies ist Javeas bestes und wichtigstes Internationales Ereignis \u00a0, das vor mehr als 20 Jahren begann. Dieses multikulturelle Festival findet auf der Via Augusta in J\u00e1vea statt, einem strategischen Punkt in der Gemeinde und mit einem herrlichen Blick auf den Montgo und in unmittelbarer N\u00e4he zum Meer. Das Internationale Festival in [&hellip;]","og_url":"https:\/\/activacostablanca.com\/de\/eventos-veranstaltungengastronomische-veranstaltungen\/javea-international-festival-2016\/","og_site_name":"Activa Costa Blanca","article_published_time":"2016-06-30T00:00:00+00:00","article_modified_time":"2019-05-17T10:22:07+00:00","og_image":[{"width":580,"height":230,"url":"https:\/\/activacostablanca.com\/wp-content\/uploads\/2019\/05\/CABECERA-1.jpg","type":"image\/jpeg"}],"author":"Activa Costablanca","twitter_card":"summary_large_image","twitter_misc":{"Verfasst von":"Activa Costablanca","Gesch\u00e4tzte Lesezeit":"1\u00a0Minute"},"schema":{"@context":"https:\/\/schema.org","@graph":[{"@type":"Article","@id":"https:\/\/activacostablanca.com\/de\/eventos-veranstaltungengastronomische-veranstaltungen\/javea-international-festival-2016\/#article","isPartOf":{"@id":"https:\/\/activacostablanca.com\/de\/eventos-veranstaltungengastronomische-veranstaltungen\/javea-international-festival-2016\/"},"author":{"name":"Activa Costablanca","@id":"https:\/\/activacostablanca.com\/#\/schema\/person\/d48fc026c61c0eb79e3b0ade7ab35e79"},"headline":"Javea International Festival 2016","datePublished":"2016-06-30T00:00:00+00:00","dateModified":"2019-05-17T10:22:07+00:00","mainEntityOfPage":{"@id":"https:\/\/activacostablanca.com\/de\/eventos-veranstaltungengastronomische-veranstaltungen\/javea-international-festival-2016\/"},"wordCount":160,"publisher":{"@id":"https:\/\/activacostablanca.com\/#organization"},"image":{"@id":"https:\/\/activacostablanca.com\/de\/eventos-veranstaltungengastronomische-veranstaltungen\/javea-international-festival-2016\/#primaryimage"},"thumbnailUrl":"https:\/\/activacostablanca.com\/wp-content\/uploads\/2019\/05\/CABECERA-1.jpg","articleSection":["Eventos\/Veranstaltungen|Gastronomische Veranstaltungen"],"inLanguage":"de"},{"@type":"WebPage","@id":"https:\/\/activacostablanca.com\/de\/eventos-veranstaltungengastronomische-veranstaltungen\/javea-international-festival-2016\/","url":"https:\/\/activacostablanca.com\/de\/eventos-veranstaltungengastronomische-veranstaltungen\/javea-international-festival-2016\/","name":"Javea International Festival 2016 - Activa Costa Blanca","isPartOf":{"@id":"https:\/\/activacostablanca.com\/#website"},"primaryImageOfPage":{"@id":"https:\/\/activacostablanca.com\/de\/eventos-veranstaltungengastronomische-veranstaltungen\/javea-international-festival-2016\/#primaryimage"},"image":{"@id":"https:\/\/activacostablanca.com\/de\/eventos-veranstaltungengastronomische-veranstaltungen\/javea-international-festival-2016\/#primaryimage"},"thumbnailUrl":"https:\/\/activacostablanca.com\/wp-content\/uploads\/2019\/05\/CABECERA-1.jpg","datePublished":"2016-06-30T00:00:00+00:00","dateModified":"2019-05-17T10:22:07+00:00","breadcrumb":{"@id":"https:\/\/activacostablanca.com\/de\/eventos-veranstaltungengastronomische-veranstaltungen\/javea-international-festival-2016\/#breadcrumb"},"inLanguage":"de","potentialAction":[{"@type":"ReadAction","target":["https:\/\/activacostablanca.com\/de\/eventos-veranstaltungengastronomische-veranstaltungen\/javea-international-festival-2016\/"]}]},{"@type":"ImageObject","inLanguage":"de","@id":"https:\/\/activacostablanca.com\/de\/eventos-veranstaltungengastronomische-veranstaltungen\/javea-international-festival-2016\/#primaryimage","url":"https:\/\/activacostablanca.com\/wp-content\/uploads\/2019\/05\/CABECERA-1.jpg","contentUrl":"https:\/\/activacostablanca.com\/wp-content\/uploads\/2019\/05\/CABECERA-1.jpg","width":580,"height":230},{"@type":"BreadcrumbList","@id":"https:\/\/activacostablanca.com\/de\/eventos-veranstaltungengastronomische-veranstaltungen\/javea-international-festival-2016\/#breadcrumb","itemListElement":[{"@type":"ListItem","position":1,"name":"Portada","item":"https:\/\/activacostablanca.com\/de\/"},{"@type":"ListItem","position":2,"name":"Javea International Festival 2016"}]},{"@type":"WebSite","@id":"https:\/\/activacostablanca.com\/#website","url":"https:\/\/activacostablanca.com\/","name":"Activa Costa Blanca","description":"Aktivit\u00e4ten und Ausfl\u00fcge an der Costa Blanca","publisher":{"@id":"https:\/\/activacostablanca.com\/#organization"},"potentialAction":[{"@type":"SearchAction","target":{"@type":"EntryPoint","urlTemplate":"https:\/\/activacostablanca.com\/?s={search_term_string}"},"query-input":{"@type":"PropertyValueSpecification","valueRequired":true,"valueName":"search_term_string"}}],"inLanguage":"de"},{"@type":"Organization","@id":"https:\/\/activacostablanca.com\/#organization","name":"Activa Costa Blanca","url":"https:\/\/activacostablanca.com\/","logo":{"@type":"ImageObject","inLanguage":"de","@id":"https:\/\/activacostablanca.com\/#\/schema\/logo\/image\/","url":"https:\/\/activacostablanca.com\/wp-content\/uploads\/2019\/04\/weblogo.png","contentUrl":"https:\/\/activacostablanca.com\/wp-content\/uploads\/2019\/04\/weblogo.png","width":177,"height":46,"caption":"Activa Costa Blanca"},"image":{"@id":"https:\/\/activacostablanca.com\/#\/schema\/logo\/image\/"}},{"@type":"Person","@id":"https:\/\/activacostablanca.com\/#\/schema\/person\/d48fc026c61c0eb79e3b0ade7ab35e79","name":"Activa Costablanca","image":{"@type":"ImageObject","inLanguage":"de","@id":"https:\/\/activacostablanca.com\/#\/schema\/person\/image\/","url":"https:\/\/secure.gravatar.com\/avatar\/657de7470d8657c20722b4ee0e1d8f7106ae39ef32e2297fb70099296a80867a?s=96&d=mm&r=g","contentUrl":"https:\/\/secure.gravatar.com\/avatar\/657de7470d8657c20722b4ee0e1d8f7106ae39ef32e2297fb70099296a80867a?s=96&d=mm&r=g","caption":"Activa Costablanca"}}]}},"_links":{"self":[{"href":"https:\/\/activacostablanca.com\/de\/wp-json\/wp\/v2\/posts\/11737","targetHints":{"allow":["GET"]}}],"collection":[{"href":"https:\/\/activacostablanca.com\/de\/wp-json\/wp\/v2\/posts"}],"about":[{"href":"https:\/\/activacostablanca.com\/de\/wp-json\/wp\/v2\/types\/post"}],"author":[{"embeddable":true,"href":"https:\/\/activacostablanca.com\/de\/wp-json\/wp\/v2\/users\/2"}],"replies":[{"embeddable":true,"href":"https:\/\/activacostablanca.com\/de\/wp-json\/wp\/v2\/comments?post=11737"}],"version-history":[{"count":1,"href":"https:\/\/activacostablanca.com\/de\/wp-json\/wp\/v2\/posts\/11737\/revisions"}],"predecessor-version":[{"id":12147,"href":"https:\/\/activacostablanca.com\/de\/wp-json\/wp\/v2\/posts\/11737\/revisions\/12147"}],"wp:featuredmedia":[{"embeddable":true,"href":"https:\/\/activacostablanca.com\/de\/wp-json\/wp\/v2\/media\/10209"}],"wp:attachment":[{"href":"https:\/\/activacostablanca.com\/de\/wp-json\/wp\/v2\/media?parent=11737"}],"wp:term":[{"taxonomy":"category","embeddable":true,"href":"https:\/\/activacostablanca.com\/de\/wp-json\/wp\/v2\/categories?post=11737"},{"taxonomy":"post_tag","embeddable":true,"href":"https:\/\/activacostablanca.com\/de\/wp-json\/wp\/v2\/tags?post=11737"}],"curies":[{"name":"wp","href":"https:\/\/api.w.org\/{rel}","templated":true}]}}