{"id":11724,"date":"2016-03-17T00:00:00","date_gmt":"2016-03-17T00:00:00","guid":{"rendered":"http:\/\/dev.activacostablanca.com\/unkategorisiert\/osterwoche-2016-in-calpe\/"},"modified":"2019-05-17T10:22:07","modified_gmt":"2019-05-17T10:22:07","slug":"osterwoche-2016-in-calpe","status":"publish","type":"post","link":"https:\/\/activacostablanca.com\/de\/eventos-veranstaltungenfeste\/osterwoche-2016-in-calpe\/","title":{"rendered":"Osterwoche 2016 in Calpe"},"content":{"rendered":"<p>Die Oster Feierlichkeiten in Calpe haben in den letzten Jahren stetig an Popularit\u00e4t gewonnen!<\/p>\n<p>Gl\u00e4ubige aus der ganzen Gegend, viele Spanische Touristen aus dem Inland, und ebenso viele Ausl\u00e4ndische Toruisten reisen an die Costa Blanca um ide Messen, Umz\u00fcge und Prozessionen zu besuchen!<\/p>\n<p>Genaues Programm finden Sie im Tourist B\u00fcro Calpe<\/p>\n","protected":false},"excerpt":{"rendered":"<p>Die Oster Feierlichkeiten in Calpe haben in den letzten Jahren stetig an Popularit\u00e4t gewonnen! Gl\u00e4ubige aus der ganzen Gegend, viele Spanische Touristen aus dem Inland, und ebenso viele Ausl\u00e4ndische Toruisten reisen an die Costa Blanca um ide Messen, Umz\u00fcge und Prozessionen zu besuchen! Genaues Programm finden Sie im Tourist B\u00fcro Calpe<\/p>\n","protected":false},"author":2,"featured_media":10119,"comment_status":"closed","ping_status":"closed","sticky":false,"template":"","format":"standard","meta":{"_exactmetrics_skip_tracking":false,"_exactmetrics_sitenote_active":false,"_exactmetrics_sitenote_note":"","_exactmetrics_sitenote_category":0,"footnotes":""},"categories":[3156],"tags":[3159],"class_list":["post-11724","post","type-post","status-publish","format-standard","has-post-thumbnail","hentry","category-eventos-veranstaltungenfeste","tag-die-oster-feierlichkeiten-in-calpeeaster-week-in-calpeglaubige-aus-der-ganzen-gegendosterwoche-2016-in-calpeumzuge-und-prozessionen"],"yoast_head":"<!-- This site is optimized with the Yoast SEO plugin v25.0 - https:\/\/yoast.com\/wordpress\/plugins\/seo\/ -->\n<title>Osterwoche 2016 in Calpe - Activa Costa Blanca<\/title>\n<meta name=\"robots\" content=\"index, follow, max-snippet:-1, max-image-preview:large, max-video-preview:-1\" \/>\n<link rel=\"canonical\" href=\"https:\/\/activacostablanca.com\/de\/eventos-veranstaltungenfeste\/osterwoche-2016-in-calpe\/\" \/>\n<meta property=\"og:locale\" content=\"de_DE\" \/>\n<meta property=\"og:type\" content=\"article\" \/>\n<meta property=\"og:title\" content=\"Osterwoche 2016 in Calpe - Activa Costa Blanca\" \/>\n<meta property=\"og:description\" content=\"Die Oster Feierlichkeiten in Calpe haben in den letzten Jahren stetig an Popularit\u00e4t gewonnen! Gl\u00e4ubige aus der ganzen Gegend, viele Spanische Touristen aus dem Inland, und ebenso viele Ausl\u00e4ndische Toruisten reisen an die Costa Blanca um ide Messen, Umz\u00fcge und Prozessionen zu besuchen! Genaues Programm finden Sie im Tourist B\u00fcro Calpe\" \/>\n<meta property=\"og:url\" content=\"https:\/\/activacostablanca.com\/de\/eventos-veranstaltungenfeste\/osterwoche-2016-in-calpe\/\" \/>\n<meta property=\"og:site_name\" content=\"Activa Costa Blanca\" \/>\n<meta property=\"article:published_time\" content=\"2016-03-17T00:00:00+00:00\" \/>\n<meta property=\"article:modified_time\" content=\"2019-05-17T10:22:07+00:00\" \/>\n<meta property=\"og:image\" content=\"https:\/\/activacostablanca.com\/wp-content\/uploads\/2019\/05\/semana-santa-calpe.jpg\" \/>\n\t<meta property=\"og:image:width\" content=\"234\" \/>\n\t<meta property=\"og:image:height\" content=\"200\" \/>\n\t<meta property=\"og:image:type\" content=\"image\/jpeg\" \/>\n<meta name=\"author\" content=\"Activa Costablanca\" \/>\n<meta name=\"twitter:card\" content=\"summary_large_image\" \/>\n<meta name=\"twitter:label1\" content=\"Verfasst von\" \/>\n\t<meta name=\"twitter:data1\" content=\"Activa Costablanca\" \/>\n<script type=\"application\/ld+json\" class=\"yoast-schema-graph\">{\"@context\":\"https:\/\/schema.org\",\"@graph\":[{\"@type\":\"Article\",\"@id\":\"https:\/\/activacostablanca.com\/de\/eventos-veranstaltungenfeste\/osterwoche-2016-in-calpe\/#article\",\"isPartOf\":{\"@id\":\"https:\/\/activacostablanca.com\/de\/eventos-veranstaltungenfeste\/osterwoche-2016-in-calpe\/\"},\"author\":{\"name\":\"Activa Costablanca\",\"@id\":\"https:\/\/activacostablanca.com\/#\/schema\/person\/d48fc026c61c0eb79e3b0ade7ab35e79\"},\"headline\":\"Osterwoche 2016 in Calpe\",\"datePublished\":\"2016-03-17T00:00:00+00:00\",\"dateModified\":\"2019-05-17T10:22:07+00:00\",\"mainEntityOfPage\":{\"@id\":\"https:\/\/activacostablanca.com\/de\/eventos-veranstaltungenfeste\/osterwoche-2016-in-calpe\/\"},\"wordCount\":59,\"publisher\":{\"@id\":\"https:\/\/activacostablanca.com\/#organization\"},\"image\":{\"@id\":\"https:\/\/activacostablanca.com\/de\/eventos-veranstaltungenfeste\/osterwoche-2016-in-calpe\/#primaryimage\"},\"thumbnailUrl\":\"https:\/\/activacostablanca.com\/wp-content\/uploads\/2019\/05\/semana-santa-calpe.jpg\",\"keywords\":[\"Die Oster feierlichkeiten in Calpe|Easter week in Calpe|Gl\u00e4ubige aus der ganzen Gegend|Osterwoche 2016 in Calpe|Umz\u00fcge und Prozessionen\"],\"articleSection\":[\"Eventos\/Veranstaltungen|Feste\"],\"inLanguage\":\"de\"},{\"@type\":\"WebPage\",\"@id\":\"https:\/\/activacostablanca.com\/de\/eventos-veranstaltungenfeste\/osterwoche-2016-in-calpe\/\",\"url\":\"https:\/\/activacostablanca.com\/de\/eventos-veranstaltungenfeste\/osterwoche-2016-in-calpe\/\",\"name\":\"Osterwoche 2016 in Calpe - Activa Costa Blanca\",\"isPartOf\":{\"@id\":\"https:\/\/activacostablanca.com\/#website\"},\"primaryImageOfPage\":{\"@id\":\"https:\/\/activacostablanca.com\/de\/eventos-veranstaltungenfeste\/osterwoche-2016-in-calpe\/#primaryimage\"},\"image\":{\"@id\":\"https:\/\/activacostablanca.com\/de\/eventos-veranstaltungenfeste\/osterwoche-2016-in-calpe\/#primaryimage\"},\"thumbnailUrl\":\"https:\/\/activacostablanca.com\/wp-content\/uploads\/2019\/05\/semana-santa-calpe.jpg\",\"datePublished\":\"2016-03-17T00:00:00+00:00\",\"dateModified\":\"2019-05-17T10:22:07+00:00\",\"breadcrumb\":{\"@id\":\"https:\/\/activacostablanca.com\/de\/eventos-veranstaltungenfeste\/osterwoche-2016-in-calpe\/#breadcrumb\"},\"inLanguage\":\"de\",\"potentialAction\":[{\"@type\":\"ReadAction\",\"target\":[\"https:\/\/activacostablanca.com\/de\/eventos-veranstaltungenfeste\/osterwoche-2016-in-calpe\/\"]}]},{\"@type\":\"ImageObject\",\"inLanguage\":\"de\",\"@id\":\"https:\/\/activacostablanca.com\/de\/eventos-veranstaltungenfeste\/osterwoche-2016-in-calpe\/#primaryimage\",\"url\":\"https:\/\/activacostablanca.com\/wp-content\/uploads\/2019\/05\/semana-santa-calpe.jpg\",\"contentUrl\":\"https:\/\/activacostablanca.com\/wp-content\/uploads\/2019\/05\/semana-santa-calpe.jpg\",\"width\":234,\"height\":200},{\"@type\":\"BreadcrumbList\",\"@id\":\"https:\/\/activacostablanca.com\/de\/eventos-veranstaltungenfeste\/osterwoche-2016-in-calpe\/#breadcrumb\",\"itemListElement\":[{\"@type\":\"ListItem\",\"position\":1,\"name\":\"Portada\",\"item\":\"https:\/\/activacostablanca.com\/de\/\"},{\"@type\":\"ListItem\",\"position\":2,\"name\":\"Osterwoche 2016 in Calpe\"}]},{\"@type\":\"WebSite\",\"@id\":\"https:\/\/activacostablanca.com\/#website\",\"url\":\"https:\/\/activacostablanca.com\/\",\"name\":\"Activa Costa Blanca\",\"description\":\"Aktivit\u00e4ten und Ausfl\u00fcge an der Costa Blanca\",\"publisher\":{\"@id\":\"https:\/\/activacostablanca.com\/#organization\"},\"potentialAction\":[{\"@type\":\"SearchAction\",\"target\":{\"@type\":\"EntryPoint\",\"urlTemplate\":\"https:\/\/activacostablanca.com\/?s={search_term_string}\"},\"query-input\":{\"@type\":\"PropertyValueSpecification\",\"valueRequired\":true,\"valueName\":\"search_term_string\"}}],\"inLanguage\":\"de\"},{\"@type\":\"Organization\",\"@id\":\"https:\/\/activacostablanca.com\/#organization\",\"name\":\"Activa Costa Blanca\",\"url\":\"https:\/\/activacostablanca.com\/\",\"logo\":{\"@type\":\"ImageObject\",\"inLanguage\":\"de\",\"@id\":\"https:\/\/activacostablanca.com\/#\/schema\/logo\/image\/\",\"url\":\"https:\/\/activacostablanca.com\/wp-content\/uploads\/2019\/04\/weblogo.png\",\"contentUrl\":\"https:\/\/activacostablanca.com\/wp-content\/uploads\/2019\/04\/weblogo.png\",\"width\":177,\"height\":46,\"caption\":\"Activa Costa Blanca\"},\"image\":{\"@id\":\"https:\/\/activacostablanca.com\/#\/schema\/logo\/image\/\"}},{\"@type\":\"Person\",\"@id\":\"https:\/\/activacostablanca.com\/#\/schema\/person\/d48fc026c61c0eb79e3b0ade7ab35e79\",\"name\":\"Activa Costablanca\",\"image\":{\"@type\":\"ImageObject\",\"inLanguage\":\"de\",\"@id\":\"https:\/\/activacostablanca.com\/#\/schema\/person\/image\/\",\"url\":\"https:\/\/secure.gravatar.com\/avatar\/657de7470d8657c20722b4ee0e1d8f7106ae39ef32e2297fb70099296a80867a?s=96&d=mm&r=g\",\"contentUrl\":\"https:\/\/secure.gravatar.com\/avatar\/657de7470d8657c20722b4ee0e1d8f7106ae39ef32e2297fb70099296a80867a?s=96&d=mm&r=g\",\"caption\":\"Activa Costablanca\"}}]}<\/script>\n<!-- \/ Yoast SEO plugin. -->","yoast_head_json":{"title":"Osterwoche 2016 in Calpe - Activa Costa Blanca","robots":{"index":"index","follow":"follow","max-snippet":"max-snippet:-1","max-image-preview":"max-image-preview:large","max-video-preview":"max-video-preview:-1"},"canonical":"https:\/\/activacostablanca.com\/de\/eventos-veranstaltungenfeste\/osterwoche-2016-in-calpe\/","og_locale":"de_DE","og_type":"article","og_title":"Osterwoche 2016 in Calpe - Activa Costa Blanca","og_description":"Die Oster Feierlichkeiten in Calpe haben in den letzten Jahren stetig an Popularit\u00e4t gewonnen! Gl\u00e4ubige aus der ganzen Gegend, viele Spanische Touristen aus dem Inland, und ebenso viele Ausl\u00e4ndische Toruisten reisen an die Costa Blanca um ide Messen, Umz\u00fcge und Prozessionen zu besuchen! Genaues Programm finden Sie im Tourist B\u00fcro Calpe","og_url":"https:\/\/activacostablanca.com\/de\/eventos-veranstaltungenfeste\/osterwoche-2016-in-calpe\/","og_site_name":"Activa Costa Blanca","article_published_time":"2016-03-17T00:00:00+00:00","article_modified_time":"2019-05-17T10:22:07+00:00","og_image":[{"width":234,"height":200,"url":"https:\/\/activacostablanca.com\/wp-content\/uploads\/2019\/05\/semana-santa-calpe.jpg","type":"image\/jpeg"}],"author":"Activa Costablanca","twitter_card":"summary_large_image","twitter_misc":{"Verfasst von":"Activa Costablanca"},"schema":{"@context":"https:\/\/schema.org","@graph":[{"@type":"Article","@id":"https:\/\/activacostablanca.com\/de\/eventos-veranstaltungenfeste\/osterwoche-2016-in-calpe\/#article","isPartOf":{"@id":"https:\/\/activacostablanca.com\/de\/eventos-veranstaltungenfeste\/osterwoche-2016-in-calpe\/"},"author":{"name":"Activa Costablanca","@id":"https:\/\/activacostablanca.com\/#\/schema\/person\/d48fc026c61c0eb79e3b0ade7ab35e79"},"headline":"Osterwoche 2016 in Calpe","datePublished":"2016-03-17T00:00:00+00:00","dateModified":"2019-05-17T10:22:07+00:00","mainEntityOfPage":{"@id":"https:\/\/activacostablanca.com\/de\/eventos-veranstaltungenfeste\/osterwoche-2016-in-calpe\/"},"wordCount":59,"publisher":{"@id":"https:\/\/activacostablanca.com\/#organization"},"image":{"@id":"https:\/\/activacostablanca.com\/de\/eventos-veranstaltungenfeste\/osterwoche-2016-in-calpe\/#primaryimage"},"thumbnailUrl":"https:\/\/activacostablanca.com\/wp-content\/uploads\/2019\/05\/semana-santa-calpe.jpg","keywords":["Die Oster feierlichkeiten in Calpe|Easter week in Calpe|Gl\u00e4ubige aus der ganzen Gegend|Osterwoche 2016 in Calpe|Umz\u00fcge und Prozessionen"],"articleSection":["Eventos\/Veranstaltungen|Feste"],"inLanguage":"de"},{"@type":"WebPage","@id":"https:\/\/activacostablanca.com\/de\/eventos-veranstaltungenfeste\/osterwoche-2016-in-calpe\/","url":"https:\/\/activacostablanca.com\/de\/eventos-veranstaltungenfeste\/osterwoche-2016-in-calpe\/","name":"Osterwoche 2016 in Calpe - Activa Costa Blanca","isPartOf":{"@id":"https:\/\/activacostablanca.com\/#website"},"primaryImageOfPage":{"@id":"https:\/\/activacostablanca.com\/de\/eventos-veranstaltungenfeste\/osterwoche-2016-in-calpe\/#primaryimage"},"image":{"@id":"https:\/\/activacostablanca.com\/de\/eventos-veranstaltungenfeste\/osterwoche-2016-in-calpe\/#primaryimage"},"thumbnailUrl":"https:\/\/activacostablanca.com\/wp-content\/uploads\/2019\/05\/semana-santa-calpe.jpg","datePublished":"2016-03-17T00:00:00+00:00","dateModified":"2019-05-17T10:22:07+00:00","breadcrumb":{"@id":"https:\/\/activacostablanca.com\/de\/eventos-veranstaltungenfeste\/osterwoche-2016-in-calpe\/#breadcrumb"},"inLanguage":"de","potentialAction":[{"@type":"ReadAction","target":["https:\/\/activacostablanca.com\/de\/eventos-veranstaltungenfeste\/osterwoche-2016-in-calpe\/"]}]},{"@type":"ImageObject","inLanguage":"de","@id":"https:\/\/activacostablanca.com\/de\/eventos-veranstaltungenfeste\/osterwoche-2016-in-calpe\/#primaryimage","url":"https:\/\/activacostablanca.com\/wp-content\/uploads\/2019\/05\/semana-santa-calpe.jpg","contentUrl":"https:\/\/activacostablanca.com\/wp-content\/uploads\/2019\/05\/semana-santa-calpe.jpg","width":234,"height":200},{"@type":"BreadcrumbList","@id":"https:\/\/activacostablanca.com\/de\/eventos-veranstaltungenfeste\/osterwoche-2016-in-calpe\/#breadcrumb","itemListElement":[{"@type":"ListItem","position":1,"name":"Portada","item":"https:\/\/activacostablanca.com\/de\/"},{"@type":"ListItem","position":2,"name":"Osterwoche 2016 in Calpe"}]},{"@type":"WebSite","@id":"https:\/\/activacostablanca.com\/#website","url":"https:\/\/activacostablanca.com\/","name":"Activa Costa Blanca","description":"Aktivit\u00e4ten und Ausfl\u00fcge an der Costa Blanca","publisher":{"@id":"https:\/\/activacostablanca.com\/#organization"},"potentialAction":[{"@type":"SearchAction","target":{"@type":"EntryPoint","urlTemplate":"https:\/\/activacostablanca.com\/?s={search_term_string}"},"query-input":{"@type":"PropertyValueSpecification","valueRequired":true,"valueName":"search_term_string"}}],"inLanguage":"de"},{"@type":"Organization","@id":"https:\/\/activacostablanca.com\/#organization","name":"Activa Costa Blanca","url":"https:\/\/activacostablanca.com\/","logo":{"@type":"ImageObject","inLanguage":"de","@id":"https:\/\/activacostablanca.com\/#\/schema\/logo\/image\/","url":"https:\/\/activacostablanca.com\/wp-content\/uploads\/2019\/04\/weblogo.png","contentUrl":"https:\/\/activacostablanca.com\/wp-content\/uploads\/2019\/04\/weblogo.png","width":177,"height":46,"caption":"Activa Costa Blanca"},"image":{"@id":"https:\/\/activacostablanca.com\/#\/schema\/logo\/image\/"}},{"@type":"Person","@id":"https:\/\/activacostablanca.com\/#\/schema\/person\/d48fc026c61c0eb79e3b0ade7ab35e79","name":"Activa Costablanca","image":{"@type":"ImageObject","inLanguage":"de","@id":"https:\/\/activacostablanca.com\/#\/schema\/person\/image\/","url":"https:\/\/secure.gravatar.com\/avatar\/657de7470d8657c20722b4ee0e1d8f7106ae39ef32e2297fb70099296a80867a?s=96&d=mm&r=g","contentUrl":"https:\/\/secure.gravatar.com\/avatar\/657de7470d8657c20722b4ee0e1d8f7106ae39ef32e2297fb70099296a80867a?s=96&d=mm&r=g","caption":"Activa Costablanca"}}]}},"_links":{"self":[{"href":"https:\/\/activacostablanca.com\/de\/wp-json\/wp\/v2\/posts\/11724","targetHints":{"allow":["GET"]}}],"collection":[{"href":"https:\/\/activacostablanca.com\/de\/wp-json\/wp\/v2\/posts"}],"about":[{"href":"https:\/\/activacostablanca.com\/de\/wp-json\/wp\/v2\/types\/post"}],"author":[{"embeddable":true,"href":"https:\/\/activacostablanca.com\/de\/wp-json\/wp\/v2\/users\/2"}],"replies":[{"embeddable":true,"href":"https:\/\/activacostablanca.com\/de\/wp-json\/wp\/v2\/comments?post=11724"}],"version-history":[{"count":1,"href":"https:\/\/activacostablanca.com\/de\/wp-json\/wp\/v2\/posts\/11724\/revisions"}],"predecessor-version":[{"id":12160,"href":"https:\/\/activacostablanca.com\/de\/wp-json\/wp\/v2\/posts\/11724\/revisions\/12160"}],"wp:featuredmedia":[{"embeddable":true,"href":"https:\/\/activacostablanca.com\/de\/wp-json\/wp\/v2\/media\/10119"}],"wp:attachment":[{"href":"https:\/\/activacostablanca.com\/de\/wp-json\/wp\/v2\/media?parent=11724"}],"wp:term":[{"taxonomy":"category","embeddable":true,"href":"https:\/\/activacostablanca.com\/de\/wp-json\/wp\/v2\/categories?post=11724"},{"taxonomy":"post_tag","embeddable":true,"href":"https:\/\/activacostablanca.com\/de\/wp-json\/wp\/v2\/tags?post=11724"}],"curies":[{"name":"wp","href":"https:\/\/api.w.org\/{rel}","templated":true}]}}