{"id":11721,"date":"2016-02-11T00:00:00","date_gmt":"2016-02-11T00:00:00","guid":{"rendered":"http:\/\/dev.activacostablanca.com\/unkategorisiert\/perimetral-benissa-2016\/"},"modified":"2019-05-17T10:22:07","modified_gmt":"2019-05-17T10:22:07","slug":"perimetral-benissa-2016","status":"publish","type":"post","link":"https:\/\/activacostablanca.com\/de\/sportsport-veranstaltungen\/perimetral-benissa-2016\/","title":{"rendered":"Perimetral Benissa 2016"},"content":{"rendered":"<p>Wow!!<\/p>\n<p>This is one of the hardest and most crazy mountain races one can find on the COSTA BLANCA!!<\/p>\n<p>Even if you choose &#8222;only&#8220; to go for the 42km Marathon, you most be fitter then fit!!!<\/p>\n<p>And if you can handle the 85 km, you are a real crack!!!<\/p>\n<p>Check out the information below, and have fun!!!!<\/p>\n<p>El Club de Muntanya Margall\u00f3 de Benissa, organizador de La Perimetral a Benissa, informa que:<\/p>\n<p>1\u00ba. &#8211; La fecha elegida para la V\u00aa edici\u00f3n es el 12 de Marzo de 2016, la cual contar\u00e1 con un doble formato de competici\u00f3n : una Ultra de 84 k i 4700 mts de desnivel + y una Marat\u00f3n de 42 k i 2000 mts+.<\/p>\n<p>2\u00ba.- Le fecha de inicio de inscripci\u00f3n tendr\u00e1 lugar el pr\u00f3ximo 1 de diciembre de 2015 y finalizar\u00e1 el 29 de febrero de 2016. El precio de la inscripci\u00f3n aumentar\u00e1 en funci\u00f3n de las circunstancias, a saber:<\/p>\n<p>&#8211; Del 01\/12\/2015 al 31\/12\/2015, 75 \u20ac para Federados (80 \u20ac para No Federados) en la Ultra y 35 \u20ac para Federados (40 \u20ac No Federados) en la Marat\u00f3n.<br \/>\n&#8211; Del 01\/01\/2016 al 31\/01\/2016, 80 \u20ac (85 \u20ac No Fed.) y 40 \u20ac (45 \u20ac No Fed.) .<br \/>\n&#8211; Del 01\/02\/2016 al 29\/02\/2016, 85 \u20ac (90 \u20ac No Fed.) y 45 \u20ac (50 \u20ac No Fed.).<\/p>\n<p>3\u00ba.- Todos\/as los\/as participantes de la IV\u00aa Perimetral, celebrada finalmente en Mayo de 2015, tene\u00eds un 10 % de descuento en el precio de la inscripci\u00f3n, en compensaci\u00f3n por los errores cometidos por la Organizaci\u00f3n de este a\u00f1o. Dicha compensaci\u00f3n se entregar\u00e1 en met\u00e1lico con la bolsa de regalo y el dorsal correspondiente a la edici\u00f3n del 2016.<\/p>\n<p>4\u00ba.- Para m\u00e1s informaci\u00f3n, pod\u00e9is visitar nuestra Web www. margallo-benissa.es o nuestro Facebook.<\/p>\n<p>Saludos perimetrales y suerte para el a\u00f1o pr\u00f3ximo!<\/p>\n<p>Club de Muntanya Margall\u00f3 de Benissa.<\/p>\n","protected":false},"excerpt":{"rendered":"<p>Wow!! This is one of the hardest and most crazy mountain races one can find on the COSTA BLANCA!! Even if you choose &#8222;only&#8220; to go for the 42km Marathon, you most be fitter then fit!!! And if you can handle the 85 km, you are a real crack!!! Check out the information below, and [&hellip;]<\/p>\n","protected":false},"author":2,"featured_media":10103,"comment_status":"closed","ping_status":"closed","sticky":false,"template":"","format":"standard","meta":{"_exactmetrics_skip_tracking":false,"_exactmetrics_sitenote_active":false,"_exactmetrics_sitenote_note":"","_exactmetrics_sitenote_category":0,"footnotes":""},"categories":[3158],"tags":[3302],"class_list":["post-11721","post","type-post","status-publish","format-standard","has-post-thumbnail","hentry","category-sportsport-veranstaltungen","tag-el-club-de-muntanya-margallo-de-benissaperimetral-benissa-2016the-42km-marathonthe-costa-blancathis-is-one-of-the-hardest-and-most-crazy-mountain-races-de-2"],"yoast_head":"<!-- This site is optimized with the Yoast SEO plugin v25.0 - https:\/\/yoast.com\/wordpress\/plugins\/seo\/ -->\n<title>Perimetral Benissa 2016 - Activa Costa Blanca<\/title>\n<meta name=\"robots\" content=\"index, follow, max-snippet:-1, max-image-preview:large, max-video-preview:-1\" \/>\n<link rel=\"canonical\" href=\"https:\/\/activacostablanca.com\/de\/sportsport-veranstaltungen\/perimetral-benissa-2016\/\" \/>\n<meta property=\"og:locale\" content=\"de_DE\" \/>\n<meta property=\"og:type\" content=\"article\" \/>\n<meta property=\"og:title\" content=\"Perimetral Benissa 2016 - Activa Costa Blanca\" \/>\n<meta property=\"og:description\" content=\"Wow!! This is one of the hardest and most crazy mountain races one can find on the COSTA BLANCA!! Even if you choose &#8222;only&#8220; to go for the 42km Marathon, you most be fitter then fit!!! And if you can handle the 85 km, you are a real crack!!! Check out the information below, and [&hellip;]\" \/>\n<meta property=\"og:url\" content=\"https:\/\/activacostablanca.com\/de\/sportsport-veranstaltungen\/perimetral-benissa-2016\/\" \/>\n<meta property=\"og:site_name\" content=\"Activa Costa Blanca\" \/>\n<meta property=\"article:published_time\" content=\"2016-02-11T00:00:00+00:00\" \/>\n<meta property=\"article:modified_time\" content=\"2019-05-17T10:22:07+00:00\" \/>\n<meta property=\"og:image\" content=\"https:\/\/activacostablanca.com\/wp-content\/uploads\/2019\/05\/perimetral-benissa-2016.jpg\" \/>\n\t<meta property=\"og:image:width\" content=\"300\" \/>\n\t<meta property=\"og:image:height\" content=\"225\" \/>\n\t<meta property=\"og:image:type\" content=\"image\/jpeg\" \/>\n<meta name=\"author\" content=\"Activa Costablanca\" \/>\n<meta name=\"twitter:card\" content=\"summary_large_image\" \/>\n<meta name=\"twitter:label1\" content=\"Verfasst von\" \/>\n\t<meta name=\"twitter:data1\" content=\"Activa Costablanca\" \/>\n\t<meta name=\"twitter:label2\" content=\"Gesch\u00e4tzte Lesezeit\" \/>\n\t<meta name=\"twitter:data2\" content=\"1\u00a0Minute\" \/>\n<script type=\"application\/ld+json\" class=\"yoast-schema-graph\">{\"@context\":\"https:\/\/schema.org\",\"@graph\":[{\"@type\":\"Article\",\"@id\":\"https:\/\/activacostablanca.com\/de\/sportsport-veranstaltungen\/perimetral-benissa-2016\/#article\",\"isPartOf\":{\"@id\":\"https:\/\/activacostablanca.com\/de\/sportsport-veranstaltungen\/perimetral-benissa-2016\/\"},\"author\":{\"name\":\"Activa Costablanca\",\"@id\":\"https:\/\/activacostablanca.com\/#\/schema\/person\/d48fc026c61c0eb79e3b0ade7ab35e79\"},\"headline\":\"Perimetral Benissa 2016\",\"datePublished\":\"2016-02-11T00:00:00+00:00\",\"dateModified\":\"2019-05-17T10:22:07+00:00\",\"mainEntityOfPage\":{\"@id\":\"https:\/\/activacostablanca.com\/de\/sportsport-veranstaltungen\/perimetral-benissa-2016\/\"},\"wordCount\":283,\"publisher\":{\"@id\":\"https:\/\/activacostablanca.com\/#organization\"},\"image\":{\"@id\":\"https:\/\/activacostablanca.com\/de\/sportsport-veranstaltungen\/perimetral-benissa-2016\/#primaryimage\"},\"thumbnailUrl\":\"https:\/\/activacostablanca.com\/wp-content\/uploads\/2019\/05\/perimetral-benissa-2016.jpg\",\"keywords\":[\"El Club de Muntanya Margall\u00f3 de Benissa|Perimetral Benissa 2016|the 42km Marathon|the COSTA BLANCA!|This is one of the hardest and most crazy mountain races\"],\"articleSection\":[\"Sport|sport veranstaltungen\"],\"inLanguage\":\"de\"},{\"@type\":\"WebPage\",\"@id\":\"https:\/\/activacostablanca.com\/de\/sportsport-veranstaltungen\/perimetral-benissa-2016\/\",\"url\":\"https:\/\/activacostablanca.com\/de\/sportsport-veranstaltungen\/perimetral-benissa-2016\/\",\"name\":\"Perimetral Benissa 2016 - Activa Costa Blanca\",\"isPartOf\":{\"@id\":\"https:\/\/activacostablanca.com\/#website\"},\"primaryImageOfPage\":{\"@id\":\"https:\/\/activacostablanca.com\/de\/sportsport-veranstaltungen\/perimetral-benissa-2016\/#primaryimage\"},\"image\":{\"@id\":\"https:\/\/activacostablanca.com\/de\/sportsport-veranstaltungen\/perimetral-benissa-2016\/#primaryimage\"},\"thumbnailUrl\":\"https:\/\/activacostablanca.com\/wp-content\/uploads\/2019\/05\/perimetral-benissa-2016.jpg\",\"datePublished\":\"2016-02-11T00:00:00+00:00\",\"dateModified\":\"2019-05-17T10:22:07+00:00\",\"breadcrumb\":{\"@id\":\"https:\/\/activacostablanca.com\/de\/sportsport-veranstaltungen\/perimetral-benissa-2016\/#breadcrumb\"},\"inLanguage\":\"de\",\"potentialAction\":[{\"@type\":\"ReadAction\",\"target\":[\"https:\/\/activacostablanca.com\/de\/sportsport-veranstaltungen\/perimetral-benissa-2016\/\"]}]},{\"@type\":\"ImageObject\",\"inLanguage\":\"de\",\"@id\":\"https:\/\/activacostablanca.com\/de\/sportsport-veranstaltungen\/perimetral-benissa-2016\/#primaryimage\",\"url\":\"https:\/\/activacostablanca.com\/wp-content\/uploads\/2019\/05\/perimetral-benissa-2016.jpg\",\"contentUrl\":\"https:\/\/activacostablanca.com\/wp-content\/uploads\/2019\/05\/perimetral-benissa-2016.jpg\",\"width\":300,\"height\":225},{\"@type\":\"BreadcrumbList\",\"@id\":\"https:\/\/activacostablanca.com\/de\/sportsport-veranstaltungen\/perimetral-benissa-2016\/#breadcrumb\",\"itemListElement\":[{\"@type\":\"ListItem\",\"position\":1,\"name\":\"Portada\",\"item\":\"https:\/\/activacostablanca.com\/de\/\"},{\"@type\":\"ListItem\",\"position\":2,\"name\":\"Perimetral Benissa 2016\"}]},{\"@type\":\"WebSite\",\"@id\":\"https:\/\/activacostablanca.com\/#website\",\"url\":\"https:\/\/activacostablanca.com\/\",\"name\":\"Activa Costa Blanca\",\"description\":\"Aktivit\u00e4ten und Ausfl\u00fcge an der Costa Blanca\",\"publisher\":{\"@id\":\"https:\/\/activacostablanca.com\/#organization\"},\"potentialAction\":[{\"@type\":\"SearchAction\",\"target\":{\"@type\":\"EntryPoint\",\"urlTemplate\":\"https:\/\/activacostablanca.com\/?s={search_term_string}\"},\"query-input\":{\"@type\":\"PropertyValueSpecification\",\"valueRequired\":true,\"valueName\":\"search_term_string\"}}],\"inLanguage\":\"de\"},{\"@type\":\"Organization\",\"@id\":\"https:\/\/activacostablanca.com\/#organization\",\"name\":\"Activa Costa Blanca\",\"url\":\"https:\/\/activacostablanca.com\/\",\"logo\":{\"@type\":\"ImageObject\",\"inLanguage\":\"de\",\"@id\":\"https:\/\/activacostablanca.com\/#\/schema\/logo\/image\/\",\"url\":\"https:\/\/activacostablanca.com\/wp-content\/uploads\/2019\/04\/weblogo.png\",\"contentUrl\":\"https:\/\/activacostablanca.com\/wp-content\/uploads\/2019\/04\/weblogo.png\",\"width\":177,\"height\":46,\"caption\":\"Activa Costa Blanca\"},\"image\":{\"@id\":\"https:\/\/activacostablanca.com\/#\/schema\/logo\/image\/\"}},{\"@type\":\"Person\",\"@id\":\"https:\/\/activacostablanca.com\/#\/schema\/person\/d48fc026c61c0eb79e3b0ade7ab35e79\",\"name\":\"Activa Costablanca\",\"image\":{\"@type\":\"ImageObject\",\"inLanguage\":\"de\",\"@id\":\"https:\/\/activacostablanca.com\/#\/schema\/person\/image\/\",\"url\":\"https:\/\/secure.gravatar.com\/avatar\/657de7470d8657c20722b4ee0e1d8f7106ae39ef32e2297fb70099296a80867a?s=96&d=mm&r=g\",\"contentUrl\":\"https:\/\/secure.gravatar.com\/avatar\/657de7470d8657c20722b4ee0e1d8f7106ae39ef32e2297fb70099296a80867a?s=96&d=mm&r=g\",\"caption\":\"Activa Costablanca\"}}]}<\/script>\n<!-- \/ Yoast SEO plugin. -->","yoast_head_json":{"title":"Perimetral Benissa 2016 - Activa Costa Blanca","robots":{"index":"index","follow":"follow","max-snippet":"max-snippet:-1","max-image-preview":"max-image-preview:large","max-video-preview":"max-video-preview:-1"},"canonical":"https:\/\/activacostablanca.com\/de\/sportsport-veranstaltungen\/perimetral-benissa-2016\/","og_locale":"de_DE","og_type":"article","og_title":"Perimetral Benissa 2016 - Activa Costa Blanca","og_description":"Wow!! This is one of the hardest and most crazy mountain races one can find on the COSTA BLANCA!! Even if you choose &#8222;only&#8220; to go for the 42km Marathon, you most be fitter then fit!!! And if you can handle the 85 km, you are a real crack!!! Check out the information below, and [&hellip;]","og_url":"https:\/\/activacostablanca.com\/de\/sportsport-veranstaltungen\/perimetral-benissa-2016\/","og_site_name":"Activa Costa Blanca","article_published_time":"2016-02-11T00:00:00+00:00","article_modified_time":"2019-05-17T10:22:07+00:00","og_image":[{"width":300,"height":225,"url":"https:\/\/activacostablanca.com\/wp-content\/uploads\/2019\/05\/perimetral-benissa-2016.jpg","type":"image\/jpeg"}],"author":"Activa Costablanca","twitter_card":"summary_large_image","twitter_misc":{"Verfasst von":"Activa Costablanca","Gesch\u00e4tzte Lesezeit":"1\u00a0Minute"},"schema":{"@context":"https:\/\/schema.org","@graph":[{"@type":"Article","@id":"https:\/\/activacostablanca.com\/de\/sportsport-veranstaltungen\/perimetral-benissa-2016\/#article","isPartOf":{"@id":"https:\/\/activacostablanca.com\/de\/sportsport-veranstaltungen\/perimetral-benissa-2016\/"},"author":{"name":"Activa Costablanca","@id":"https:\/\/activacostablanca.com\/#\/schema\/person\/d48fc026c61c0eb79e3b0ade7ab35e79"},"headline":"Perimetral Benissa 2016","datePublished":"2016-02-11T00:00:00+00:00","dateModified":"2019-05-17T10:22:07+00:00","mainEntityOfPage":{"@id":"https:\/\/activacostablanca.com\/de\/sportsport-veranstaltungen\/perimetral-benissa-2016\/"},"wordCount":283,"publisher":{"@id":"https:\/\/activacostablanca.com\/#organization"},"image":{"@id":"https:\/\/activacostablanca.com\/de\/sportsport-veranstaltungen\/perimetral-benissa-2016\/#primaryimage"},"thumbnailUrl":"https:\/\/activacostablanca.com\/wp-content\/uploads\/2019\/05\/perimetral-benissa-2016.jpg","keywords":["El Club de Muntanya Margall\u00f3 de Benissa|Perimetral Benissa 2016|the 42km Marathon|the COSTA BLANCA!|This is one of the hardest and most crazy mountain races"],"articleSection":["Sport|sport veranstaltungen"],"inLanguage":"de"},{"@type":"WebPage","@id":"https:\/\/activacostablanca.com\/de\/sportsport-veranstaltungen\/perimetral-benissa-2016\/","url":"https:\/\/activacostablanca.com\/de\/sportsport-veranstaltungen\/perimetral-benissa-2016\/","name":"Perimetral Benissa 2016 - Activa Costa Blanca","isPartOf":{"@id":"https:\/\/activacostablanca.com\/#website"},"primaryImageOfPage":{"@id":"https:\/\/activacostablanca.com\/de\/sportsport-veranstaltungen\/perimetral-benissa-2016\/#primaryimage"},"image":{"@id":"https:\/\/activacostablanca.com\/de\/sportsport-veranstaltungen\/perimetral-benissa-2016\/#primaryimage"},"thumbnailUrl":"https:\/\/activacostablanca.com\/wp-content\/uploads\/2019\/05\/perimetral-benissa-2016.jpg","datePublished":"2016-02-11T00:00:00+00:00","dateModified":"2019-05-17T10:22:07+00:00","breadcrumb":{"@id":"https:\/\/activacostablanca.com\/de\/sportsport-veranstaltungen\/perimetral-benissa-2016\/#breadcrumb"},"inLanguage":"de","potentialAction":[{"@type":"ReadAction","target":["https:\/\/activacostablanca.com\/de\/sportsport-veranstaltungen\/perimetral-benissa-2016\/"]}]},{"@type":"ImageObject","inLanguage":"de","@id":"https:\/\/activacostablanca.com\/de\/sportsport-veranstaltungen\/perimetral-benissa-2016\/#primaryimage","url":"https:\/\/activacostablanca.com\/wp-content\/uploads\/2019\/05\/perimetral-benissa-2016.jpg","contentUrl":"https:\/\/activacostablanca.com\/wp-content\/uploads\/2019\/05\/perimetral-benissa-2016.jpg","width":300,"height":225},{"@type":"BreadcrumbList","@id":"https:\/\/activacostablanca.com\/de\/sportsport-veranstaltungen\/perimetral-benissa-2016\/#breadcrumb","itemListElement":[{"@type":"ListItem","position":1,"name":"Portada","item":"https:\/\/activacostablanca.com\/de\/"},{"@type":"ListItem","position":2,"name":"Perimetral Benissa 2016"}]},{"@type":"WebSite","@id":"https:\/\/activacostablanca.com\/#website","url":"https:\/\/activacostablanca.com\/","name":"Activa Costa Blanca","description":"Aktivit\u00e4ten und Ausfl\u00fcge an der Costa Blanca","publisher":{"@id":"https:\/\/activacostablanca.com\/#organization"},"potentialAction":[{"@type":"SearchAction","target":{"@type":"EntryPoint","urlTemplate":"https:\/\/activacostablanca.com\/?s={search_term_string}"},"query-input":{"@type":"PropertyValueSpecification","valueRequired":true,"valueName":"search_term_string"}}],"inLanguage":"de"},{"@type":"Organization","@id":"https:\/\/activacostablanca.com\/#organization","name":"Activa Costa Blanca","url":"https:\/\/activacostablanca.com\/","logo":{"@type":"ImageObject","inLanguage":"de","@id":"https:\/\/activacostablanca.com\/#\/schema\/logo\/image\/","url":"https:\/\/activacostablanca.com\/wp-content\/uploads\/2019\/04\/weblogo.png","contentUrl":"https:\/\/activacostablanca.com\/wp-content\/uploads\/2019\/04\/weblogo.png","width":177,"height":46,"caption":"Activa Costa Blanca"},"image":{"@id":"https:\/\/activacostablanca.com\/#\/schema\/logo\/image\/"}},{"@type":"Person","@id":"https:\/\/activacostablanca.com\/#\/schema\/person\/d48fc026c61c0eb79e3b0ade7ab35e79","name":"Activa Costablanca","image":{"@type":"ImageObject","inLanguage":"de","@id":"https:\/\/activacostablanca.com\/#\/schema\/person\/image\/","url":"https:\/\/secure.gravatar.com\/avatar\/657de7470d8657c20722b4ee0e1d8f7106ae39ef32e2297fb70099296a80867a?s=96&d=mm&r=g","contentUrl":"https:\/\/secure.gravatar.com\/avatar\/657de7470d8657c20722b4ee0e1d8f7106ae39ef32e2297fb70099296a80867a?s=96&d=mm&r=g","caption":"Activa Costablanca"}}]}},"_links":{"self":[{"href":"https:\/\/activacostablanca.com\/de\/wp-json\/wp\/v2\/posts\/11721","targetHints":{"allow":["GET"]}}],"collection":[{"href":"https:\/\/activacostablanca.com\/de\/wp-json\/wp\/v2\/posts"}],"about":[{"href":"https:\/\/activacostablanca.com\/de\/wp-json\/wp\/v2\/types\/post"}],"author":[{"embeddable":true,"href":"https:\/\/activacostablanca.com\/de\/wp-json\/wp\/v2\/users\/2"}],"replies":[{"embeddable":true,"href":"https:\/\/activacostablanca.com\/de\/wp-json\/wp\/v2\/comments?post=11721"}],"version-history":[{"count":1,"href":"https:\/\/activacostablanca.com\/de\/wp-json\/wp\/v2\/posts\/11721\/revisions"}],"predecessor-version":[{"id":12163,"href":"https:\/\/activacostablanca.com\/de\/wp-json\/wp\/v2\/posts\/11721\/revisions\/12163"}],"wp:featuredmedia":[{"embeddable":true,"href":"https:\/\/activacostablanca.com\/de\/wp-json\/wp\/v2\/media\/10103"}],"wp:attachment":[{"href":"https:\/\/activacostablanca.com\/de\/wp-json\/wp\/v2\/media?parent=11721"}],"wp:term":[{"taxonomy":"category","embeddable":true,"href":"https:\/\/activacostablanca.com\/de\/wp-json\/wp\/v2\/categories?post=11721"},{"taxonomy":"post_tag","embeddable":true,"href":"https:\/\/activacostablanca.com\/de\/wp-json\/wp\/v2\/tags?post=11721"}],"curies":[{"name":"wp","href":"https:\/\/api.w.org\/{rel}","templated":true}]}}